{"id":1197,"date":"2022-09-05T09:34:52","date_gmt":"2022-09-05T07:34:52","guid":{"rendered":"https:\/\/www.unioviedo.es\/aunas\/?p=1197"},"modified":"2022-09-05T09:35:39","modified_gmt":"2022-09-05T07:35:39","slug":"ponencia-de-carolina-martinez-moreno-en-el-xxix-simposio-nacional-de-jueces-y-fiscales-en-colombia","status":"publish","type":"post","link":"https:\/\/www.unioviedo.es\/aunas\/ponencia-de-carolina-martinez-moreno-en-el-xxix-simposio-nacional-de-jueces-y-fiscales-en-colombia\/","title":{"rendered":"Ponencia de Carolina Mart\u00ednez Moreno en el XXIX Simposio Nacional de Jueces y Fiscales en Colombia"},"content":{"rendered":"\n<figure class=\"wp-block-gallery columns-2 is-cropped wp-block-gallery-1 is-layout-flex wp-block-gallery-is-layout-flex\"><ul class=\"blocks-gallery-grid\"><li class=\"blocks-gallery-item\"><figure><img decoding=\"async\" loading=\"lazy\" width=\"768\" height=\"1024\" src=\"https:\/\/www.unioviedo.es\/aunas\/wp-content\/uploads\/2022\/09\/3408798B-1FFC-48BC-9615-D664BD0EFC86.jpeg\" alt=\"\" data-id=\"1200\" class=\"wp-image-1200\" srcset=\"https:\/\/www.unioviedo.es\/aunas\/wp-content\/uploads\/2022\/09\/3408798B-1FFC-48BC-9615-D664BD0EFC86.jpeg 768w, https:\/\/www.unioviedo.es\/aunas\/wp-content\/uploads\/2022\/09\/3408798B-1FFC-48BC-9615-D664BD0EFC86-225x300.jpeg 225w\" sizes=\"(max-width: 767px) 89vw, (max-width: 1000px) 54vw, (max-width: 1071px) 543px, 580px\" \/><\/figure><\/li><li class=\"blocks-gallery-item\"><figure><img decoding=\"async\" loading=\"lazy\" width=\"1024\" height=\"768\" src=\"https:\/\/www.unioviedo.es\/aunas\/wp-content\/uploads\/2022\/09\/B6C7C811-EDCA-4C36-BDDB-E3EC5A0EBE08.jpeg\" alt=\"\" data-id=\"1201\" data-full-url=\"https:\/\/www.unioviedo.es\/aunas\/wp-content\/uploads\/2022\/09\/B6C7C811-EDCA-4C36-BDDB-E3EC5A0EBE08.jpeg\" data-link=\"https:\/\/www.unioviedo.es\/aunas\/?attachment_id=1201\" class=\"wp-image-1201\" srcset=\"https:\/\/www.unioviedo.es\/aunas\/wp-content\/uploads\/2022\/09\/B6C7C811-EDCA-4C36-BDDB-E3EC5A0EBE08.jpeg 1024w, https:\/\/www.unioviedo.es\/aunas\/wp-content\/uploads\/2022\/09\/B6C7C811-EDCA-4C36-BDDB-E3EC5A0EBE08-300x225.jpeg 300w, https:\/\/www.unioviedo.es\/aunas\/wp-content\/uploads\/2022\/09\/B6C7C811-EDCA-4C36-BDDB-E3EC5A0EBE08-768x576.jpeg 768w\" sizes=\"(max-width: 767px) 89vw, (max-width: 1000px) 54vw, (max-width: 1071px) 543px, 580px\" \/><\/figure><\/li><\/ul><\/figure>\n\n\n\n<p>La profesora Carolina Mart\u00ednez Moreno, miembro de nuestro equipo de investigaci\u00f3n, particip\u00f3 los pasados d\u00edas 24 a 26 de agosto de 2022 en el XXIX Simposio Nacional de Jueces y Fiscales, organizado  en Medell\u00edn, por el Colegio de Jueces y Fiscales de Antioqu\u00eda, con el t\u00edtulo \u201cRetos de la justicia frente a las TIC.<\/p>\n\n\n\n<p>La ponencia de Carolina Mart\u00ednez vers\u00f3 sobre \u201cLos desaf\u00edos del Derecho ante la revoluci\u00f3n tecnol\u00f3gica: Una visi\u00f3n desde el ordenamiento espa\u00f1ol\u201d e incluy\u00f3 una reflexi\u00f3n sobre el impacto de las TIC en el Derecho del Trabajo<\/p>\n\n\n\n<div class=\"wp-block-file\"><a href=\"https:\/\/www.unioviedo.es\/aunas\/wp-content\/uploads\/2022\/09\/programa-simposio-3020-1.pdf\">Puede descargar aqu\u00ed el programa del Simposio<\/a><a href=\"https:\/\/www.unioviedo.es\/aunas\/wp-content\/uploads\/2022\/09\/programa-simposio-3020-1.pdf\" class=\"wp-block-file__button\" download>Descarga<\/a><\/div>\n\n\n\n<div class=\"wp-block-file\"><a href=\"https:\/\/www.unioviedo.es\/aunas\/wp-content\/uploads\/2022\/09\/Comparto-LOS-DESAFIOS-DEL-DERECHO-ANTE-LA-REVOLUCION-TECNOLOGICA-con-usted.pptx\">Puede descargar aqu\u00ed la presentaci\u00f3n de la ponencia<\/a><a href=\"https:\/\/www.unioviedo.es\/aunas\/wp-content\/uploads\/2022\/09\/Comparto-LOS-DESAFIOS-DEL-DERECHO-ANTE-LA-REVOLUCION-TECNOLOGICA-con-usted.pptx\" class=\"wp-block-file__button\" download>Descarga<\/a><\/div>\n\n\n\n<p><\/p>\n","protected":false},"excerpt":{"rendered":"<p>La profesora Carolina Mart\u00ednez Moreno, miembro de nuestro equipo de investigaci\u00f3n, particip\u00f3 los pasados d\u00edas 24 a 26 de agosto de 2022 en el XXIX Simposio Nacional de Jueces y Fiscales, organizado en Medell\u00edn, por el Colegio de Jueces y Fiscales de Antioqu\u00eda, con el t\u00edtulo \u201cRetos de la justicia frente a las TIC. La &hellip; <\/p>\n<p class=\"link-more\"><a href=\"https:\/\/www.unioviedo.es\/aunas\/ponencia-de-carolina-martinez-moreno-en-el-xxix-simposio-nacional-de-jueces-y-fiscales-en-colombia\/\" class=\"more-link\">Continuar leyendo<span class=\"screen-reader-text\"> \u00abPonencia de Carolina Mart\u00ednez Moreno en el XXIX Simposio Nacional de Jueces y Fiscales en Colombia\u00bb<\/span><\/a><\/p>\n","protected":false},"author":1,"featured_media":0,"comment_status":"closed","ping_status":"closed","sticky":false,"template":"","format":"standard","meta":{"footnotes":""},"categories":[1],"tags":[],"_links":{"self":[{"href":"https:\/\/www.unioviedo.es\/aunas\/wp-json\/wp\/v2\/posts\/1197"}],"collection":[{"href":"https:\/\/www.unioviedo.es\/aunas\/wp-json\/wp\/v2\/posts"}],"about":[{"href":"https:\/\/www.unioviedo.es\/aunas\/wp-json\/wp\/v2\/types\/post"}],"author":[{"embeddable":true,"href":"https:\/\/www.unioviedo.es\/aunas\/wp-json\/wp\/v2\/users\/1"}],"replies":[{"embeddable":true,"href":"https:\/\/www.unioviedo.es\/aunas\/wp-json\/wp\/v2\/comments?post=1197"}],"version-history":[{"count":2,"href":"https:\/\/www.unioviedo.es\/aunas\/wp-json\/wp\/v2\/posts\/1197\/revisions"}],"predecessor-version":[{"id":1203,"href":"https:\/\/www.unioviedo.es\/aunas\/wp-json\/wp\/v2\/posts\/1197\/revisions\/1203"}],"wp:attachment":[{"href":"https:\/\/www.unioviedo.es\/aunas\/wp-json\/wp\/v2\/media?parent=1197"}],"wp:term":[{"taxonomy":"category","embeddable":true,"href":"https:\/\/www.unioviedo.es\/aunas\/wp-json\/wp\/v2\/categories?post=1197"},{"taxonomy":"post_tag","embeddable":true,"href":"https:\/\/www.unioviedo.es\/aunas\/wp-json\/wp\/v2\/tags?post=1197"}],"curies":[{"name":"wp","href":"https:\/\/api.w.org\/{rel}","templated":true}]}}