{"id":1227,"date":"2022-09-07T20:54:55","date_gmt":"2022-09-07T18:54:55","guid":{"rendered":"https:\/\/www.unioviedo.es\/aunas\/?p=1227"},"modified":"2022-09-07T20:55:56","modified_gmt":"2022-09-07T18:55:56","slug":"ya-en-marcha-las-jornadas-internacionales-sobre-representacion-del-personal-y-negociacion-colectiva-en-los-nuevos-escenarios-laborales","status":"publish","type":"post","link":"https:\/\/www.unioviedo.es\/aunas\/ya-en-marcha-las-jornadas-internacionales-sobre-representacion-del-personal-y-negociacion-colectiva-en-los-nuevos-escenarios-laborales\/","title":{"rendered":"Ya en marcha las Jornadas Internacionales sobre representaci\u00f3n del personal y negociaci\u00f3n colectiva en los nuevos escenarios laborales"},"content":{"rendered":"\n<figure class=\"wp-block-image size-large\"><img decoding=\"async\" loading=\"lazy\" width=\"1024\" height=\"763\" src=\"https:\/\/www.unioviedo.es\/aunas\/wp-content\/uploads\/2022\/09\/EB415ACB-3B34-4A83-891D-2AC4F3711547.jpeg\" alt=\"\" class=\"wp-image-1228\" srcset=\"https:\/\/www.unioviedo.es\/aunas\/wp-content\/uploads\/2022\/09\/EB415ACB-3B34-4A83-891D-2AC4F3711547.jpeg 1024w, https:\/\/www.unioviedo.es\/aunas\/wp-content\/uploads\/2022\/09\/EB415ACB-3B34-4A83-891D-2AC4F3711547-300x224.jpeg 300w, https:\/\/www.unioviedo.es\/aunas\/wp-content\/uploads\/2022\/09\/EB415ACB-3B34-4A83-891D-2AC4F3711547-768x572.jpeg 768w\" sizes=\"(max-width: 767px) 89vw, (max-width: 1000px) 54vw, (max-width: 1071px) 543px, 580px\" \/><\/figure>\n\n\n\n<p>Los pr\u00f3ximos d\u00edas 26 y 27 de septiembre tendr\u00e1n lugar estas jornadas, concebidas como cierre del Proyecto AUNAS. En ellas, adem\u00e1s de discutir los distintos aspectos de nuestro objeto de investigaci\u00f3n con destacadas figuras de la doctrina laboralista nacional e internacional, se presentar\u00e1n las conclusiones del proyecto y la obra colectiva que las re\u00fane.<\/p>\n\n\n\n<p>La modalidad de asistencia ser\u00e1 presencial y on line.<\/p>\n\n\n\n<p>Para  mas informaci\u00f3n e inscripciones pulse <a href=\"https:\/\/www.unioviedo.es\/aunas\/jornadas-internacionales-sobre-representacion-del-personal-y-estrategias-sindicales-en-los-nuevos-escenarios-laborales\/\" data-type=\"page\" data-id=\"1162\">aqui<\/a><\/p>\n\n\n\n<div class=\"wp-block-file\"><a href=\"https:\/\/www.unioviedo.es\/aunas\/wp-content\/uploads\/2022\/09\/jornadas-internacionales-sobre.pdf\">Consulte aqu\u00ed el d\u00edptico con el programa<\/a><a href=\"https:\/\/www.unioviedo.es\/aunas\/wp-content\/uploads\/2022\/09\/jornadas-internacionales-sobre.pdf\" class=\"wp-block-file__button\" download>Descarga<\/a><\/div>\n\n\n\n<p><\/p>\n","protected":false},"excerpt":{"rendered":"<p>Los pr\u00f3ximos d\u00edas 26 y 27 de septiembre tendr\u00e1n lugar estas jornadas, concebidas como cierre del Proyecto AUNAS. En ellas, adem\u00e1s de discutir los distintos aspectos de nuestro objeto de investigaci\u00f3n con destacadas figuras de la doctrina laboralista nacional e internacional, se presentar\u00e1n las conclusiones del proyecto y la obra colectiva que las re\u00fane. La &hellip; <\/p>\n<p class=\"link-more\"><a href=\"https:\/\/www.unioviedo.es\/aunas\/ya-en-marcha-las-jornadas-internacionales-sobre-representacion-del-personal-y-negociacion-colectiva-en-los-nuevos-escenarios-laborales\/\" class=\"more-link\">Continuar leyendo<span class=\"screen-reader-text\"> \u00abYa en marcha las Jornadas Internacionales sobre representaci\u00f3n del personal y negociaci\u00f3n colectiva en los nuevos escenarios laborales\u00bb<\/span><\/a><\/p>\n","protected":false},"author":1,"featured_media":0,"comment_status":"closed","ping_status":"closed","sticky":false,"template":"","format":"standard","meta":{"footnotes":""},"categories":[1],"tags":[],"_links":{"self":[{"href":"https:\/\/www.unioviedo.es\/aunas\/wp-json\/wp\/v2\/posts\/1227"}],"collection":[{"href":"https:\/\/www.unioviedo.es\/aunas\/wp-json\/wp\/v2\/posts"}],"about":[{"href":"https:\/\/www.unioviedo.es\/aunas\/wp-json\/wp\/v2\/types\/post"}],"author":[{"embeddable":true,"href":"https:\/\/www.unioviedo.es\/aunas\/wp-json\/wp\/v2\/users\/1"}],"replies":[{"embeddable":true,"href":"https:\/\/www.unioviedo.es\/aunas\/wp-json\/wp\/v2\/comments?post=1227"}],"version-history":[{"count":2,"href":"https:\/\/www.unioviedo.es\/aunas\/wp-json\/wp\/v2\/posts\/1227\/revisions"}],"predecessor-version":[{"id":1230,"href":"https:\/\/www.unioviedo.es\/aunas\/wp-json\/wp\/v2\/posts\/1227\/revisions\/1230"}],"wp:attachment":[{"href":"https:\/\/www.unioviedo.es\/aunas\/wp-json\/wp\/v2\/media?parent=1227"}],"wp:term":[{"taxonomy":"category","embeddable":true,"href":"https:\/\/www.unioviedo.es\/aunas\/wp-json\/wp\/v2\/categories?post=1227"},{"taxonomy":"post_tag","embeddable":true,"href":"https:\/\/www.unioviedo.es\/aunas\/wp-json\/wp\/v2\/tags?post=1227"}],"curies":[{"name":"wp","href":"https:\/\/api.w.org\/{rel}","templated":true}]}}