{"id":1251,"date":"2022-09-29T10:56:56","date_gmt":"2022-09-29T08:56:56","guid":{"rendered":"https:\/\/www.unioviedo.es\/aunas\/?p=1251"},"modified":"2022-09-29T16:56:30","modified_gmt":"2022-09-29T14:56:30","slug":"ya-disponible-la-obra-colectiva-accion-sinddical-y-relacioes-colectivas-en-los-nuevos-escenarios-laborales","status":"publish","type":"post","link":"https:\/\/www.unioviedo.es\/aunas\/ya-disponible-la-obra-colectiva-accion-sinddical-y-relacioes-colectivas-en-los-nuevos-escenarios-laborales\/","title":{"rendered":"Ya disponible la obra colectiva \u00abAcci\u00f3n sindical y relaciones colectivas en los nuevos escenarios laborales\u00bb"},"content":{"rendered":"\n<figure class=\"wp-block-image size-large is-resized\"><img decoding=\"async\" loading=\"lazy\" src=\"https:\/\/www.unioviedo.es\/aunas\/wp-content\/uploads\/2022\/09\/libro-final-AUNAS-1024x768.jpg\" alt=\"\" class=\"wp-image-1252\" width=\"407\" height=\"305\" srcset=\"https:\/\/www.unioviedo.es\/aunas\/wp-content\/uploads\/2022\/09\/libro-final-AUNAS-1024x768.jpg 1024w, https:\/\/www.unioviedo.es\/aunas\/wp-content\/uploads\/2022\/09\/libro-final-AUNAS-300x225.jpg 300w, https:\/\/www.unioviedo.es\/aunas\/wp-content\/uploads\/2022\/09\/libro-final-AUNAS-768x576.jpg 768w, https:\/\/www.unioviedo.es\/aunas\/wp-content\/uploads\/2022\/09\/libro-final-AUNAS-1536x1152.jpg 1536w, https:\/\/www.unioviedo.es\/aunas\/wp-content\/uploads\/2022\/09\/libro-final-AUNAS.jpg 2048w\" sizes=\"(max-width: 407px) 100vw, 407px\" \/><\/figure>\n\n\n\n<p>Acaba de salir de imprenta esta obra colectiva, dirigida por nuestros IPs, Luis Antonio Fern\u00e1ndez Villaz\u00f3n y Ana Rosa Arg\u00fcelles Blanco, y en la que participan todos los integrantes del Proyecto AUNAS. Con ella ponemos colof\u00f3n a las actividades de disfusi\u00f3n de resultados del Proyecto.<\/p>\n\n\n\n<p>Pulse <a href=\"https:\/\/www.unioviedo.es\/aunas\/docencia\/\" data-type=\"page\" data-id=\"51\">aqu\u00ed <\/a>para m\u00e1s informaci\u00f3n<\/p>\n","protected":false},"excerpt":{"rendered":"<p>Acaba de salir de imprenta esta obra colectiva, dirigida por nuestros IPs, Luis Antonio Fern\u00e1ndez Villaz\u00f3n y Ana Rosa Arg\u00fcelles Blanco, y en la que participan todos los integrantes del Proyecto AUNAS. Con ella ponemos colof\u00f3n a las actividades de disfusi\u00f3n de resultados del Proyecto. Pulse aqu\u00ed para m\u00e1s informaci\u00f3n<\/p>\n","protected":false},"author":1,"featured_media":0,"comment_status":"closed","ping_status":"closed","sticky":false,"template":"","format":"standard","meta":{"footnotes":""},"categories":[1],"tags":[],"_links":{"self":[{"href":"https:\/\/www.unioviedo.es\/aunas\/wp-json\/wp\/v2\/posts\/1251"}],"collection":[{"href":"https:\/\/www.unioviedo.es\/aunas\/wp-json\/wp\/v2\/posts"}],"about":[{"href":"https:\/\/www.unioviedo.es\/aunas\/wp-json\/wp\/v2\/types\/post"}],"author":[{"embeddable":true,"href":"https:\/\/www.unioviedo.es\/aunas\/wp-json\/wp\/v2\/users\/1"}],"replies":[{"embeddable":true,"href":"https:\/\/www.unioviedo.es\/aunas\/wp-json\/wp\/v2\/comments?post=1251"}],"version-history":[{"count":5,"href":"https:\/\/www.unioviedo.es\/aunas\/wp-json\/wp\/v2\/posts\/1251\/revisions"}],"predecessor-version":[{"id":1280,"href":"https:\/\/www.unioviedo.es\/aunas\/wp-json\/wp\/v2\/posts\/1251\/revisions\/1280"}],"wp:attachment":[{"href":"https:\/\/www.unioviedo.es\/aunas\/wp-json\/wp\/v2\/media?parent=1251"}],"wp:term":[{"taxonomy":"category","embeddable":true,"href":"https:\/\/www.unioviedo.es\/aunas\/wp-json\/wp\/v2\/categories?post=1251"},{"taxonomy":"post_tag","embeddable":true,"href":"https:\/\/www.unioviedo.es\/aunas\/wp-json\/wp\/v2\/tags?post=1251"}],"curies":[{"name":"wp","href":"https:\/\/api.w.org\/{rel}","templated":true}]}}