{"id":1320,"date":"2022-12-29T12:31:05","date_gmt":"2022-12-29T11:31:05","guid":{"rendered":"https:\/\/www.unioviedo.es\/aunas\/?p=1320"},"modified":"2022-12-29T12:32:11","modified_gmt":"2022-12-29T11:32:11","slug":"recesion-a-la-obra-colectiva-accion-sindical-y-relaciones-colectivas-era-los-nuevos-escenarios-laborales-en-la-revista-galega-de-dereito-social","status":"publish","type":"post","link":"https:\/\/www.unioviedo.es\/aunas\/recesion-a-la-obra-colectiva-accion-sindical-y-relaciones-colectivas-era-los-nuevos-escenarios-laborales-en-la-revista-galega-de-dereito-social\/","title":{"rendered":"Recesi\u00f3n a la obra \u00abAcci\u00f3n sindical y relaciones colectivas en los nuevos escenarios laborales\u00bb en la Revista Galega de Dereito Social"},"content":{"rendered":"\n<figure class=\"wp-block-image size-full\"><img decoding=\"async\" loading=\"lazy\" width=\"295\" height=\"360\" src=\"https:\/\/www.unioviedo.es\/aunas\/wp-content\/uploads\/2022\/12\/homeHeaderTitleImage_es_ES.png\" alt=\"\" class=\"wp-image-1321\" srcset=\"https:\/\/www.unioviedo.es\/aunas\/wp-content\/uploads\/2022\/12\/homeHeaderTitleImage_es_ES.png 295w, https:\/\/www.unioviedo.es\/aunas\/wp-content\/uploads\/2022\/12\/homeHeaderTitleImage_es_ES-246x300.png 246w\" sizes=\"(max-width: 295px) 100vw, 295px\" \/><\/figure>\n\n\n\n<p>El profesor Juan Jos\u00e9 Fern\u00e1ndez Dom\u00ednguez, Catedr\u00e1tico de la Universidad de Le\u00f3n, Ha sido el autor de esta recesi\u00f3n a nuestra obra colectiva final. Desde aqu\u00ed queremos agradecerle a \u00e9l y a los directores de la Revista Galega de Dereito Social la buena acogida que han dispensado a nuestro trabajo.<\/p>\n\n\n\n<p>Consulte <a href=\"http:\/\/www.revistagalegadedereitosocial.gal\/index.php\/RGDS\/article\/view\/157\">aqu\u00ed<\/a> el texto de la recensi\u00f3n.<\/p>\n","protected":false},"excerpt":{"rendered":"<p>El profesor Juan Jos\u00e9 Fern\u00e1ndez Dom\u00ednguez, Catedr\u00e1tico de la Universidad de Le\u00f3n, Ha sido el autor de esta recesi\u00f3n a nuestra obra colectiva final. Desde aqu\u00ed queremos agradecerle a \u00e9l y a los directores de la Revista Galega de Dereito Social la buena acogida que han dispensado a nuestro trabajo. Consulte aqu\u00ed el texto de &hellip; <\/p>\n<p class=\"link-more\"><a href=\"https:\/\/www.unioviedo.es\/aunas\/recesion-a-la-obra-colectiva-accion-sindical-y-relaciones-colectivas-era-los-nuevos-escenarios-laborales-en-la-revista-galega-de-dereito-social\/\" class=\"more-link\">Continuar leyendo<span class=\"screen-reader-text\"> \u00abRecesi\u00f3n a la obra \u00abAcci\u00f3n sindical y relaciones colectivas en los nuevos escenarios laborales\u00bb en la Revista Galega de Dereito Social\u00bb<\/span><\/a><\/p>\n","protected":false},"author":1,"featured_media":0,"comment_status":"closed","ping_status":"closed","sticky":false,"template":"","format":"standard","meta":{"footnotes":""},"categories":[1],"tags":[],"_links":{"self":[{"href":"https:\/\/www.unioviedo.es\/aunas\/wp-json\/wp\/v2\/posts\/1320"}],"collection":[{"href":"https:\/\/www.unioviedo.es\/aunas\/wp-json\/wp\/v2\/posts"}],"about":[{"href":"https:\/\/www.unioviedo.es\/aunas\/wp-json\/wp\/v2\/types\/post"}],"author":[{"embeddable":true,"href":"https:\/\/www.unioviedo.es\/aunas\/wp-json\/wp\/v2\/users\/1"}],"replies":[{"embeddable":true,"href":"https:\/\/www.unioviedo.es\/aunas\/wp-json\/wp\/v2\/comments?post=1320"}],"version-history":[{"count":2,"href":"https:\/\/www.unioviedo.es\/aunas\/wp-json\/wp\/v2\/posts\/1320\/revisions"}],"predecessor-version":[{"id":1323,"href":"https:\/\/www.unioviedo.es\/aunas\/wp-json\/wp\/v2\/posts\/1320\/revisions\/1323"}],"wp:attachment":[{"href":"https:\/\/www.unioviedo.es\/aunas\/wp-json\/wp\/v2\/media?parent=1320"}],"wp:term":[{"taxonomy":"category","embeddable":true,"href":"https:\/\/www.unioviedo.es\/aunas\/wp-json\/wp\/v2\/categories?post=1320"},{"taxonomy":"post_tag","embeddable":true,"href":"https:\/\/www.unioviedo.es\/aunas\/wp-json\/wp\/v2\/tags?post=1320"}],"curies":[{"name":"wp","href":"https:\/\/api.w.org\/{rel}","templated":true}]}}