{"id":140,"date":"2019-07-05T10:45:06","date_gmt":"2019-07-05T08:45:06","guid":{"rendered":"https:\/\/www.unioviedo.es\/aunas\/?p=140"},"modified":"2019-09-06T11:56:34","modified_gmt":"2019-09-06T09:56:34","slug":"curso-de-verano-cuestiones-actuales-del-derecho-del-trabajo-en-el-nuevo-marco-de-relaciones-laborales-4-0","status":"publish","type":"post","link":"https:\/\/www.unioviedo.es\/aunas\/curso-de-verano-cuestiones-actuales-del-derecho-del-trabajo-en-el-nuevo-marco-de-relaciones-laborales-4-0\/","title":{"rendered":"Curso de Verano sobre Cuestiones actuales del Derecho del Trabajo en el nuevo marco de relaciones laborales 4.0"},"content":{"rendered":"\n<figure class=\"wp-block-image\"><img decoding=\"async\" loading=\"lazy\" width=\"483\" height=\"1024\" src=\"https:\/\/www.unioviedo.es\/aunas\/wp-content\/uploads\/2019\/07\/Captura-de-pantalla-2019-07-05-a-las-10.47.57-483x1024.png\" alt=\"\" class=\"wp-image-143\" srcset=\"https:\/\/www.unioviedo.es\/aunas\/wp-content\/uploads\/2019\/07\/Captura-de-pantalla-2019-07-05-a-las-10.47.57-483x1024.png 483w, https:\/\/www.unioviedo.es\/aunas\/wp-content\/uploads\/2019\/07\/Captura-de-pantalla-2019-07-05-a-las-10.47.57-141x300.png 141w, https:\/\/www.unioviedo.es\/aunas\/wp-content\/uploads\/2019\/07\/Captura-de-pantalla-2019-07-05-a-las-10.47.57.png 560w\" sizes=\"(max-width: 483px) 100vw, 483px\" \/><\/figure>\n\n\n\n<p>La Doctora Remedios Men\u00e9ndez Calvo dirige, en el marco de nuestra proyecto, este curso de verano de la Universidad de Alcal\u00e1 que tendr\u00e1 lugar en Gangas de Narcea (Asturias) los d\u00edas 10 a 12 de julio de 2019. En \u00e9l participar\u00e1n varios de los integrantes del equipo de investigaci\u00f3n.<\/p>\n\n\n\n<p>M\u00e1s informaci\u00f3n en el siguiente <a href=\"http:\/\/www3.uah.es\/cultura\/index.php\/actividades-culturales\/cursos-de-verano\/details\/596-cursos-de-verano-otras-sedes\">enlace<\/a><\/p>\n","protected":false},"excerpt":{"rendered":"<p>La Doctora Remedios Men\u00e9ndez Calvo dirige, en el marco de nuestra proyecto, este curso de verano de la Universidad de Alcal\u00e1 que tendr\u00e1 lugar en Gangas de Narcea (Asturias) los d\u00edas 10 a 12 de julio de 2019. En \u00e9l participar\u00e1n varios de los integrantes del equipo de investigaci\u00f3n. M\u00e1s informaci\u00f3n en el siguiente enlace<\/p>\n","protected":false},"author":1,"featured_media":0,"comment_status":"closed","ping_status":"closed","sticky":false,"template":"","format":"standard","meta":{"footnotes":""},"categories":[1],"tags":[],"_links":{"self":[{"href":"https:\/\/www.unioviedo.es\/aunas\/wp-json\/wp\/v2\/posts\/140"}],"collection":[{"href":"https:\/\/www.unioviedo.es\/aunas\/wp-json\/wp\/v2\/posts"}],"about":[{"href":"https:\/\/www.unioviedo.es\/aunas\/wp-json\/wp\/v2\/types\/post"}],"author":[{"embeddable":true,"href":"https:\/\/www.unioviedo.es\/aunas\/wp-json\/wp\/v2\/users\/1"}],"replies":[{"embeddable":true,"href":"https:\/\/www.unioviedo.es\/aunas\/wp-json\/wp\/v2\/comments?post=140"}],"version-history":[{"count":4,"href":"https:\/\/www.unioviedo.es\/aunas\/wp-json\/wp\/v2\/posts\/140\/revisions"}],"predecessor-version":[{"id":146,"href":"https:\/\/www.unioviedo.es\/aunas\/wp-json\/wp\/v2\/posts\/140\/revisions\/146"}],"wp:attachment":[{"href":"https:\/\/www.unioviedo.es\/aunas\/wp-json\/wp\/v2\/media?parent=140"}],"wp:term":[{"taxonomy":"category","embeddable":true,"href":"https:\/\/www.unioviedo.es\/aunas\/wp-json\/wp\/v2\/categories?post=140"},{"taxonomy":"post_tag","embeddable":true,"href":"https:\/\/www.unioviedo.es\/aunas\/wp-json\/wp\/v2\/tags?post=140"}],"curies":[{"name":"wp","href":"https:\/\/api.w.org\/{rel}","templated":true}]}}