{"id":182,"date":"2019-07-15T19:09:44","date_gmt":"2019-07-15T17:09:44","guid":{"rendered":"https:\/\/www.unioviedo.es\/aunas\/?p=182"},"modified":"2019-09-06T11:56:34","modified_gmt":"2019-09-06T09:56:34","slug":"ponencia-de-la-dra-arguelles-blanco-sobre-los-convenios-fundamentales-de-la-oit","status":"publish","type":"post","link":"https:\/\/www.unioviedo.es\/aunas\/ponencia-de-la-dra-arguelles-blanco-sobre-los-convenios-fundamentales-de-la-oit\/","title":{"rendered":"Ponencia de la Dra. Arg\u00fcelles Blanco sobre los convenios fundamentales de la OIT"},"content":{"rendered":"\n<figure class=\"wp-block-image is-resized\"><img decoding=\"async\" loading=\"lazy\" src=\"https:\/\/www.unioviedo.es\/aunas\/wp-content\/uploads\/2019\/07\/IMG_8083-1024x768.jpg\" alt=\"\" class=\"wp-image-183\" width=\"512\" height=\"384\" srcset=\"https:\/\/www.unioviedo.es\/aunas\/wp-content\/uploads\/2019\/07\/IMG_8083-1024x768.jpg 1024w, https:\/\/www.unioviedo.es\/aunas\/wp-content\/uploads\/2019\/07\/IMG_8083-300x225.jpg 300w, https:\/\/www.unioviedo.es\/aunas\/wp-content\/uploads\/2019\/07\/IMG_8083-768x576.jpg 768w\" sizes=\"(max-width: 512px) 100vw, 512px\" \/><\/figure>\n\n\n\n<p>La profesora Ana Rosa Arg\u00fcelles Blanco particip\u00f3 los pasados 28 y 29 de marzo de 2019 en el IV Seminario Ib\u00e9rico de Derecho del Trabajo, organizado por las asociaciones espa\u00f1ola y portuguesa de Derecho del Trabajo,  que tuvo lugar en la Universidad de Oviedo. Su ponencia se vers\u00f3 sobre los convenios fundamentales de la OIT con atenci\u00f3n especial a los convenios en materia de libertad sindical<\/p>\n\n\n\n<p>Ver noticia en la web de la <a href=\"https:\/\/www.aedtss.com\/celebrado-el-iv-encuentro-iberico-aedtss-apodit\/\">AEDTSS<\/a><\/p>\n","protected":false},"excerpt":{"rendered":"<p>La profesora Ana Rosa Arg\u00fcelles Blanco particip\u00f3 los pasados 28 y 29 de marzo de 2019 en el IV Seminario Ib\u00e9rico de Derecho del Trabajo, organizado por las asociaciones espa\u00f1ola y portuguesa de Derecho del Trabajo, que tuvo lugar en la Universidad de Oviedo. Su ponencia se vers\u00f3 sobre los convenios fundamentales de la OIT &hellip; <\/p>\n<p class=\"link-more\"><a href=\"https:\/\/www.unioviedo.es\/aunas\/ponencia-de-la-dra-arguelles-blanco-sobre-los-convenios-fundamentales-de-la-oit\/\" class=\"more-link\">Continuar leyendo<span class=\"screen-reader-text\"> \u00abPonencia de la Dra. Arg\u00fcelles Blanco sobre los convenios fundamentales de la OIT\u00bb<\/span><\/a><\/p>\n","protected":false},"author":1,"featured_media":0,"comment_status":"closed","ping_status":"closed","sticky":false,"template":"","format":"standard","meta":{"footnotes":""},"categories":[1],"tags":[],"_links":{"self":[{"href":"https:\/\/www.unioviedo.es\/aunas\/wp-json\/wp\/v2\/posts\/182"}],"collection":[{"href":"https:\/\/www.unioviedo.es\/aunas\/wp-json\/wp\/v2\/posts"}],"about":[{"href":"https:\/\/www.unioviedo.es\/aunas\/wp-json\/wp\/v2\/types\/post"}],"author":[{"embeddable":true,"href":"https:\/\/www.unioviedo.es\/aunas\/wp-json\/wp\/v2\/users\/1"}],"replies":[{"embeddable":true,"href":"https:\/\/www.unioviedo.es\/aunas\/wp-json\/wp\/v2\/comments?post=182"}],"version-history":[{"count":4,"href":"https:\/\/www.unioviedo.es\/aunas\/wp-json\/wp\/v2\/posts\/182\/revisions"}],"predecessor-version":[{"id":189,"href":"https:\/\/www.unioviedo.es\/aunas\/wp-json\/wp\/v2\/posts\/182\/revisions\/189"}],"wp:attachment":[{"href":"https:\/\/www.unioviedo.es\/aunas\/wp-json\/wp\/v2\/media?parent=182"}],"wp:term":[{"taxonomy":"category","embeddable":true,"href":"https:\/\/www.unioviedo.es\/aunas\/wp-json\/wp\/v2\/categories?post=182"},{"taxonomy":"post_tag","embeddable":true,"href":"https:\/\/www.unioviedo.es\/aunas\/wp-json\/wp\/v2\/tags?post=182"}],"curies":[{"name":"wp","href":"https:\/\/api.w.org\/{rel}","templated":true}]}}