{"id":1348,"date":"2020-03-09T11:11:36","date_gmt":"2020-03-09T10:11:36","guid":{"rendered":"https:\/\/www.unioviedo.es\/catedraIPA\/?p=1348"},"modified":"2020-03-16T10:34:59","modified_gmt":"2020-03-16T09:34:59","slug":"acto-promocional-de-la-asociacion-de-queseros-artesanos-de-asturias","status":"publish","type":"post","link":"https:\/\/www.unioviedo.es\/catedraIPA\/acto-promocional-de-la-asociacion-de-queseros-artesanos-de-asturias\/","title":{"rendered":"Acto promocional de la Asociaci\u00f3n de Queseros Artesanos de Asturias"},"content":{"rendered":"<p>El pasado d\u00eda 4 de marzo tuvo lugar en Grado la presentaci\u00f3n de una nueva l\u00ednea promocional de la Asociaci\u00f3n de Queseros Artesanos del Principado de Asturias.<\/p>\n<h5 style=\"text-align: center;\"><em>\u201cNuestros Queseros: Oficio y tradici\u00f3n\u201d<\/em><\/h5>\n<p>Un acto cargado de emotividad, partiendo de un producto fundamental en la cultura gastron\u00f3mica asturiana, haciendo honor a quienes lo realizan, los queseros artesanos de Asturias.<\/p>\n<p>Se present\u00f3 la nueva oferta audiovisual de la Asociaci\u00f3n de Queseros Artesanos, que consta de un v\u00eddeo de presentaci\u00f3n de la Asociaci\u00f3n, ensalzando a los queseros que forman parte de la misma, y m\u00e1s de 30 v\u00eddeos cortos de queser\u00edas artesanas de Asturias.<\/p>\n<p><iframe loading=\"lazy\" width=\"1140\" height=\"641\" src=\"https:\/\/www.youtube.com\/embed\/G1vIg3VCAFE?feature=oembed\" frameborder=\"0\" allow=\"accelerometer; autoplay; encrypted-media; gyroscope; picture-in-picture\" allowfullscreen><\/iframe><\/p>\n<p>Sonia Avellaneda fue la maestra de ceremonia de la presentaci\u00f3n, quien inici\u00f3 el evento para posteriormente dar la palabra a Javier Nievas, responsable de Medio Rural en Caja Rural de Asturias, Elsa Su\u00e1rez, 1\u00aa Teniente Alcalde del Ayuntamiento de Grado y finalmente a Isaura Souza, Presidenta de la Asociaci\u00f3n de Queseros.<\/p>\n<p><img decoding=\"async\" loading=\"lazy\" class=\"wp-image-1352  aligncenter\" src=\"https:\/\/www.unioviedo.es\/catedraIPA\/wp-content\/uploads\/2020\/03\/DSC_1052-e1583752073436.jpg\" alt=\"\" width=\"456\" height=\"608\" srcset=\"https:\/\/www.unioviedo.es\/catedraIPA\/wp-content\/uploads\/2020\/03\/DSC_1052-e1583752073436.jpg 3792w, https:\/\/www.unioviedo.es\/catedraIPA\/wp-content\/uploads\/2020\/03\/DSC_1052-e1583752073436-225x300.jpg 225w, https:\/\/www.unioviedo.es\/catedraIPA\/wp-content\/uploads\/2020\/03\/DSC_1052-e1583752073436-768x1024.jpg 768w, https:\/\/www.unioviedo.es\/catedraIPA\/wp-content\/uploads\/2020\/03\/DSC_1052-e1583752073436-570x760.jpg 570w\" sizes=\"(max-width: 456px) 100vw, 456px\" \/> <img decoding=\"async\" loading=\"lazy\" class=\" wp-image-1353 aligncenter\" src=\"https:\/\/www.unioviedo.es\/catedraIPA\/wp-content\/uploads\/2020\/03\/foto-1.jpg\" alt=\"\" width=\"457\" height=\"334\" srcset=\"https:\/\/www.unioviedo.es\/catedraIPA\/wp-content\/uploads\/2020\/03\/foto-1.jpg 4569w, https:\/\/www.unioviedo.es\/catedraIPA\/wp-content\/uploads\/2020\/03\/foto-1-300x219.jpg 300w, https:\/\/www.unioviedo.es\/catedraIPA\/wp-content\/uploads\/2020\/03\/foto-1-768x561.jpg 768w, https:\/\/www.unioviedo.es\/catedraIPA\/wp-content\/uploads\/2020\/03\/foto-1-1024x748.jpg 1024w, https:\/\/www.unioviedo.es\/catedraIPA\/wp-content\/uploads\/2020\/03\/foto-1-570x416.jpg 570w\" sizes=\"(max-width: 457px) 100vw, 457px\" \/> <img decoding=\"async\" loading=\"lazy\" class=\"wp-image-1354 aligncenter\" src=\"https:\/\/www.unioviedo.es\/catedraIPA\/wp-content\/uploads\/2020\/03\/foto-2.jpg\" alt=\"\" width=\"458\" height=\"330\" srcset=\"https:\/\/www.unioviedo.es\/catedraIPA\/wp-content\/uploads\/2020\/03\/foto-2.jpg 4626w, https:\/\/www.unioviedo.es\/catedraIPA\/wp-content\/uploads\/2020\/03\/foto-2-300x216.jpg 300w, https:\/\/www.unioviedo.es\/catedraIPA\/wp-content\/uploads\/2020\/03\/foto-2-768x553.jpg 768w, https:\/\/www.unioviedo.es\/catedraIPA\/wp-content\/uploads\/2020\/03\/foto-2-1024x738.jpg 1024w, https:\/\/www.unioviedo.es\/catedraIPA\/wp-content\/uploads\/2020\/03\/foto-2-570x411.jpg 570w\" sizes=\"(max-width: 458px) 100vw, 458px\" \/> <img decoding=\"async\" loading=\"lazy\" class=\"wp-image-1356 aligncenter\" src=\"https:\/\/www.unioviedo.es\/catedraIPA\/wp-content\/uploads\/2020\/03\/foto-3.jpg\" alt=\"\" width=\"458\" height=\"435\" srcset=\"https:\/\/www.unioviedo.es\/catedraIPA\/wp-content\/uploads\/2020\/03\/foto-3.jpg 3770w, https:\/\/www.unioviedo.es\/catedraIPA\/wp-content\/uploads\/2020\/03\/foto-3-300x285.jpg 300w, https:\/\/www.unioviedo.es\/catedraIPA\/wp-content\/uploads\/2020\/03\/foto-3-768x729.jpg 768w, https:\/\/www.unioviedo.es\/catedraIPA\/wp-content\/uploads\/2020\/03\/foto-3-1024x972.jpg 1024w, https:\/\/www.unioviedo.es\/catedraIPA\/wp-content\/uploads\/2020\/03\/foto-3-570x541.jpg 570w\" sizes=\"(max-width: 458px) 100vw, 458px\" \/><\/p>\n","protected":false},"excerpt":{"rendered":"<p>El pasado d\u00eda 4 de marzo tuvo lugar en Grado la presentaci\u00f3n de una nueva l\u00ednea promocional de la Asociaci\u00f3n de Queseros Artesanos del Principado de Asturias. \u201cNuestros Queseros: Oficio y tradici\u00f3n\u201d Un acto cargado de emotividad, partiendo de un producto fundamental en la cultura gastron\u00f3mica asturiana, haciendo honor a quienes lo realizan, los queseros [&hellip;]<\/p>\n","protected":false},"author":1,"featured_media":1353,"comment_status":"open","ping_status":"open","sticky":false,"template":"","format":"standard","meta":[],"categories":[13,12],"tags":[],"_links":{"self":[{"href":"https:\/\/www.unioviedo.es\/catedraIPA\/wp-json\/wp\/v2\/posts\/1348"}],"collection":[{"href":"https:\/\/www.unioviedo.es\/catedraIPA\/wp-json\/wp\/v2\/posts"}],"about":[{"href":"https:\/\/www.unioviedo.es\/catedraIPA\/wp-json\/wp\/v2\/types\/post"}],"author":[{"embeddable":true,"href":"https:\/\/www.unioviedo.es\/catedraIPA\/wp-json\/wp\/v2\/users\/1"}],"replies":[{"embeddable":true,"href":"https:\/\/www.unioviedo.es\/catedraIPA\/wp-json\/wp\/v2\/comments?post=1348"}],"version-history":[{"count":6,"href":"https:\/\/www.unioviedo.es\/catedraIPA\/wp-json\/wp\/v2\/posts\/1348\/revisions"}],"predecessor-version":[{"id":1409,"href":"https:\/\/www.unioviedo.es\/catedraIPA\/wp-json\/wp\/v2\/posts\/1348\/revisions\/1409"}],"wp:featuredmedia":[{"embeddable":true,"href":"https:\/\/www.unioviedo.es\/catedraIPA\/wp-json\/wp\/v2\/media\/1353"}],"wp:attachment":[{"href":"https:\/\/www.unioviedo.es\/catedraIPA\/wp-json\/wp\/v2\/media?parent=1348"}],"wp:term":[{"taxonomy":"category","embeddable":true,"href":"https:\/\/www.unioviedo.es\/catedraIPA\/wp-json\/wp\/v2\/categories?post=1348"},{"taxonomy":"post_tag","embeddable":true,"href":"https:\/\/www.unioviedo.es\/catedraIPA\/wp-json\/wp\/v2\/tags?post=1348"}],"curies":[{"name":"wp","href":"https:\/\/api.w.org\/{rel}","templated":true}]}}