{"id":2564,"date":"2025-05-14T11:24:22","date_gmt":"2025-05-14T09:24:22","guid":{"rendered":"https:\/\/www.unioviedo.es\/catedraIPA\/?p=2564"},"modified":"2025-06-04T11:42:49","modified_gmt":"2025-06-04T09:42:49","slug":"v-edicion-de-los-seminarios-martes-a-las-13-ingenieria-de-bioprocesos","status":"publish","type":"post","link":"https:\/\/www.unioviedo.es\/catedraIPA\/v-edicion-de-los-seminarios-martes-a-las-13-ingenieria-de-bioprocesos\/","title":{"rendered":"V Edici\u00f3n de los Seminarios \u00abMartes a las 13\u00bb &#8211; Ingenier\u00eda de Bioprocesos"},"content":{"rendered":"\n<p>La C\u00e1tedra IPA en colaboraci\u00f3n con el grupo de investigaci\u00f3n <a href=\"https:\/\/www.unioviedo.es\/TBR\/\" data-type=\"URL\" data-id=\"https:\/\/www.unioviedo.es\/TBR\/\"><strong><em>Tecnolog\u00eda de Bioprocesos y Reactores (TBR)<\/em><\/strong><\/a> de la Universidad de Oviedo, celebrar\u00e1 el cierre de la quinta edici\u00f3n del ciclo de seminarios <em>\u201cMartes a las 13\u201d<\/em>. Esta iniciativa tiene como objetivo facilitar la transferencia de conocimientos e innovaciones en el basto y multidisciplinario campo de la Ingenier\u00eda de Bioprocesos, mediante la participaci\u00f3n de expertos internacionales.<\/p>\n\n\n\n<p>Por tercer a\u00f1o consecutivo, el ciclo ha contado con la intervenci\u00f3n de seis investigadoras e investigadores de referencia en el \u00e1mbito iberoamericano, procedentes de M\u00e9xico, Colombia, Brasil, Argentina, Chile y Ecuador. Cada uno de ellos ha compartido los avances que desarrollan en sus respectivos centros de investigaci\u00f3n, consolidando este espacio como un punto de encuentro t\u00e9cnico y cient\u00edfico.<\/p>\n\n\n\n<p>Los nombres de las y los ponentes, as\u00ed como los t\u00edtulos de sus presentaciones, pueden consultarse en el <em>\u00abP\u00f3ster oficial actualizado\u00bb<\/em>.<\/p>\n\n\n\n<p>Como en ediciones anteriores, los v\u00eddeos de todas las sesiones est\u00e1n disponibles en el siguiente enlace: [<a rel=\"noreferrer noopener\" href=\"https:\/\/youtube.com\/playlist?list=PL1IYnnVwpY_qlPJtLIPHSM2OVCmT4lmln&amp;si=srzpZJjNze9u00o0\" data-type=\"URL\" data-id=\"https:\/\/youtube.com\/playlist?list=PL1IYnnVwpY_qlPJtLIPHSM2OVCmT4lmln&amp;si=srzpZJjNze9u00o0\" target=\"_blank\"><strong><em>YouTube Grupo TBR<\/em><\/strong><\/a>].<\/p>\n\n\n\n<p>Agradecemos a todas las personas asistentes su participaci\u00f3n activa durante cada sesi\u00f3n. Nuestro especial reconocimiento a quienes han ofrecido las ponencias, por su generosidad al compartir conocimiento y su compromiso con la divulgaci\u00f3n cient\u00edfica.<\/p>\n\n\n\n<figure class=\"wp-block-image size-large\"><img decoding=\"async\" loading=\"lazy\" width=\"1024\" height=\"709\" src=\"https:\/\/www.unioviedo.es\/catedraIPA\/wp-content\/uploads\/2025\/04\/Poster-Actualizado-1-1024x709.jpg\" alt=\"\" class=\"wp-image-2719\" srcset=\"https:\/\/www.unioviedo.es\/catedraIPA\/wp-content\/uploads\/2025\/04\/Poster-Actualizado-1-1024x709.jpg 1024w, https:\/\/www.unioviedo.es\/catedraIPA\/wp-content\/uploads\/2025\/04\/Poster-Actualizado-1-300x208.jpg 300w, https:\/\/www.unioviedo.es\/catedraIPA\/wp-content\/uploads\/2025\/04\/Poster-Actualizado-1-768x532.jpg 768w, https:\/\/www.unioviedo.es\/catedraIPA\/wp-content\/uploads\/2025\/04\/Poster-Actualizado-1-570x395.jpg 570w, https:\/\/www.unioviedo.es\/catedraIPA\/wp-content\/uploads\/2025\/04\/Poster-Actualizado-1.jpg 1040w\" sizes=\"(max-width: 1024px) 100vw, 1024px\" \/><figcaption class=\"wp-element-caption\">P\u00f3ster oficial actualizado &#8211; Seminarios \u00abMartes a las 13\u00bb<\/figcaption><\/figure>\n\n\n\n<h2>Resumenes de Seminarios<\/h2>\n\n\n\n<div class=\"is-layout-flex wp-container-3 wp-block-columns\">\n<div class=\"is-layout-flow wp-block-column\" style=\"flex-basis:33.33%\">\n<figure class=\"wp-block-image size-large\"><a href=\"https:\/\/www.youtube.com\/watch?v=Lngk_98BpZY&amp;list=PL1IYnnVwpY_qlPJtLIPHSM2OVCmT4lmln&amp;index=1&amp;t=392s\"><img decoding=\"async\" loading=\"lazy\" width=\"1024\" height=\"576\" src=\"https:\/\/www.unioviedo.es\/catedraIPA\/wp-content\/uploads\/2025\/06\/Portada.-Rafael-Vazquez-1024x576.jpg\" alt=\"\" class=\"wp-image-2733\" srcset=\"https:\/\/www.unioviedo.es\/catedraIPA\/wp-content\/uploads\/2025\/06\/Portada.-Rafael-Vazquez-1024x576.jpg 1024w, https:\/\/www.unioviedo.es\/catedraIPA\/wp-content\/uploads\/2025\/06\/Portada.-Rafael-Vazquez-300x169.jpg 300w, https:\/\/www.unioviedo.es\/catedraIPA\/wp-content\/uploads\/2025\/06\/Portada.-Rafael-Vazquez-768x432.jpg 768w, https:\/\/www.unioviedo.es\/catedraIPA\/wp-content\/uploads\/2025\/06\/Portada.-Rafael-Vazquez-570x321.jpg 570w, https:\/\/www.unioviedo.es\/catedraIPA\/wp-content\/uploads\/2025\/06\/Portada.-Rafael-Vazquez-1110x624.jpg 1110w, https:\/\/www.unioviedo.es\/catedraIPA\/wp-content\/uploads\/2025\/06\/Portada.-Rafael-Vazquez-528x297.jpg 528w, https:\/\/www.unioviedo.es\/catedraIPA\/wp-content\/uploads\/2025\/06\/Portada.-Rafael-Vazquez.jpg 1280w\" sizes=\"(max-width: 1024px) 100vw, 1024px\" \/><\/a><\/figure>\n<\/div>\n\n\n\n<div class=\"is-layout-flow wp-block-column\" style=\"flex-basis:66.66%\">\n<p>Ponente N\u00b01: Dr. Rafael V\u00e1zquez Duhalt (UNAM, M\u00e9xico), quien nos habl\u00f3 sobre los nanoreactores enzim\u00e1ticos basados en c\u00e1psides virales para terapias dirigidas contra el c\u00e1ncer; tratamiento de enfermedades metab\u00f3licas y; sistemas de encapsulaci\u00f3n enzim\u00e1tica.<br><\/p>\n<\/div>\n<\/div>\n\n\n\n<div class=\"is-layout-flex wp-container-6 wp-block-columns\">\n<div class=\"is-layout-flow wp-block-column\" style=\"flex-basis:33.33%\">\n<figure class=\"wp-block-image size-large\"><a href=\"https:\/\/www.youtube.com\/watch?v=EP-FJdQJzJM\"><img decoding=\"async\" loading=\"lazy\" width=\"1024\" height=\"576\" src=\"https:\/\/www.unioviedo.es\/catedraIPA\/wp-content\/uploads\/2025\/06\/Portada.-Denise-M.-Guimaraes-1024x576.jpg\" alt=\"\" class=\"wp-image-2734\" srcset=\"https:\/\/www.unioviedo.es\/catedraIPA\/wp-content\/uploads\/2025\/06\/Portada.-Denise-M.-Guimaraes-1024x576.jpg 1024w, https:\/\/www.unioviedo.es\/catedraIPA\/wp-content\/uploads\/2025\/06\/Portada.-Denise-M.-Guimaraes-300x169.jpg 300w, https:\/\/www.unioviedo.es\/catedraIPA\/wp-content\/uploads\/2025\/06\/Portada.-Denise-M.-Guimaraes-768x432.jpg 768w, https:\/\/www.unioviedo.es\/catedraIPA\/wp-content\/uploads\/2025\/06\/Portada.-Denise-M.-Guimaraes-570x321.jpg 570w, https:\/\/www.unioviedo.es\/catedraIPA\/wp-content\/uploads\/2025\/06\/Portada.-Denise-M.-Guimaraes-1110x624.jpg 1110w, https:\/\/www.unioviedo.es\/catedraIPA\/wp-content\/uploads\/2025\/06\/Portada.-Denise-M.-Guimaraes-528x297.jpg 528w, https:\/\/www.unioviedo.es\/catedraIPA\/wp-content\/uploads\/2025\/06\/Portada.-Denise-M.-Guimaraes.jpg 1280w\" sizes=\"(max-width: 1024px) 100vw, 1024px\" \/><\/a><\/figure>\n<\/div>\n\n\n\n<div class=\"is-layout-flow wp-block-column\" style=\"flex-basis:66.66%\">\n<p>Ponente N\u00b02: Dra. DeniseM. G. Freire (Universidad Federal de R\u00edo de Janeiro, Brasil) comparti\u00f3 sus investigaciones sobre la biocat\u00e1lisis para la obtenci\u00f3n de biolubricntes y biocombustibles, que incluyen la producci\u00f3n sostenible de biocombustibles a partir de residuos agroindustriales; desarrollo de biolubricantes basados en est\u00f3lidos de aceite de ricino con aplicaciones industriales; innovaciones en fermentaci\u00f3n en estado s\u00f3lido para producci\u00f3n enzim\u00e1tica de bajo costo y; colaboraciones con la industria en econom\u00eda circular.<\/p>\n<\/div>\n<\/div>\n\n\n\n<div class=\"is-layout-flex wp-container-9 wp-block-columns\">\n<div class=\"is-layout-flow wp-block-column\" style=\"flex-basis:33.33%\">\n<figure class=\"wp-block-image size-large\"><img decoding=\"async\" loading=\"lazy\" width=\"1024\" height=\"576\" src=\"https:\/\/www.unioviedo.es\/catedraIPA\/wp-content\/uploads\/2025\/06\/Portada.-Marco-A.-Lazo-1024x576.jpg\" alt=\"\" class=\"wp-image-2735\" srcset=\"https:\/\/www.unioviedo.es\/catedraIPA\/wp-content\/uploads\/2025\/06\/Portada.-Marco-A.-Lazo-1024x576.jpg 1024w, https:\/\/www.unioviedo.es\/catedraIPA\/wp-content\/uploads\/2025\/06\/Portada.-Marco-A.-Lazo-300x169.jpg 300w, https:\/\/www.unioviedo.es\/catedraIPA\/wp-content\/uploads\/2025\/06\/Portada.-Marco-A.-Lazo-768x432.jpg 768w, https:\/\/www.unioviedo.es\/catedraIPA\/wp-content\/uploads\/2025\/06\/Portada.-Marco-A.-Lazo-570x321.jpg 570w, https:\/\/www.unioviedo.es\/catedraIPA\/wp-content\/uploads\/2025\/06\/Portada.-Marco-A.-Lazo-1110x624.jpg 1110w, https:\/\/www.unioviedo.es\/catedraIPA\/wp-content\/uploads\/2025\/06\/Portada.-Marco-A.-Lazo-528x297.jpg 528w, https:\/\/www.unioviedo.es\/catedraIPA\/wp-content\/uploads\/2025\/06\/Portada.-Marco-A.-Lazo.jpg 1280w\" sizes=\"(max-width: 1024px) 100vw, 1024px\" \/><\/figure>\n<\/div>\n\n\n\n<div class=\"is-layout-flow wp-block-column\" style=\"flex-basis:66.66%\">\n<p>Ponente N\u00b03: Dr. Marco Antonio Lazo (Universidad de la Azuay, Ecuador); quien present\u00f3 sus investigaciones sobre la obtenci\u00f3n de compuestos org\u00e1nicos de selenio en alimentos, con un enfoque en la biofortificaci\u00f3n de cereales y leguminosas para la producci\u00f3n de alimentos funcionales. Los temas incluyen la biofortificaci\u00f3n de granos (trigo, soya, garbanzo, huauzontle) mediante germinaci\u00f3n y fermentaci\u00f3n para enriquecer con selenio-metionina; el desarrollo de panes fortificados con selenio para mejorar la actividad antioxidante y prevenir enfermedades como el c\u00e1ncer de colon; la optimizaci\u00f3n de procesos de germinaci\u00f3n para controlar la actividad enzim\u00e1tica (alfamilasas, ureasa) y mejorar perfiles de compuestos bioactivos (isoflavonas, saponinas) y; aplicaciones en la industria alimentaria para producir harinas funcionales con beneficios para la salud.<br><\/p>\n<\/div>\n<\/div>\n\n\n\n<div class=\"is-layout-flex wp-container-12 wp-block-columns\">\n<div class=\"is-layout-flow wp-block-column\" style=\"flex-basis:33.33%\">\n<figure class=\"wp-block-image size-large\"><a href=\"https:\/\/www.youtube.com\/watch?v=e1JCxnnaBWo\"><img decoding=\"async\" loading=\"lazy\" width=\"1024\" height=\"709\" src=\"https:\/\/www.unioviedo.es\/catedraIPA\/wp-content\/uploads\/2025\/06\/Portada-Juan-C.-Moreno-1024x709.jpg\" alt=\"\" class=\"wp-image-2736\" srcset=\"https:\/\/www.unioviedo.es\/catedraIPA\/wp-content\/uploads\/2025\/06\/Portada-Juan-C.-Moreno-1024x709.jpg 1024w, https:\/\/www.unioviedo.es\/catedraIPA\/wp-content\/uploads\/2025\/06\/Portada-Juan-C.-Moreno-300x208.jpg 300w, https:\/\/www.unioviedo.es\/catedraIPA\/wp-content\/uploads\/2025\/06\/Portada-Juan-C.-Moreno-768x532.jpg 768w, https:\/\/www.unioviedo.es\/catedraIPA\/wp-content\/uploads\/2025\/06\/Portada-Juan-C.-Moreno-570x395.jpg 570w, https:\/\/www.unioviedo.es\/catedraIPA\/wp-content\/uploads\/2025\/06\/Portada-Juan-C.-Moreno.jpg 1040w\" sizes=\"(max-width: 1024px) 100vw, 1024px\" \/><\/a><\/figure>\n<\/div>\n\n\n\n<div class=\"is-layout-flow wp-block-column\" style=\"flex-basis:66.66%\">\n<p>Ponente N\u00b04: Dr. Juan Carlos Moreno Piraj\u00e1n (Universidad de los Andes, Colombia), quien present\u00f3 sus investigaciones sobre el desarrollo de biosorbentes derivados de residuos agroindustriales para la descontaminaci\u00f3n ambiental, que incluyen la preparaci\u00f3n de biosorbentes a partir de residuos como c\u00e1scara de coco, mangostino, caf\u00e9 y pl\u00e1tano mediante activaci\u00f3n f\u00edsica y qu\u00edmica; las aplicaciones en la absorci\u00f3n de metales pesados (n\u00edquel, cadmio, cobalto) y contaminantes emergentes como atrazina; caracterizaci\u00f3n fisicoqu\u00edmica de biosorbentes para optimizar su porosidad y capacidad de absorci\u00f3n y; la integraci\u00f3n en la econom\u00eda circular para transformar residuos en materiales funcionales y sostenibles.<br><\/p>\n<\/div>\n<\/div>\n\n\n\n<div class=\"is-layout-flex wp-container-15 wp-block-columns\">\n<div class=\"is-layout-flow wp-block-column\" style=\"flex-basis:33.33%\">\n<figure class=\"wp-block-image size-large\"><a href=\"https:\/\/www.youtube.com\/watch?v=38gl3EuUWSQ\"><img decoding=\"async\" loading=\"lazy\" width=\"1024\" height=\"709\" src=\"https:\/\/www.unioviedo.es\/catedraIPA\/wp-content\/uploads\/2025\/06\/Maria-del-Pilar-Buera-1024x709.jpg\" alt=\"\" class=\"wp-image-2737\" srcset=\"https:\/\/www.unioviedo.es\/catedraIPA\/wp-content\/uploads\/2025\/06\/Maria-del-Pilar-Buera-1024x709.jpg 1024w, https:\/\/www.unioviedo.es\/catedraIPA\/wp-content\/uploads\/2025\/06\/Maria-del-Pilar-Buera-300x208.jpg 300w, https:\/\/www.unioviedo.es\/catedraIPA\/wp-content\/uploads\/2025\/06\/Maria-del-Pilar-Buera-768x532.jpg 768w, https:\/\/www.unioviedo.es\/catedraIPA\/wp-content\/uploads\/2025\/06\/Maria-del-Pilar-Buera-570x395.jpg 570w, https:\/\/www.unioviedo.es\/catedraIPA\/wp-content\/uploads\/2025\/06\/Maria-del-Pilar-Buera.jpg 1040w\" sizes=\"(max-width: 1024px) 100vw, 1024px\" \/><\/a><\/figure>\n<\/div>\n\n\n\n<div class=\"is-layout-flow wp-block-column\" style=\"flex-basis:66.66%\">\n<p>Ponente N\u00b05: Dra. Mar\u00eda del Pilar Buera (Universidad de Buenos Aires, Argentina) present\u00f3 sus investigaciones sobre el aprovechamiento de especies subvaloradas en Iberoam\u00e9rica para obtener ingredientes funcionales, que incluye la valorizaci\u00f3n de especies subutilizadas (neltuma, <em>Schinus molle<\/em>, mijo, alpiste, quinoa) y subproductos agroindustriales (caf\u00e9, olivo, agave) para obtener biopol\u00edmeros, antioxidantes y polifenoles; las aplicaci\u00f3n de tecnolog\u00edas verdes como cavitaci\u00f3n hidrodin\u00e1mica para la extracci\u00f3n eficiente y sostenible de compuestos bioactivos; uso de t\u00e9cnicas de estabilizaci\u00f3n (encapsulaci\u00f3n, liofilizaci\u00f3n, extrusi\u00f3n) para preservar la funcionalidad de biomol\u00e9culas y; la promoci\u00f3n de la biodiversidad y econom\u00eda circular mediante el apoyo a peque\u00f1os productores y el desarrollo de equipos adaptados a materias primas locales.<br><\/p>\n<\/div>\n<\/div>\n\n\n\n<div class=\"is-layout-flex wp-container-18 wp-block-columns\">\n<div class=\"is-layout-flow wp-block-column\" style=\"flex-basis:33.33%\">\n<figure class=\"wp-block-image size-large\"><a href=\"https:\/\/www.youtube.com\/watch?v=7PGpzT_JwZ8\"><img decoding=\"async\" loading=\"lazy\" width=\"1024\" height=\"709\" src=\"https:\/\/www.unioviedo.es\/catedraIPA\/wp-content\/uploads\/2025\/06\/Poster-y-portada_13.05.25-1024x709.jpg\" alt=\"\" class=\"wp-image-2738\" srcset=\"https:\/\/www.unioviedo.es\/catedraIPA\/wp-content\/uploads\/2025\/06\/Poster-y-portada_13.05.25-1024x709.jpg 1024w, https:\/\/www.unioviedo.es\/catedraIPA\/wp-content\/uploads\/2025\/06\/Poster-y-portada_13.05.25-300x208.jpg 300w, https:\/\/www.unioviedo.es\/catedraIPA\/wp-content\/uploads\/2025\/06\/Poster-y-portada_13.05.25-768x532.jpg 768w, https:\/\/www.unioviedo.es\/catedraIPA\/wp-content\/uploads\/2025\/06\/Poster-y-portada_13.05.25-570x395.jpg 570w, https:\/\/www.unioviedo.es\/catedraIPA\/wp-content\/uploads\/2025\/06\/Poster-y-portada_13.05.25.jpg 1040w\" sizes=\"(max-width: 1024px) 100vw, 1024px\" \/><\/a><\/figure>\n<\/div>\n\n\n\n<div class=\"is-layout-flow wp-block-column\" style=\"flex-basis:66.66%\">\n<p>Ponente N\u00b06: Dr. Jorge Far\u00edas Avenda\u00f1o (Universidad de la Frontera, Chile) present\u00f3 sus investigaciones sobre la producci\u00f3n y aplicaciones de prote\u00ednas recombinantes, con enfoque en la L-asparaginasa para el tratamiento de la leucemia linfobl\u00e1stica aguda. Los temas destacados incluyen el desarrollo de L-asparaginasa recombinante con baja inmunogenicidad mediante t\u00e9cnicas como pegilaci\u00f3n, glicosilaci\u00f3n (GlicoSwitch) y quimeras proteicas; los uso de bioinform\u00e1tica y biolog\u00eda sint\u00e9tica para dise\u00f1ar enzimas con ep\u00edtopos no inmunog\u00e9nicos; desaf\u00edos en la optimizaci\u00f3n de la producci\u00f3n en vectores como <em>Escherichia coli<\/em> y <em>Pichia pastoris<\/em>, desde el laboratorio hasta biorreactores de 30-50 litros y; escalado y purificaci\u00f3n de biof\u00e1rmacos, abordando desaf\u00edos de estabilidad y eficiencia enzim\u00e1tica.<\/p>\n<\/div>\n<\/div>\n\n\n\n<p><\/p>\n","protected":false},"excerpt":{"rendered":"<p>La C\u00e1tedra IPA en colaboraci\u00f3n con el grupo de investigaci\u00f3n Tecnolog\u00eda de Bioprocesos y Reactores (TBR) de la Universidad de Oviedo, celebrar\u00e1 el cierre de la quinta edici\u00f3n del ciclo de seminarios \u201cMartes a las 13\u201d. Esta iniciativa tiene como objetivo facilitar la transferencia de conocimientos e innovaciones en el basto y multidisciplinario campo de [&hellip;]<\/p>\n","protected":false},"author":1,"featured_media":2716,"comment_status":"open","ping_status":"open","sticky":false,"template":"","format":"standard","meta":[],"categories":[13,12],"tags":[],"_links":{"self":[{"href":"https:\/\/www.unioviedo.es\/catedraIPA\/wp-json\/wp\/v2\/posts\/2564"}],"collection":[{"href":"https:\/\/www.unioviedo.es\/catedraIPA\/wp-json\/wp\/v2\/posts"}],"about":[{"href":"https:\/\/www.unioviedo.es\/catedraIPA\/wp-json\/wp\/v2\/types\/post"}],"author":[{"embeddable":true,"href":"https:\/\/www.unioviedo.es\/catedraIPA\/wp-json\/wp\/v2\/users\/1"}],"replies":[{"embeddable":true,"href":"https:\/\/www.unioviedo.es\/catedraIPA\/wp-json\/wp\/v2\/comments?post=2564"}],"version-history":[{"count":11,"href":"https:\/\/www.unioviedo.es\/catedraIPA\/wp-json\/wp\/v2\/posts\/2564\/revisions"}],"predecessor-version":[{"id":2786,"href":"https:\/\/www.unioviedo.es\/catedraIPA\/wp-json\/wp\/v2\/posts\/2564\/revisions\/2786"}],"wp:featuredmedia":[{"embeddable":true,"href":"https:\/\/www.unioviedo.es\/catedraIPA\/wp-json\/wp\/v2\/media\/2716"}],"wp:attachment":[{"href":"https:\/\/www.unioviedo.es\/catedraIPA\/wp-json\/wp\/v2\/media?parent=2564"}],"wp:term":[{"taxonomy":"category","embeddable":true,"href":"https:\/\/www.unioviedo.es\/catedraIPA\/wp-json\/wp\/v2\/categories?post=2564"},{"taxonomy":"post_tag","embeddable":true,"href":"https:\/\/www.unioviedo.es\/catedraIPA\/wp-json\/wp\/v2\/tags?post=2564"}],"curies":[{"name":"wp","href":"https:\/\/api.w.org\/{rel}","templated":true}]}}