{"id":260,"date":"2019-10-04T11:08:42","date_gmt":"2019-10-04T09:08:42","guid":{"rendered":"https:\/\/www.unioviedo.es\/TBR\/catedraIPA\/?p=260"},"modified":"2020-01-10T10:31:59","modified_gmt":"2020-01-10T09:31:59","slug":"el-xl-certamen-del-quesu-gamoneu-tendra-lugar-el-proximo-27-de-octubre","status":"publish","type":"post","link":"https:\/\/www.unioviedo.es\/catedraIPA\/el-xl-certamen-del-quesu-gamoneu-tendra-lugar-el-proximo-27-de-octubre\/","title":{"rendered":"El XL Certamen del Quesu Gamoneu tendr\u00e1 lugar el pr\u00f3ximo 27 de Octubre"},"content":{"rendered":"\n<p> Extra\u00eddo del diario El Comercio, Martes 1 de Octubre de 2019 <\/p>\n\n\n\n<div class=\"wp-block-image\"><figure class=\"alignright is-resized\"><img decoding=\"async\" loading=\"lazy\" src=\"https:\/\/www.unioviedo.es\/TBR\/catedraIPA\/wp-content\/uploads\/2019\/10\/IMG-20191002-WA0001-733x1024.jpg\" alt=\"\" class=\"wp-image-261\" width=\"298\" height=\"415\" srcset=\"https:\/\/www.unioviedo.es\/catedraIPA\/wp-content\/uploads\/2019\/10\/IMG-20191002-WA0001-733x1024.jpg 733w, https:\/\/www.unioviedo.es\/catedraIPA\/wp-content\/uploads\/2019\/10\/IMG-20191002-WA0001-215x300.jpg 215w, https:\/\/www.unioviedo.es\/catedraIPA\/wp-content\/uploads\/2019\/10\/IMG-20191002-WA0001-768x1073.jpg 768w, https:\/\/www.unioviedo.es\/catedraIPA\/wp-content\/uploads\/2019\/10\/IMG-20191002-WA0001.jpg 1145w\" sizes=\"(max-width: 298px) 100vw, 298px\" \/><figcaption>Cartel oficial del XL Certamen de Quesu Gamoneu 2019<\/figcaption><\/figure><\/div>\n\n\n\n<p>Como cada a\u00f1o, en Benia de On\u00eds, tiene lugar un evento gatron\u00f3mico de relevante inter\u00e9s, el Certamen del Queso Gamoneu, una de las cuatro variedades de queso asturiano que goza de la distinci\u00f3n Denominaci\u00f3n de Origen Protegida (DOP). <\/p>\n\n\n\n<p>Esta ser\u00e1 la edici\u00f3n n\u00famero 40 de este Certamen, en el que participar\u00e1n 17 elaboradores de Queso Gamoneu DOP, mostrando que la tradici\u00f3n sigue viva en el coraz\u00f3n de Los Picos de Europa.<\/p>\n\n\n\n<p>Adem\u00e1s, este a\u00f1o el evento contar\u00e1 con algunas novedades, todas ellas destinadas a  &#8216;potenciar las razas aut\u00f3ctonas y apoyar al medio rural&#8217;, seg\u00fan indic\u00f3 el Alcalde del Concejo, Jos\u00e9 Manuel Abeledo.<\/p>\n","protected":false},"excerpt":{"rendered":"<p>Extra\u00eddo del diario El Comercio, Martes 1 de Octubre de 2019 Como cada a\u00f1o, en Benia de On\u00eds, tiene lugar un evento gatron\u00f3mico de relevante inter\u00e9s, el Certamen del Queso Gamoneu, una de las cuatro variedades de queso asturiano que goza de la distinci\u00f3n Denominaci\u00f3n de Origen Protegida (DOP). Esta ser\u00e1 la edici\u00f3n n\u00famero 40 [&hellip;]<\/p>\n","protected":false},"author":1,"featured_media":261,"comment_status":"open","ping_status":"open","sticky":false,"template":"","format":"standard","meta":[],"categories":[13,12],"tags":[6,5,4,7],"_links":{"self":[{"href":"https:\/\/www.unioviedo.es\/catedraIPA\/wp-json\/wp\/v2\/posts\/260"}],"collection":[{"href":"https:\/\/www.unioviedo.es\/catedraIPA\/wp-json\/wp\/v2\/posts"}],"about":[{"href":"https:\/\/www.unioviedo.es\/catedraIPA\/wp-json\/wp\/v2\/types\/post"}],"author":[{"embeddable":true,"href":"https:\/\/www.unioviedo.es\/catedraIPA\/wp-json\/wp\/v2\/users\/1"}],"replies":[{"embeddable":true,"href":"https:\/\/www.unioviedo.es\/catedraIPA\/wp-json\/wp\/v2\/comments?post=260"}],"version-history":[{"count":13,"href":"https:\/\/www.unioviedo.es\/catedraIPA\/wp-json\/wp\/v2\/posts\/260\/revisions"}],"predecessor-version":[{"id":275,"href":"https:\/\/www.unioviedo.es\/catedraIPA\/wp-json\/wp\/v2\/posts\/260\/revisions\/275"}],"wp:featuredmedia":[{"embeddable":true,"href":"https:\/\/www.unioviedo.es\/catedraIPA\/wp-json\/wp\/v2\/media\/261"}],"wp:attachment":[{"href":"https:\/\/www.unioviedo.es\/catedraIPA\/wp-json\/wp\/v2\/media?parent=260"}],"wp:term":[{"taxonomy":"category","embeddable":true,"href":"https:\/\/www.unioviedo.es\/catedraIPA\/wp-json\/wp\/v2\/categories?post=260"},{"taxonomy":"post_tag","embeddable":true,"href":"https:\/\/www.unioviedo.es\/catedraIPA\/wp-json\/wp\/v2\/tags?post=260"}],"curies":[{"name":"wp","href":"https:\/\/api.w.org\/{rel}","templated":true}]}}