{"id":2747,"date":"2025-05-20T15:30:54","date_gmt":"2025-05-20T13:30:54","guid":{"rendered":"https:\/\/www.unioviedo.es\/catedraIPA\/?p=2747"},"modified":"2025-06-04T01:14:08","modified_gmt":"2025-06-03T23:14:08","slug":"i-jornadas-de-cooperacion-internacional-y-ciencia-innovando-en-nutricion-y-alimentacion","status":"publish","type":"post","link":"https:\/\/www.unioviedo.es\/catedraIPA\/i-jornadas-de-cooperacion-internacional-y-ciencia-innovando-en-nutricion-y-alimentacion\/","title":{"rendered":"I Jornadas de Cooperaci\u00f3n Internacional y Ciencia: Innovando en Nutrici\u00f3n y Alimentaci\u00f3n"},"content":{"rendered":"\n<p>El pasado 20 de mayo, la C\u00e1tedra IPA celebr\u00f3 las I Jornadas de Cooperaci\u00f3n Internacional y Ciencia: Innovando en Nutrici\u00f3n y Alimentaci\u00f3n, un encuentro dedicado a visibilizar el papel de la nutrici\u00f3n en contextos vulnerables y su impacto directo en la salud global.<\/p>\n\n\n\n<p>La jornada fue una oportunidad \u00fanica para reflexionar, desde Asturias, sobre los retos y oportunidades que ofrece la nutrici\u00f3n en el \u00e1mbito de la cooperaci\u00f3n internacional. A lo largo de la sesi\u00f3n, destacadas expertas compartieron sus conocimientos y experiencias a trav\u00e9s de ponencias centradas en la desnutrici\u00f3n, los alimentos funcionales y el desarrollo de estrategias nutricionales adaptadas a contextos humanitarios.<\/p>\n\n\n\n<h4>Participantes y ponencias:<\/h4>\n\n\n\n<div class=\"is-layout-flex wp-container-3 wp-block-columns\">\n<div class=\"is-layout-flow wp-block-column\" style=\"flex-basis:66.66%\">\n<p class=\"has-text-align-center\"><p data-start=\"1345\" data-end=\"1643\"><strong data-start=\"1345\" data-end=\"1371\">Sonia Gonz\u00e1lez Solares<\/strong><br><em data-start=\"1376\" data-end=\"1462\"><\/em><em data-start=\"1376\" data-end=\"1462\"><em data-start=\"1376\" data-end=\"1462\">Catedr\u00e1tica en Fisiolog\u00eda. Investigadora del Grupo Dieta, Microbiota Humana y Salud.<\/em><\/em><\/p><\/p>\n\n\n\n<p class=\"has-text-align-right\"><p data-start=\"1345\" data-end=\"1643\"><em data-start=\"1376\" data-end=\"1462\"><br><strong>\u00ab<em data-start=\"1481\" data-end=\"1551\">Moringa: \u00bfUn posible alimento funcional en los pa\u00edses en desarrollo?<\/em>\u00bb <\/strong><\/em><\/p><\/p>\n\n\n\n<p><p data-start=\"1345\" data-end=\"1643\">Presentaci\u00f3n de un proyecto con Medicus Mundi sobre el potencial de la moringa en Mali<em data-start=\"1376\" data-end=\"1462\">.<\/em><\/p><\/p>\n<\/div>\n\n\n\n<div class=\"is-layout-flow wp-block-column\" style=\"flex-basis:33.33%\">\n<figure class=\"wp-block-image size-large\"><img decoding=\"async\" loading=\"lazy\" width=\"903\" height=\"678\" src=\"https:\/\/www.unioviedo.es\/catedraIPA\/wp-content\/uploads\/2025\/06\/I-Jornadas-3-1-edited.jpg\" alt=\"\" class=\"wp-image-2778\" srcset=\"https:\/\/www.unioviedo.es\/catedraIPA\/wp-content\/uploads\/2025\/06\/I-Jornadas-3-1-edited.jpg 903w, https:\/\/www.unioviedo.es\/catedraIPA\/wp-content\/uploads\/2025\/06\/I-Jornadas-3-1-edited-300x225.jpg 300w, https:\/\/www.unioviedo.es\/catedraIPA\/wp-content\/uploads\/2025\/06\/I-Jornadas-3-1-edited-768x577.jpg 768w, https:\/\/www.unioviedo.es\/catedraIPA\/wp-content\/uploads\/2025\/06\/I-Jornadas-3-1-edited-570x428.jpg 570w\" sizes=\"(max-width: 903px) 100vw, 903px\" \/><\/figure>\n<\/div>\n<\/div>\n\n\n\n<div class=\"is-layout-flex wp-container-6 wp-block-columns\">\n<div class=\"is-layout-flow wp-block-column\" style=\"flex-basis:66.66%\">\n<p class=\"has-text-align-center\"><p data-start=\"1647\" data-end=\"1939\"><strong data-start=\"1647\" data-end=\"1668\">Noem\u00ed L\u00f3pez Ejeda<\/strong><br><em data-start=\"1673\" data-end=\"1739\">Docente e investigadora en la Universidad Complutense de Madrid.<\/em><\/p><\/p>\n\n\n\n<p class=\"has-text-align-right\"><p data-start=\"1647\" data-end=\"1939\"><br><strong>\u00ab<em data-start=\"1758\" data-end=\"1854\">Nuevos enfoques en el tratamiento de la desnutrici\u00f3n aguda infantil en contextos humanitarios<\/em>\u00ab<\/strong><\/p><\/p>\n\n\n\n<p class=\"has-text-align-left\"><p data-start=\"1647\" data-end=\"1939\">Exposici\u00f3n sobre los avances en modelos de intervenci\u00f3n nutricional en el Sahel.<\/p><\/p>\n<\/div>\n\n\n\n<div class=\"is-layout-flow wp-block-column\" style=\"flex-basis:33.33%\">\n<figure class=\"wp-block-image size-large\"><img decoding=\"async\" loading=\"lazy\" width=\"1204\" height=\"904\" src=\"https:\/\/www.unioviedo.es\/catedraIPA\/wp-content\/uploads\/2025\/06\/I-Jornadas-edited.jpg\" alt=\"\" class=\"wp-image-2765\" srcset=\"https:\/\/www.unioviedo.es\/catedraIPA\/wp-content\/uploads\/2025\/06\/I-Jornadas-edited.jpg 1204w, https:\/\/www.unioviedo.es\/catedraIPA\/wp-content\/uploads\/2025\/06\/I-Jornadas-edited-300x225.jpg 300w, https:\/\/www.unioviedo.es\/catedraIPA\/wp-content\/uploads\/2025\/06\/I-Jornadas-edited-1024x769.jpg 1024w, https:\/\/www.unioviedo.es\/catedraIPA\/wp-content\/uploads\/2025\/06\/I-Jornadas-edited-768x577.jpg 768w, https:\/\/www.unioviedo.es\/catedraIPA\/wp-content\/uploads\/2025\/06\/I-Jornadas-edited-570x428.jpg 570w\" sizes=\"(max-width: 1204px) 100vw, 1204px\" \/><\/figure>\n<\/div>\n<\/div>\n\n\n\n<div class=\"is-layout-flex wp-container-9 wp-block-columns\">\n<div class=\"is-layout-flow wp-block-column\" style=\"flex-basis:66.66%\">\n<p class=\"has-text-align-center\"><p data-start=\"1943\" data-end=\"2249\"><strong data-start=\"1943\" data-end=\"1965\">Laura Mart\u00edn Rubio<\/strong><br><em data-start=\"1970\" data-end=\"2051\">Fundadora del Proyecto Nutrici\u00f3n y Hambre Cero. Docente en la Universidad UNIB.<\/em><\/p><\/p>\n\n\n\n<p class=\"has-text-align-right\"><p data-start=\"1943\" data-end=\"2249\"><br><strong>\u00ab<em data-start=\"2070\" data-end=\"2146\">F\u00f3rmulas nutricionales en cooperaci\u00f3n: innovando frente a la desnutrici\u00f3<\/em><em>n\u00bb<\/em><\/strong><\/p><\/p>\n\n\n\n<p><p data-start=\"1943\" data-end=\"2249\">Revisi\u00f3n de estrategias y f\u00f3rmulas como <em data-start=\"2191\" data-end=\"2205\">NyH0 f\u00f3rmula<\/em>, desarrolladas en contextos de cooperaci\u00f3n.<\/p><\/p>\n<\/div>\n\n\n\n<div class=\"is-layout-flow wp-block-column\" style=\"flex-basis:33.33%\">\n<figure class=\"wp-block-image size-large\"><img decoding=\"async\" loading=\"lazy\" width=\"1204\" height=\"904\" src=\"https:\/\/www.unioviedo.es\/catedraIPA\/wp-content\/uploads\/2025\/06\/I-Jornadas-4-edited.jpg\" alt=\"\" class=\"wp-image-2776\" srcset=\"https:\/\/www.unioviedo.es\/catedraIPA\/wp-content\/uploads\/2025\/06\/I-Jornadas-4-edited.jpg 1204w, https:\/\/www.unioviedo.es\/catedraIPA\/wp-content\/uploads\/2025\/06\/I-Jornadas-4-edited-300x225.jpg 300w, https:\/\/www.unioviedo.es\/catedraIPA\/wp-content\/uploads\/2025\/06\/I-Jornadas-4-edited-1024x769.jpg 1024w, https:\/\/www.unioviedo.es\/catedraIPA\/wp-content\/uploads\/2025\/06\/I-Jornadas-4-edited-768x577.jpg 768w, https:\/\/www.unioviedo.es\/catedraIPA\/wp-content\/uploads\/2025\/06\/I-Jornadas-4-edited-570x428.jpg 570w\" sizes=\"(max-width: 1204px) 100vw, 1204px\" \/><\/figure>\n<\/div>\n<\/div>\n\n\n\n<div class=\"is-layout-flex wp-container-12 wp-block-columns\">\n<div class=\"is-layout-flow wp-block-column\" style=\"flex-basis:66.66%\">\n<p class=\"has-text-align-center\"><p data-start=\"2253\" data-end=\"2541\"><strong data-start=\"2253\" data-end=\"2285\">Inmaculada Gonz\u00e1lez-Carbajal<\/strong><br><em data-start=\"2290\" data-end=\"2355\">Doctora en Medicina. Presidenta de la Fundaci\u00f3n El P\u00e1jaro Azul.<\/em><\/p><\/p>\n\n\n\n<p class=\"has-text-align-right\"><p data-start=\"2253\" data-end=\"2541\"><strong>\u00ab<em data-start=\"2374\" data-end=\"2436\">La mejora de la alimentaci\u00f3n como instrumento de desarrollo\u00bb<\/em><span style=\"font-size: revert; color: initial;\"> <\/span><\/strong><\/p><\/p>\n\n\n\n<p><p data-start=\"1943\" data-end=\"2249\">Presentaci\u00f3n de la experiencia de Kinshasa promoviendo h\u00e1bitos alimentarios entre ni\u00f1os de la calle.<\/p><p data-start=\"1943\" data-end=\"2249\"><\/p>\n\n\n\n<p class=\"has-text-align-left\"><p data-start=\"2253\" data-end=\"2541\"><\/p>\n<\/div>\n\n\n\n<div class=\"is-layout-flow wp-block-column\" style=\"flex-basis:33.33%\">\n<figure class=\"wp-block-image size-large\"><img decoding=\"async\" loading=\"lazy\" width=\"1204\" height=\"904\" src=\"https:\/\/www.unioviedo.es\/catedraIPA\/wp-content\/uploads\/2025\/06\/I-Jornadas-2-edited.jpg\" alt=\"\" class=\"wp-image-2770\" srcset=\"https:\/\/www.unioviedo.es\/catedraIPA\/wp-content\/uploads\/2025\/06\/I-Jornadas-2-edited.jpg 1204w, https:\/\/www.unioviedo.es\/catedraIPA\/wp-content\/uploads\/2025\/06\/I-Jornadas-2-edited-300x225.jpg 300w, https:\/\/www.unioviedo.es\/catedraIPA\/wp-content\/uploads\/2025\/06\/I-Jornadas-2-edited-1024x769.jpg 1024w, https:\/\/www.unioviedo.es\/catedraIPA\/wp-content\/uploads\/2025\/06\/I-Jornadas-2-edited-768x577.jpg 768w, https:\/\/www.unioviedo.es\/catedraIPA\/wp-content\/uploads\/2025\/06\/I-Jornadas-2-edited-570x428.jpg 570w\" sizes=\"(max-width: 1204px) 100vw, 1204px\" \/><\/figure>\n<\/div>\n<\/div>\n\n\n\n<p>El evento tuvo lugar en el Sal\u00f3n de Actos del Edificio de Servicios Cient\u00edfico T\u00e9cnicos (Severo Ochoa) y se entregaron certificados de asistencia.<\/p>\n\n\n\n<p>Desde la C\u00e1tedra IPA, valoramos profundamente la calidad de los contenidos compartidos y el compromiso de las ponentes, as\u00ed como el inter\u00e9s de quienes participaron en esta primera edici\u00f3n. Consideramos fundamental seguir promoviendo y visibilizando este tipo de iniciativas, que conectan la ciencia con la acci\u00f3n humanitaria y el desarrollo sostenible.<\/p>\n\n\n\n<p>Creemos firmemente que <strong data-start=\"3080\" data-end=\"3158\">la nutrici\u00f3n merece un mayor protagonismo en la agenda p\u00fablica y acad\u00e9mica<\/strong>, y que espacios como este contribuyen de forma concreta a avanzar hacia un modelo m\u00e1s justo, saludable y cooperativo.<\/p>\n","protected":false},"excerpt":{"rendered":"<p>El pasado 20 de mayo, la C\u00e1tedra IPA celebr\u00f3 las I Jornadas de Cooperaci\u00f3n Internacional y Ciencia: Innovando en Nutrici\u00f3n y Alimentaci\u00f3n, un encuentro dedicado a visibilizar el papel de la nutrici\u00f3n en contextos vulnerables y su impacto directo en la salud global. La jornada fue una oportunidad \u00fanica para reflexionar, desde Asturias, sobre los [&hellip;]<\/p>\n","protected":false},"author":1,"featured_media":2772,"comment_status":"open","ping_status":"open","sticky":false,"template":"","format":"standard","meta":[],"categories":[13,12],"tags":[],"_links":{"self":[{"href":"https:\/\/www.unioviedo.es\/catedraIPA\/wp-json\/wp\/v2\/posts\/2747"}],"collection":[{"href":"https:\/\/www.unioviedo.es\/catedraIPA\/wp-json\/wp\/v2\/posts"}],"about":[{"href":"https:\/\/www.unioviedo.es\/catedraIPA\/wp-json\/wp\/v2\/types\/post"}],"author":[{"embeddable":true,"href":"https:\/\/www.unioviedo.es\/catedraIPA\/wp-json\/wp\/v2\/users\/1"}],"replies":[{"embeddable":true,"href":"https:\/\/www.unioviedo.es\/catedraIPA\/wp-json\/wp\/v2\/comments?post=2747"}],"version-history":[{"count":11,"href":"https:\/\/www.unioviedo.es\/catedraIPA\/wp-json\/wp\/v2\/posts\/2747\/revisions"}],"predecessor-version":[{"id":2785,"href":"https:\/\/www.unioviedo.es\/catedraIPA\/wp-json\/wp\/v2\/posts\/2747\/revisions\/2785"}],"wp:featuredmedia":[{"embeddable":true,"href":"https:\/\/www.unioviedo.es\/catedraIPA\/wp-json\/wp\/v2\/media\/2772"}],"wp:attachment":[{"href":"https:\/\/www.unioviedo.es\/catedraIPA\/wp-json\/wp\/v2\/media?parent=2747"}],"wp:term":[{"taxonomy":"category","embeddable":true,"href":"https:\/\/www.unioviedo.es\/catedraIPA\/wp-json\/wp\/v2\/categories?post=2747"},{"taxonomy":"post_tag","embeddable":true,"href":"https:\/\/www.unioviedo.es\/catedraIPA\/wp-json\/wp\/v2\/tags?post=2747"}],"curies":[{"name":"wp","href":"https:\/\/api.w.org\/{rel}","templated":true}]}}