{"id":2800,"date":"2025-06-30T10:50:24","date_gmt":"2025-06-30T08:50:24","guid":{"rendered":"https:\/\/www.unioviedo.es\/catedraIPA\/?p=2800"},"modified":"2025-06-30T10:55:33","modified_gmt":"2025-06-30T08:55:33","slug":"la-catedra-ipa-asiste-a-la-x-gran-fiesta-grastronomica","status":"publish","type":"post","link":"https:\/\/www.unioviedo.es\/catedraIPA\/la-catedra-ipa-asiste-a-la-x-gran-fiesta-grastronomica\/","title":{"rendered":"La C\u00e1tedra IPA asiste a la X GRAN FIESTA GRASTRON\u00d3MICA."},"content":{"rendered":"\n<div class=\"is-layout-flex wp-container-3 wp-block-columns\">\n<div class=\"is-layout-flow wp-block-column\" style=\"flex-basis:100%\">\n<div class=\"is-layout-constrained wp-block-group\"><div class=\"wp-block-group__inner-container\">\n<p><img decoding=\"async\" loading=\"lazy\" class=\"wp-image-2802 alignright\" src=\"https:\/\/www.unioviedo.es\/catedraIPA\/wp-content\/uploads\/2025\/06\/WhatsApp-Image-2025-06-29-at-20.19.33.jpeg\" alt=\"\" width=\"290\" height=\"385\" srcset=\"https:\/\/www.unioviedo.es\/catedraIPA\/wp-content\/uploads\/2025\/06\/WhatsApp-Image-2025-06-29-at-20.19.33.jpeg 1536w, https:\/\/www.unioviedo.es\/catedraIPA\/wp-content\/uploads\/2025\/06\/WhatsApp-Image-2025-06-29-at-20.19.33-226x300.jpeg 226w, https:\/\/www.unioviedo.es\/catedraIPA\/wp-content\/uploads\/2025\/06\/WhatsApp-Image-2025-06-29-at-20.19.33-771x1024.jpeg 771w, https:\/\/www.unioviedo.es\/catedraIPA\/wp-content\/uploads\/2025\/06\/WhatsApp-Image-2025-06-29-at-20.19.33-768x1020.jpeg 768w, https:\/\/www.unioviedo.es\/catedraIPA\/wp-content\/uploads\/2025\/06\/WhatsApp-Image-2025-06-29-at-20.19.33-1157x1536.jpeg 1157w, https:\/\/www.unioviedo.es\/catedraIPA\/wp-content\/uploads\/2025\/06\/WhatsApp-Image-2025-06-29-at-20.19.33-570x757.jpeg 570w\" sizes=\"(max-width: 290px) 100vw, 290px\" \/><\/p>\n<p>El pasado viernes 27 de junio de 2025, el Auditorio Pr\u00edncipe Felipe acogi\u00f3 la celebraci\u00f3n de la <em><strong>X Gran Fiesta Gastron\u00f3mica<\/strong><\/em>, que organiza el Circulo Gastron\u00f3mico de los Quesos Asturianos.<\/p>\n<p style=\"text-align: left;\">La jornada cont\u00f3 con la presencia de numerosas autoridades, entre ellas el alcalde de Oviedo, Alfredo Canteli; la directora general de Agricultura, Agroindustria y Desarrollo Rural del Principado de Asturias, Mar\u00eda Bego\u00f1a L\u00f3pez; y el vicepresidente primero de la Junta General del Principado, Juan Cofi\u00f1o Gonz\u00e1lez. Tambi\u00e9n asistieron representantes del Ayuntamiento, autoridades civiles y militares, cofrad\u00edas gastron\u00f3micas y diversas entidades vinculadas al sector agroalimentario.<\/p>\n<p>\u00a0<\/p>\n<h3 style=\"text-align: left;\" data-start=\"328\" data-end=\"344\">Acto Oficial<\/h3>\n<ol data-start=\"346\" data-end=\"1216\">\n<li data-start=\"346\" data-end=\"386\">\n<p data-start=\"349\" data-end=\"386\">Bienvenida y saludo del alcalde <em>Alfredo Canteli<\/em><\/p>\n<\/li>\n<li data-start=\"387\" data-end=\"452\">\n<p data-start=\"390\" data-end=\"452\">Entronizaci\u00f3n de <em>C\u00edrculianos de Honor<\/em> y <em>Gran Maestro Quesero<\/em>.<\/p>\n<\/li>\n<li data-start=\"453\" data-end=\"791\">\n<p data-start=\"456\" data-end=\"520\">Entrega reconocimientos Enogastron\u00f3micos en las categor\u00edas de:<\/p>\n<ul data-start=\"524\" data-end=\"791\">\n<li data-start=\"524\" data-end=\"569\">\n<p data-start=\"526\" data-end=\"569\"><strong>Bebidas<\/strong>, a <em>Vinos Cangas, S.L. DOP Cangas<\/em>.<\/p>\n<\/li>\n<li data-start=\"573\" data-end=\"686\">\n<p data-start=\"575\" data-end=\"686\"><strong>Elaboraci\u00f3n culinaria<\/strong>: <em>\u201cSolomillo de venado con crema de queso Pata Cabra\u201d del restaurante Bobela, de Mieres.<\/em><\/p>\n<\/li>\n<li data-start=\"690\" data-end=\"735\">\n<p data-start=\"692\" data-end=\"735\"><strong>Quesos<\/strong>, <em>a Queser\u00eda Valfr\u00edu, DOP Cabrales.<\/em><\/p>\n<\/li>\n<li data-start=\"739\" data-end=\"791\">\n<p data-start=\"741\" data-end=\"791\"><strong>Restaurantes<\/strong>: <em>Tierra Astur, El Vasco, de Oviedo.<\/em><\/p>\n<\/li>\n<\/ul>\n<\/li>\n<li data-start=\"792\" data-end=\"925\">\n<p data-start=\"795\" data-end=\"821\">Semblanza y entronizaci\u00f3n de Circulianos de M\u00e9rito:<\/p>\n<ul data-start=\"825\" data-end=\"925\">\n<li data-start=\"825\" data-end=\"848\"><strong><em>DOP Queso Afuega\u00b4l Pitu.<\/em><\/strong><\/li>\n<li data-start=\"825\" data-end=\"848\">\n<p data-start=\"827\" data-end=\"848\"><strong><em>DOP Queso Cabrales.<\/em><\/strong><\/p>\n<\/li>\n<li data-start=\"852\" data-end=\"872\">\n<p data-start=\"854\" data-end=\"872\"><strong><em>DOP Queso Cas\u00edn.<\/em><\/strong><\/p>\n<\/li>\n<li data-start=\"876\" data-end=\"898\">\n<p data-start=\"878\" data-end=\"898\"><strong><em>DOP Queso Gamoneu.<\/em><\/strong><\/p>\n<\/li>\n<li data-start=\"902\" data-end=\"925\">\n<p data-start=\"904\" data-end=\"925\"><strong><em>DOP Vino de Cangas.<\/em><\/strong><\/p>\n<\/li>\n<\/ul>\n<\/li>\n<li data-start=\"926\" data-end=\"1034\">\n<p data-start=\"929\" data-end=\"1034\">Semblanza y entronizaci\u00f3n de C\u00edrculianos de Honor: <strong><em>Museo Etnogr\u00e1fico de la Lecher\u00eda, de La Foz de Morc\u00edn.<\/em><\/strong><\/p>\n<\/li>\n<li data-start=\"1035\" data-end=\"1097\">\n<p data-start=\"1038\" data-end=\"1097\">Toma de juramento a<strong><em> C\u00edrculianos de N\u00famero, M\u00e9rito y Honor<\/em>.<\/strong><\/p>\n<\/li>\n<li data-start=\"1098\" data-end=\"1150\">\n<p data-start=\"1101\" data-end=\"1150\">Intervenciones de <em>C\u00edrculinos de M\u00e9rito y Honor.<\/em><\/p>\n<\/li>\n<li data-start=\"1151\" data-end=\"1184\">\n<p data-start=\"1154\" data-end=\"1184\">Intervenci\u00f3n de autoridades (<em>M. Bego\u00f1a L\u00f3pez y Juan Cofi\u00f1o Gon\u00e1lez<\/em>).<\/p>\n<\/li>\n<li data-start=\"1185\" data-end=\"1216\">\n<p data-start=\"1188\" data-end=\"1216\">Degustaci\u00f3n Enogastron\u00f3mica.<\/p>\n<\/li>\n<\/ol>\n<p><img decoding=\"async\" loading=\"lazy\" class=\"alignnone\" src=\"https:\/\/s1.ppllstatics.com\/elcomercio\/www\/multimedia\/2025\/06\/27\/quesos-auditorio-RRMCTRosqZhD7Ez8ug4FNhP-1200x840@El%20Comercio.jpg\" alt=\"El C\u00edrculo de los Quesos concede sus premios anuales en Oviedo\" width=\"1200\" height=\"840\" \/><\/p>\n<p><em>Foto tomada del El Comercio, capturada por Alex Pi\u00f1a: La gala en el Auditorio Pr\u00edncipe Felipe.\u00a0<\/em><\/p>\n<h3 data-start=\"2772\" data-end=\"2803\">\u00a0<\/h3>\n<h3 style=\"text-align: left;\" data-start=\"2772\" data-end=\"2803\">Degustaci\u00f3n enogastron\u00f3mica<\/h3>\n<p data-start=\"2805\" data-end=\"2930\">Tras la ceremonia oficial, tuvo lugar una impresionante degustaci\u00f3n de productos asturianos y de otras regiones, que incluy\u00f3:<\/p>\n<p><strong data-start=\"2932\" data-end=\"2942\">Quesos<\/strong><br data-start=\"2942\" data-end=\"2945\" \/>Una selecci\u00f3n de 18 variedades, como Afuega\u2019l Pitu (blanco y roxu), Cabrales, Cas\u00edn, Gamoneu, Idiaz\u00e1bal, Manchego, Cueva Llon\u00edn, Dziugas (Lituania), Serra da Estrela (Portugal), entre otros<\/p>\n<p><strong data-start=\"3137\" data-end=\"3150\">Embutidos<\/strong><br data-start=\"3150\" data-end=\"3153\" \/>Jam\u00f3n de Mangalica al corte, chorizo y salchich\u00f3n ib\u00e9ricos, y lomo de Mangalica.<\/p>\n<p data-start=\"3235\" data-end=\"3256\"><strong data-start=\"3235\" data-end=\"3254\">Otros productos<\/strong><\/p>\n<ul data-start=\"3257\" data-end=\"3340\">\n<li data-start=\"3257\" data-end=\"3297\">\n<p data-start=\"3259\" data-end=\"3297\"><em data-start=\"3259\" data-end=\"3294\">Rapa vaqueira \u201cTarucu\u201d con quesos<\/em>.<\/p>\n<\/li>\n<li data-start=\"3298\" data-end=\"3340\">\n<p data-start=\"3300\" data-end=\"3340\"><em data-start=\"3300\" data-end=\"3317\">Arroz con leche<\/em> de Asturguaya (Tineo).<\/p>\n<\/li>\n<\/ul>\n<p data-start=\"3342\" data-end=\"3469\"><strong data-start=\"3342\" data-end=\"3353\">Bebidas<\/strong><br data-start=\"3353\" data-end=\"3356\" \/>Vino blanco Vi\u00f1a Grandiella (DOP Cangas), vino tinto DOP Cangas, cervezas artesanas Santa y agua Sol\u00e1n de Cabras.<\/p>\n<p><img decoding=\"async\" loading=\"lazy\" class=\"wp-image-2805 alignleft\" src=\"https:\/\/www.unioviedo.es\/catedraIPA\/wp-content\/uploads\/2025\/06\/WhatsApp-Image-2025-06-29-at-20.19.34-3.jpeg\" alt=\"\" width=\"521\" height=\"692\" srcset=\"https:\/\/www.unioviedo.es\/catedraIPA\/wp-content\/uploads\/2025\/06\/WhatsApp-Image-2025-06-29-at-20.19.34-3.jpeg 1536w, https:\/\/www.unioviedo.es\/catedraIPA\/wp-content\/uploads\/2025\/06\/WhatsApp-Image-2025-06-29-at-20.19.34-3-226x300.jpeg 226w, https:\/\/www.unioviedo.es\/catedraIPA\/wp-content\/uploads\/2025\/06\/WhatsApp-Image-2025-06-29-at-20.19.34-3-771x1024.jpeg 771w, https:\/\/www.unioviedo.es\/catedraIPA\/wp-content\/uploads\/2025\/06\/WhatsApp-Image-2025-06-29-at-20.19.34-3-768x1020.jpeg 768w, https:\/\/www.unioviedo.es\/catedraIPA\/wp-content\/uploads\/2025\/06\/WhatsApp-Image-2025-06-29-at-20.19.34-3-1157x1536.jpeg 1157w, https:\/\/www.unioviedo.es\/catedraIPA\/wp-content\/uploads\/2025\/06\/WhatsApp-Image-2025-06-29-at-20.19.34-3-570x757.jpeg 570w\" sizes=\"(max-width: 521px) 100vw, 521px\" \/><\/p>\n<\/div><\/div>\n<\/div>\n<\/div>\n","protected":false},"excerpt":{"rendered":"<p>El pasado viernes 27 de junio de 2025, el Auditorio Pr\u00edncipe Felipe acogi\u00f3 la celebraci\u00f3n de la X Gran Fiesta Gastron\u00f3mica, que organiza el Circulo Gastron\u00f3mico de los Quesos Asturianos. La jornada cont\u00f3 con la presencia de numerosas autoridades, entre ellas el alcalde de Oviedo, Alfredo Canteli; la directora general de Agricultura, Agroindustria y Desarrollo [&hellip;]<\/p>\n","protected":false},"author":1,"featured_media":2802,"comment_status":"open","ping_status":"open","sticky":false,"template":"","format":"standard","meta":[],"categories":[13,12],"tags":[],"_links":{"self":[{"href":"https:\/\/www.unioviedo.es\/catedraIPA\/wp-json\/wp\/v2\/posts\/2800"}],"collection":[{"href":"https:\/\/www.unioviedo.es\/catedraIPA\/wp-json\/wp\/v2\/posts"}],"about":[{"href":"https:\/\/www.unioviedo.es\/catedraIPA\/wp-json\/wp\/v2\/types\/post"}],"author":[{"embeddable":true,"href":"https:\/\/www.unioviedo.es\/catedraIPA\/wp-json\/wp\/v2\/users\/1"}],"replies":[{"embeddable":true,"href":"https:\/\/www.unioviedo.es\/catedraIPA\/wp-json\/wp\/v2\/comments?post=2800"}],"version-history":[{"count":6,"href":"https:\/\/www.unioviedo.es\/catedraIPA\/wp-json\/wp\/v2\/posts\/2800\/revisions"}],"predecessor-version":[{"id":2812,"href":"https:\/\/www.unioviedo.es\/catedraIPA\/wp-json\/wp\/v2\/posts\/2800\/revisions\/2812"}],"wp:featuredmedia":[{"embeddable":true,"href":"https:\/\/www.unioviedo.es\/catedraIPA\/wp-json\/wp\/v2\/media\/2802"}],"wp:attachment":[{"href":"https:\/\/www.unioviedo.es\/catedraIPA\/wp-json\/wp\/v2\/media?parent=2800"}],"wp:term":[{"taxonomy":"category","embeddable":true,"href":"https:\/\/www.unioviedo.es\/catedraIPA\/wp-json\/wp\/v2\/categories?post=2800"},{"taxonomy":"post_tag","embeddable":true,"href":"https:\/\/www.unioviedo.es\/catedraIPA\/wp-json\/wp\/v2\/tags?post=2800"}],"curies":[{"name":"wp","href":"https:\/\/api.w.org\/{rel}","templated":true}]}}