{"id":678,"date":"2019-11-18T20:54:05","date_gmt":"2019-11-18T19:54:05","guid":{"rendered":"https:\/\/www.unioviedo.es\/catedraIPA\/?p=678"},"modified":"2019-11-18T20:54:30","modified_gmt":"2019-11-18T19:54:30","slug":"fiesta-de-les-cebolles-rellenes","status":"publish","type":"post","link":"https:\/\/www.unioviedo.es\/catedraIPA\/fiesta-de-les-cebolles-rellenes\/","title":{"rendered":"Fiesta de Les Cebolles Rellenes"},"content":{"rendered":"\n<p>El Entrego celebrar\u00e1&nbsp;los d\u00edas 29 y 30 de noviembre y 1 y 2 de diciembre,&nbsp;las Fiestas Gastron\u00f3micas de Les Cebolles Rellenes, declaradas por su larga tradici\u00f3n de Inter\u00e9s Tur\u00edstico Regional por el Principado de Asturias, en una veintena de bares, sidrer\u00edas y restaurantes de la localidad, que servir\u00e1n las tradicionales cebollas rellenas de at\u00fan o carne, acompa\u00f1adas de una raci\u00f3n de callos y casadiellas.<\/p>\n","protected":false},"excerpt":{"rendered":"<p>El Entrego celebrar\u00e1&nbsp;los d\u00edas 29 y 30 de noviembre y 1 y 2 de diciembre,&nbsp;las Fiestas Gastron\u00f3micas de Les Cebolles Rellenes, declaradas por su larga tradici\u00f3n de Inter\u00e9s Tur\u00edstico Regional por el Principado de Asturias, en una veintena de bares, sidrer\u00edas y restaurantes de la localidad, que servir\u00e1n las tradicionales cebollas rellenas de at\u00fan o [&hellip;]<\/p>\n","protected":false},"author":1,"featured_media":679,"comment_status":"open","ping_status":"open","sticky":false,"template":"","format":"standard","meta":[],"categories":[13],"tags":[],"_links":{"self":[{"href":"https:\/\/www.unioviedo.es\/catedraIPA\/wp-json\/wp\/v2\/posts\/678"}],"collection":[{"href":"https:\/\/www.unioviedo.es\/catedraIPA\/wp-json\/wp\/v2\/posts"}],"about":[{"href":"https:\/\/www.unioviedo.es\/catedraIPA\/wp-json\/wp\/v2\/types\/post"}],"author":[{"embeddable":true,"href":"https:\/\/www.unioviedo.es\/catedraIPA\/wp-json\/wp\/v2\/users\/1"}],"replies":[{"embeddable":true,"href":"https:\/\/www.unioviedo.es\/catedraIPA\/wp-json\/wp\/v2\/comments?post=678"}],"version-history":[{"count":1,"href":"https:\/\/www.unioviedo.es\/catedraIPA\/wp-json\/wp\/v2\/posts\/678\/revisions"}],"predecessor-version":[{"id":680,"href":"https:\/\/www.unioviedo.es\/catedraIPA\/wp-json\/wp\/v2\/posts\/678\/revisions\/680"}],"wp:featuredmedia":[{"embeddable":true,"href":"https:\/\/www.unioviedo.es\/catedraIPA\/wp-json\/wp\/v2\/media\/679"}],"wp:attachment":[{"href":"https:\/\/www.unioviedo.es\/catedraIPA\/wp-json\/wp\/v2\/media?parent=678"}],"wp:term":[{"taxonomy":"category","embeddable":true,"href":"https:\/\/www.unioviedo.es\/catedraIPA\/wp-json\/wp\/v2\/categories?post=678"},{"taxonomy":"post_tag","embeddable":true,"href":"https:\/\/www.unioviedo.es\/catedraIPA\/wp-json\/wp\/v2\/tags?post=678"}],"curies":[{"name":"wp","href":"https:\/\/api.w.org\/{rel}","templated":true}]}}