{"id":1613,"date":"2024-09-19T12:30:09","date_gmt":"2024-09-19T10:30:09","guid":{"rendered":"https:\/\/www.unioviedo.es\/catedradeemprendimiento\/?p=1613"},"modified":"2024-09-19T12:30:09","modified_gmt":"2024-09-19T10:30:09","slug":"presentacion-informe-gem-asturias-2023-2024","status":"publish","type":"post","link":"https:\/\/www.unioviedo.es\/catedradeemprendimiento\/index.php\/2024\/09\/19\/presentacion-informe-gem-asturias-2023-2024\/","title":{"rendered":"Presentaci\u00f3n Informe GEM Asturias 2023-2024"},"content":{"rendered":"\n<figure class=\"wp-block-image size-large\"><img loading=\"lazy\" decoding=\"async\" width=\"1024\" height=\"724\" src=\"https:\/\/www.unioviedo.es\/catedradeemprendimiento\/wp-content\/uploads\/2024\/09\/Cartel-GEM-2324-1024x724.png\" alt=\"\" class=\"wp-image-1614\" srcset=\"https:\/\/www.unioviedo.es\/catedradeemprendimiento\/wp-content\/uploads\/2024\/09\/Cartel-GEM-2324-1024x724.png 1024w, https:\/\/www.unioviedo.es\/catedradeemprendimiento\/wp-content\/uploads\/2024\/09\/Cartel-GEM-2324-300x212.png 300w, https:\/\/www.unioviedo.es\/catedradeemprendimiento\/wp-content\/uploads\/2024\/09\/Cartel-GEM-2324-768x543.png 768w, https:\/\/www.unioviedo.es\/catedradeemprendimiento\/wp-content\/uploads\/2024\/09\/Cartel-GEM-2324-1536x1086.png 1536w, https:\/\/www.unioviedo.es\/catedradeemprendimiento\/wp-content\/uploads\/2024\/09\/Cartel-GEM-2324.png 2000w\" sizes=\"auto, (max-width: 1024px) 100vw, 1024px\" \/><\/figure>\n\n\n\n<p>El pr\u00f3ximo mi\u00e9rcoles 2 de octubre tendr\u00e1 lugar la Jornada de Presentaci\u00f3n del Informe GEM Asturias 2023-2024. El acto tendr\u00e1 lugar en la Facultad de Econom\u00eda y Empresa de 12:30 a 14:00 horas y estar\u00e1 presidido por la vicerrectora de Transferencia y Relaciones con la Empresa de la Universidad de Oviedo, D\u00f1a. Susana Luque Rodr\u00edguez, y tambi\u00e9n con la presencia del Director General de Empresas, Pymes y Emprendedores, Ignacio Iglesias V\u00e1zquez, y de la Decana de la Facultad de Econom\u00eda y Empresa, Carmen Benavides Gonz\u00e1lez.<br>Durante el acto, tambi\u00e9n se entregar\u00e1n los premios a los mejores TFGs y TFMs sobre emprendimiento y se contar\u00e1 como ponente con D\u00f1a. Sandra Gonz\u00e1lez Ambres, cofundadora y directora t\u00e9cnica de Aritium Technologies.<br><br>La asistencia es libre y gratuita, si bien es necesario, por control de aforo, cumplimentar este enlace: <a href=\"https:\/\/lnkd.in\/duviHybu\">https:\/\/lnkd.in\/duviHybu<\/a>.<br><br><br>\u00a1Os esperamos!<\/p>\n","protected":false},"excerpt":{"rendered":"<p>El pr\u00f3ximo mi\u00e9rcoles 2 de octubre tendr\u00e1 lugar la Jornada de Presentaci\u00f3n del Informe GEM Asturias 2023-2024. El acto tendr\u00e1 lugar en la Facultad de Econom\u00eda y Empresa de 12:30 a 14:00 horas y estar\u00e1 presidido por la vicerrectora de Transferencia y Relaciones con la Empresa de la Universidad de Oviedo, D\u00f1a. Susana Luque Rodr\u00edguez, [&hellip;]<\/p>\n","protected":false},"author":1,"featured_media":0,"comment_status":"closed","ping_status":"closed","sticky":true,"template":"","format":"standard","meta":{"footnotes":""},"categories":[8,9],"tags":[],"class_list":["post-1613","post","type-post","status-publish","format-standard","hentry","category-actos","category-noticias"],"_links":{"self":[{"href":"https:\/\/www.unioviedo.es\/catedradeemprendimiento\/index.php\/wp-json\/wp\/v2\/posts\/1613","targetHints":{"allow":["GET"]}}],"collection":[{"href":"https:\/\/www.unioviedo.es\/catedradeemprendimiento\/index.php\/wp-json\/wp\/v2\/posts"}],"about":[{"href":"https:\/\/www.unioviedo.es\/catedradeemprendimiento\/index.php\/wp-json\/wp\/v2\/types\/post"}],"author":[{"embeddable":true,"href":"https:\/\/www.unioviedo.es\/catedradeemprendimiento\/index.php\/wp-json\/wp\/v2\/users\/1"}],"replies":[{"embeddable":true,"href":"https:\/\/www.unioviedo.es\/catedradeemprendimiento\/index.php\/wp-json\/wp\/v2\/comments?post=1613"}],"version-history":[{"count":1,"href":"https:\/\/www.unioviedo.es\/catedradeemprendimiento\/index.php\/wp-json\/wp\/v2\/posts\/1613\/revisions"}],"predecessor-version":[{"id":1615,"href":"https:\/\/www.unioviedo.es\/catedradeemprendimiento\/index.php\/wp-json\/wp\/v2\/posts\/1613\/revisions\/1615"}],"wp:attachment":[{"href":"https:\/\/www.unioviedo.es\/catedradeemprendimiento\/index.php\/wp-json\/wp\/v2\/media?parent=1613"}],"wp:term":[{"taxonomy":"category","embeddable":true,"href":"https:\/\/www.unioviedo.es\/catedradeemprendimiento\/index.php\/wp-json\/wp\/v2\/categories?post=1613"},{"taxonomy":"post_tag","embeddable":true,"href":"https:\/\/www.unioviedo.es\/catedradeemprendimiento\/index.php\/wp-json\/wp\/v2\/tags?post=1613"}],"curies":[{"name":"wp","href":"https:\/\/api.w.org\/{rel}","templated":true}]}}