{"id":184,"date":"2018-12-18T10:28:58","date_gmt":"2018-12-18T09:28:58","guid":{"rendered":"http:\/\/www.unioviedo.es\/catedradeemprendimiento\/?p=184"},"modified":"2021-02-11T19:45:20","modified_gmt":"2021-02-11T18:45:20","slug":"jornada-de-las-catedras","status":"publish","type":"post","link":"https:\/\/www.unioviedo.es\/catedradeemprendimiento\/index.php\/2018\/12\/18\/jornada-de-las-catedras\/","title":{"rendered":"Jornada de las C\u00e1tedras"},"content":{"rendered":"<p>El 22 de noviembre de 2018 se celebr\u00f3 la I Jornada de las C\u00e1tedras de la Universidad de Oviedo. Estos son algunos recortes de prensa.<\/p>\n<p>&nbsp;<\/p>\n<p><a href=\"https:\/\/www.unioviedo.es\/catedradeemprendimiento\/wp-content\/uploads\/2018\/12\/I-Jornada-de-C\u00e1tedras-El-Comercio-22-de-noviembre-de-2018.pdf\">I Jornada de C\u00e1tedras El Comercio 22 de noviembre de 2018<\/a><\/p>\n<p>&nbsp;<\/p>\n<p><a href=\"https:\/\/www.unioviedo.es\/catedradeemprendimiento\/wp-content\/uploads\/2018\/12\/I-JOrnada-de-C\u00e1tedras-La-Nueva-Espa\u00f1a-23-de-noviembre-de-2018.pdf\">I JOrnada de C\u00e1tedras La Nueva Espa\u00f1a 23 de noviembre de 2018<\/a><\/p>\n","protected":false},"excerpt":{"rendered":"<p>El 22 de noviembre de 2018 se celebr\u00f3 la I Jornada de las C\u00e1tedras de la Universidad de Oviedo. Estos son algunos recortes de prensa. &nbsp; I Jornada de C\u00e1tedras El Comercio 22 de noviembre de 2018 &nbsp; I JOrnada de C\u00e1tedras La Nueva Espa\u00f1a 23 de noviembre de 2018<\/p>\n","protected":false},"author":1,"featured_media":385,"comment_status":"closed","ping_status":"closed","sticky":false,"template":"","format":"standard","meta":{"footnotes":""},"categories":[8],"tags":[],"class_list":["post-184","post","type-post","status-publish","format-standard","has-post-thumbnail","hentry","category-actos"],"_links":{"self":[{"href":"https:\/\/www.unioviedo.es\/catedradeemprendimiento\/index.php\/wp-json\/wp\/v2\/posts\/184","targetHints":{"allow":["GET"]}}],"collection":[{"href":"https:\/\/www.unioviedo.es\/catedradeemprendimiento\/index.php\/wp-json\/wp\/v2\/posts"}],"about":[{"href":"https:\/\/www.unioviedo.es\/catedradeemprendimiento\/index.php\/wp-json\/wp\/v2\/types\/post"}],"author":[{"embeddable":true,"href":"https:\/\/www.unioviedo.es\/catedradeemprendimiento\/index.php\/wp-json\/wp\/v2\/users\/1"}],"replies":[{"embeddable":true,"href":"https:\/\/www.unioviedo.es\/catedradeemprendimiento\/index.php\/wp-json\/wp\/v2\/comments?post=184"}],"version-history":[{"count":2,"href":"https:\/\/www.unioviedo.es\/catedradeemprendimiento\/index.php\/wp-json\/wp\/v2\/posts\/184\/revisions"}],"predecessor-version":[{"id":197,"href":"https:\/\/www.unioviedo.es\/catedradeemprendimiento\/index.php\/wp-json\/wp\/v2\/posts\/184\/revisions\/197"}],"wp:featuredmedia":[{"embeddable":true,"href":"https:\/\/www.unioviedo.es\/catedradeemprendimiento\/index.php\/wp-json\/wp\/v2\/media\/385"}],"wp:attachment":[{"href":"https:\/\/www.unioviedo.es\/catedradeemprendimiento\/index.php\/wp-json\/wp\/v2\/media?parent=184"}],"wp:term":[{"taxonomy":"category","embeddable":true,"href":"https:\/\/www.unioviedo.es\/catedradeemprendimiento\/index.php\/wp-json\/wp\/v2\/categories?post=184"},{"taxonomy":"post_tag","embeddable":true,"href":"https:\/\/www.unioviedo.es\/catedradeemprendimiento\/index.php\/wp-json\/wp\/v2\/tags?post=184"}],"curies":[{"name":"wp","href":"https:\/\/api.w.org\/{rel}","templated":true}]}}