{"id":206,"date":"2019-12-11T12:28:23","date_gmt":"2019-12-11T11:28:23","guid":{"rendered":"http:\/\/www.unioviedo.es\/catedradeemprendimiento\/?p=206"},"modified":"2021-02-11T19:41:44","modified_gmt":"2021-02-11T18:41:44","slug":"presentacion-del-informe-gem-asturias-2019","status":"publish","type":"post","link":"https:\/\/www.unioviedo.es\/catedradeemprendimiento\/index.php\/2019\/12\/11\/presentacion-del-informe-gem-asturias-2019\/","title":{"rendered":"Presentaci\u00f3n del Informe GEM Asturias 2019"},"content":{"rendered":"\n<p>El pasado 10 de diciembre de 2019, en el Edificio del Rectorado de la Universidad de Oviedo tuvo la presentaci\u00f3n de los datos  del informe GEM ASTURIAS. A la presentaci\u00f3n, realizada por Jes\u00fas del Br\u00edo (director de la C\u00e1tedra de Emprendimiento Caja Rural de Asturias Capg\u00e9mini) junto con los investigadores de la C\u00e1tedra Bego\u00f1a Cuetos y Mat\u00edas Mayor,  asistieron el Rector de la Universidad de Oviedo, Santiago Garc\u00eda Granda, el Subdirector General de Caja Rural de Asturias, Silvino Ur\u00edzar  y el  <br>Director de Centro de Capg\u00e9mini Asturias ,Juan Luis Lara Mendoza.<\/p>\n\n\n\n<figure class=\"wp-block-image\"><img loading=\"lazy\" decoding=\"async\" width=\"1024\" height=\"768\" src=\"https:\/\/www.unioviedo.es\/catedradeemprendimiento\/wp-content\/uploads\/2020\/01\/20191210-presentacion-c\u00e1tedra6-1024x768.jpg\" alt=\"\" class=\"wp-image-207\" srcset=\"https:\/\/www.unioviedo.es\/catedradeemprendimiento\/wp-content\/uploads\/2020\/01\/20191210-presentacion-c\u00e1tedra6-1024x768.jpg 1024w, https:\/\/www.unioviedo.es\/catedradeemprendimiento\/wp-content\/uploads\/2020\/01\/20191210-presentacion-c\u00e1tedra6-300x225.jpg 300w, https:\/\/www.unioviedo.es\/catedradeemprendimiento\/wp-content\/uploads\/2020\/01\/20191210-presentacion-c\u00e1tedra6-768x576.jpg 768w, https:\/\/www.unioviedo.es\/catedradeemprendimiento\/wp-content\/uploads\/2020\/01\/20191210-presentacion-c\u00e1tedra6.jpg 2000w\" sizes=\"auto, (max-width: 1024px) 100vw, 1024px\" \/><\/figure>\n","protected":false},"excerpt":{"rendered":"<p>El pasado 10 de diciembre de 2019, en el Edificio del Rectorado de la Universidad de Oviedo tuvo la presentaci\u00f3n de los datos del informe GEM ASTURIAS. A la presentaci\u00f3n, realizada por Jes\u00fas del Br\u00edo (director de la C\u00e1tedra de Emprendimiento Caja Rural de Asturias Capg\u00e9mini) junto con los investigadores de la C\u00e1tedra Bego\u00f1a Cuetos [&hellip;]<\/p>\n","protected":false},"author":1,"featured_media":207,"comment_status":"closed","ping_status":"closed","sticky":false,"template":"","format":"standard","meta":{"footnotes":""},"categories":[4],"tags":[],"class_list":["post-206","post","type-post","status-publish","format-standard","has-post-thumbnail","hentry","category-informes"],"_links":{"self":[{"href":"https:\/\/www.unioviedo.es\/catedradeemprendimiento\/index.php\/wp-json\/wp\/v2\/posts\/206","targetHints":{"allow":["GET"]}}],"collection":[{"href":"https:\/\/www.unioviedo.es\/catedradeemprendimiento\/index.php\/wp-json\/wp\/v2\/posts"}],"about":[{"href":"https:\/\/www.unioviedo.es\/catedradeemprendimiento\/index.php\/wp-json\/wp\/v2\/types\/post"}],"author":[{"embeddable":true,"href":"https:\/\/www.unioviedo.es\/catedradeemprendimiento\/index.php\/wp-json\/wp\/v2\/users\/1"}],"replies":[{"embeddable":true,"href":"https:\/\/www.unioviedo.es\/catedradeemprendimiento\/index.php\/wp-json\/wp\/v2\/comments?post=206"}],"version-history":[{"count":1,"href":"https:\/\/www.unioviedo.es\/catedradeemprendimiento\/index.php\/wp-json\/wp\/v2\/posts\/206\/revisions"}],"predecessor-version":[{"id":208,"href":"https:\/\/www.unioviedo.es\/catedradeemprendimiento\/index.php\/wp-json\/wp\/v2\/posts\/206\/revisions\/208"}],"wp:featuredmedia":[{"embeddable":true,"href":"https:\/\/www.unioviedo.es\/catedradeemprendimiento\/index.php\/wp-json\/wp\/v2\/media\/207"}],"wp:attachment":[{"href":"https:\/\/www.unioviedo.es\/catedradeemprendimiento\/index.php\/wp-json\/wp\/v2\/media?parent=206"}],"wp:term":[{"taxonomy":"category","embeddable":true,"href":"https:\/\/www.unioviedo.es\/catedradeemprendimiento\/index.php\/wp-json\/wp\/v2\/categories?post=206"},{"taxonomy":"post_tag","embeddable":true,"href":"https:\/\/www.unioviedo.es\/catedradeemprendimiento\/index.php\/wp-json\/wp\/v2\/tags?post=206"}],"curies":[{"name":"wp","href":"https:\/\/api.w.org\/{rel}","templated":true}]}}