{"id":214,"date":"2020-02-04T13:41:21","date_gmt":"2020-02-04T12:41:21","guid":{"rendered":"http:\/\/www.unioviedo.es\/catedradeemprendimiento\/?p=214"},"modified":"2021-02-11T19:20:08","modified_gmt":"2021-02-11T18:20:08","slug":"charla-emprendimiento-en-la-ingenieria-dia-internacional-de-la-nina-y-la-mujer-en-la-ciencia","status":"publish","type":"post","link":"https:\/\/www.unioviedo.es\/catedradeemprendimiento\/index.php\/2020\/02\/04\/charla-emprendimiento-en-la-ingenieria-dia-internacional-de-la-nina-y-la-mujer-en-la-ciencia\/","title":{"rendered":"Charla Emprendimiento en la Ingenier\u00eda (D\u00eda Internacional de la ni\u00f1a y la mujer en la ciencia)"},"content":{"rendered":"\n<p>Con motivo del d\u00eda internacional de la ni\u00f1a y la mujer en la ciencia, el 14 de febrero a las 9.30, la C\u00e1tedra de Emprendimiento Caja Rural de Asturias-Capg\u00e9mini de la Universidad de Oviedo ha organizado una charla con tres ingenieras emprendedoras y tiene el gusto de invitar a la asistencia. La charla ser\u00e1 o bien en el Aula Magna de la EPI (Aulario Sur). El programa de toda la sesi\u00f3n ser\u00e1 la siguiente:<\/p>\n\n\n\n<p>09:15-09:30&nbsp;&nbsp;&nbsp;&nbsp;&nbsp;&nbsp;&nbsp; Recepci\u00f3n de\nparticipantes en el Aula Magna<\/p>\n\n\n\n<p>09:30-10:00&nbsp;&nbsp;&nbsp;&nbsp;&nbsp;&nbsp;&nbsp; Inauguraci\u00f3n<\/p>\n\n\n\n<ul class=\"wp-block-list\"><li>Santiago Garc\u00eda Granda, Rector de la Universidad de Oviedo<ul><li>Ana Gonz\u00e1lez Rodr\u00edguez, Alcaldesa de Gij\u00f3n<\/li><\/ul><\/li><\/ul>\n\n\n\n<p>10:00-11:00&nbsp;&nbsp;&nbsp;&nbsp;&nbsp;&nbsp;&nbsp;&nbsp; Mesa redonda \u201cEMPRENDEDORAS\u201d con tres ingenieras\nque estudiaron en nuestra Escuela y que han fundado una empresa<\/p>\n\n\n\n<ul class=\"wp-block-list\"><li>Mari\u00e1n Garc\u00eda Prieto, fundadora de i4life<ul><li>Ana P\u00e9rez Otero, fundadora de Ingenium<\/li><\/ul><ul><li>Isabel Vinagre, fundadora de P&amp;L Global<\/li><\/ul><\/li><\/ul>\n\n\n\n<p>Modera: Jes\u00fas del Br\u00edo,\ndirector de la C\u00e1tedra de Emprendimito Caja Rural de Asturias-Capgemini de la\nUniversidad de Oviedo<\/p>\n\n\n\n<p>11:00-13:30&nbsp;&nbsp;&nbsp;&nbsp;&nbsp;&nbsp;&nbsp; Visitas guiadas a\nlaboratorios de la Escuela<\/p>\n\n\n\n<figure class=\"wp-block-image\"><img loading=\"lazy\" decoding=\"async\" width=\"1024\" height=\"576\" src=\"https:\/\/www.unioviedo.es\/catedradeemprendimiento\/wp-content\/uploads\/2020\/02\/2020214_Dia_mujer_nina_emprendedoras-1024x576.jpg\" alt=\"\" class=\"wp-image-215\" srcset=\"https:\/\/www.unioviedo.es\/catedradeemprendimiento\/wp-content\/uploads\/2020\/02\/2020214_Dia_mujer_nina_emprendedoras-1024x576.jpg 1024w, https:\/\/www.unioviedo.es\/catedradeemprendimiento\/wp-content\/uploads\/2020\/02\/2020214_Dia_mujer_nina_emprendedoras-300x169.jpg 300w, https:\/\/www.unioviedo.es\/catedradeemprendimiento\/wp-content\/uploads\/2020\/02\/2020214_Dia_mujer_nina_emprendedoras-768x432.jpg 768w\" sizes=\"auto, (max-width: 1024px) 100vw, 1024px\" \/><\/figure>\n","protected":false},"excerpt":{"rendered":"<p>Con motivo del d\u00eda internacional de la ni\u00f1a y la mujer en la ciencia, el 14 de febrero a las 9.30, la C\u00e1tedra de Emprendimiento Caja Rural de Asturias-Capg\u00e9mini de la Universidad de Oviedo ha organizado una charla con tres ingenieras emprendedoras y tiene el gusto de invitar a la asistencia. La charla ser\u00e1 o [&hellip;]<\/p>\n","protected":false},"author":1,"featured_media":215,"comment_status":"closed","ping_status":"closed","sticky":false,"template":"","format":"standard","meta":{"footnotes":""},"categories":[8],"tags":[],"class_list":["post-214","post","type-post","status-publish","format-standard","has-post-thumbnail","hentry","category-actos"],"_links":{"self":[{"href":"https:\/\/www.unioviedo.es\/catedradeemprendimiento\/index.php\/wp-json\/wp\/v2\/posts\/214","targetHints":{"allow":["GET"]}}],"collection":[{"href":"https:\/\/www.unioviedo.es\/catedradeemprendimiento\/index.php\/wp-json\/wp\/v2\/posts"}],"about":[{"href":"https:\/\/www.unioviedo.es\/catedradeemprendimiento\/index.php\/wp-json\/wp\/v2\/types\/post"}],"author":[{"embeddable":true,"href":"https:\/\/www.unioviedo.es\/catedradeemprendimiento\/index.php\/wp-json\/wp\/v2\/users\/1"}],"replies":[{"embeddable":true,"href":"https:\/\/www.unioviedo.es\/catedradeemprendimiento\/index.php\/wp-json\/wp\/v2\/comments?post=214"}],"version-history":[{"count":2,"href":"https:\/\/www.unioviedo.es\/catedradeemprendimiento\/index.php\/wp-json\/wp\/v2\/posts\/214\/revisions"}],"predecessor-version":[{"id":218,"href":"https:\/\/www.unioviedo.es\/catedradeemprendimiento\/index.php\/wp-json\/wp\/v2\/posts\/214\/revisions\/218"}],"wp:featuredmedia":[{"embeddable":true,"href":"https:\/\/www.unioviedo.es\/catedradeemprendimiento\/index.php\/wp-json\/wp\/v2\/media\/215"}],"wp:attachment":[{"href":"https:\/\/www.unioviedo.es\/catedradeemprendimiento\/index.php\/wp-json\/wp\/v2\/media?parent=214"}],"wp:term":[{"taxonomy":"category","embeddable":true,"href":"https:\/\/www.unioviedo.es\/catedradeemprendimiento\/index.php\/wp-json\/wp\/v2\/categories?post=214"},{"taxonomy":"post_tag","embeddable":true,"href":"https:\/\/www.unioviedo.es\/catedradeemprendimiento\/index.php\/wp-json\/wp\/v2\/tags?post=214"}],"curies":[{"name":"wp","href":"https:\/\/api.w.org\/{rel}","templated":true}]}}