{"id":557,"date":"2021-11-11T11:08:06","date_gmt":"2021-11-11T10:08:06","guid":{"rendered":"https:\/\/www.unioviedo.es\/catedradeemprendimiento\/?p=557"},"modified":"2021-11-11T11:08:06","modified_gmt":"2021-11-11T10:08:06","slug":"resolucion-de-los-premios-a-trabajos-fin-de-grado-tfg-y-trabajos-fin-de-master-tfm","status":"publish","type":"post","link":"https:\/\/www.unioviedo.es\/catedradeemprendimiento\/index.php\/2021\/11\/11\/resolucion-de-los-premios-a-trabajos-fin-de-grado-tfg-y-trabajos-fin-de-master-tfm\/","title":{"rendered":"Resoluci\u00f3n de los premios a Trabajos Fin de Grado (TFG) y Trabajos Fin de Master (TFM)"},"content":{"rendered":"\n<h2 class=\"wp-block-heading\">C\u00e1tedra de Emprendimiento Universidad de Oviedo &#8211; Caja Rural de Asturias<\/h2>\n\n\n\n<!--more-->\n\n\n\n<p>La Comisi\u00f3n de Valoraci\u00f3n designada al efecto decidi\u00f3 otorgar los premios a las siguientes personas:<\/p>\n\n\n\n<ol class=\"wp-block-list\" type=\"1\"><li>Mejor TFG gen\u00e9rico sobre la actividad emprendedora: D\u00f1a. Luisa Fernanda Trivi\u00f1o Puentes, con el trabajo titulado \u201cLa Estrategia de Comunicaci\u00f3n Comercial para los Programas de Emprendimiento\u201d.<\/li><li>Mejor TFG espec\u00edfico sobre una idea de negocio: D\u00f1a. Laura Fern\u00e1ndez Calv\u00edn, con el trabajo titulado \u201cLa Moda Sostenible: Una Propuesta de Comercializaci\u00f3n Basada en la Transformaci\u00f3n Digital\u201d.<\/li><li>Mejor TFM gen\u00e9rico sobre la actividad emprendedora: D. Josu\u00e9 Iglesias \u00c1lvarez, con el trabajo titulado \u201cEl Concepto de Eficacia de la Transferencia de Conocimiento como Marco Anal\u00edtico para la Revisi\u00f3n de las Normativas sobre Creaci\u00f3n de Spin-Offs Acad\u00e9micas en las Universidades Espa\u00f1olas\u201d.<\/li><li>Mejor TFM espec\u00edfico sobre una idea de negocio: D\u00f1a. M\u00f3nica \u00c1lvarez W\u00fcnterberger, con el trabajo titulado \u201cAn\u00e1lisis de la Potencialidad Tur\u00edstica del Complejo Agropecuario Granja Rosario (Goz\u00f3n, Asturias) destinado a Actividades L\u00fadicas y Educativas en el Medio Rural\u201d.<\/li><\/ol>\n\n\n\n<hr class=\"wp-block-separator\"\/>\n\n\n\n<p>El acto de entrega de los premios tendr\u00e1 lugar el viernes 3 de diciembre en la Facultad de Econom\u00eda y Empresa, durante la Jornada de presentaci\u00f3n del Informe GEM Asturias 2020-2021.<\/p>\n","protected":false},"excerpt":{"rendered":"<p>C\u00e1tedra de Emprendimiento Universidad de Oviedo &#8211; Caja Rural de Asturias<\/p>\n","protected":false},"author":1,"featured_media":0,"comment_status":"closed","ping_status":"closed","sticky":false,"template":"","format":"standard","meta":{"footnotes":""},"categories":[9,5],"tags":[],"class_list":["post-557","post","type-post","status-publish","format-standard","hentry","category-noticias","category-premios"],"_links":{"self":[{"href":"https:\/\/www.unioviedo.es\/catedradeemprendimiento\/index.php\/wp-json\/wp\/v2\/posts\/557","targetHints":{"allow":["GET"]}}],"collection":[{"href":"https:\/\/www.unioviedo.es\/catedradeemprendimiento\/index.php\/wp-json\/wp\/v2\/posts"}],"about":[{"href":"https:\/\/www.unioviedo.es\/catedradeemprendimiento\/index.php\/wp-json\/wp\/v2\/types\/post"}],"author":[{"embeddable":true,"href":"https:\/\/www.unioviedo.es\/catedradeemprendimiento\/index.php\/wp-json\/wp\/v2\/users\/1"}],"replies":[{"embeddable":true,"href":"https:\/\/www.unioviedo.es\/catedradeemprendimiento\/index.php\/wp-json\/wp\/v2\/comments?post=557"}],"version-history":[{"count":1,"href":"https:\/\/www.unioviedo.es\/catedradeemprendimiento\/index.php\/wp-json\/wp\/v2\/posts\/557\/revisions"}],"predecessor-version":[{"id":558,"href":"https:\/\/www.unioviedo.es\/catedradeemprendimiento\/index.php\/wp-json\/wp\/v2\/posts\/557\/revisions\/558"}],"wp:attachment":[{"href":"https:\/\/www.unioviedo.es\/catedradeemprendimiento\/index.php\/wp-json\/wp\/v2\/media?parent=557"}],"wp:term":[{"taxonomy":"category","embeddable":true,"href":"https:\/\/www.unioviedo.es\/catedradeemprendimiento\/index.php\/wp-json\/wp\/v2\/categories?post=557"},{"taxonomy":"post_tag","embeddable":true,"href":"https:\/\/www.unioviedo.es\/catedradeemprendimiento\/index.php\/wp-json\/wp\/v2\/tags?post=557"}],"curies":[{"name":"wp","href":"https:\/\/api.w.org\/{rel}","templated":true}]}}