{"id":11392,"date":"2014-06-30T14:33:42","date_gmt":"2014-06-30T13:33:42","guid":{"rendered":"http:\/\/aulahunosa.es\/?p=11392"},"modified":"2021-03-15T10:40:47","modified_gmt":"2021-03-15T09:40:47","slug":"la-geotermia-de-hunosa-protagonista-en-las-jornadas-inaugurales-del-nuevo-hospital-comarcal-de-mieres","status":"publish","type":"post","link":"https:\/\/www.unioviedo.es\/catedrahunosa\/la-geotermia-de-hunosa-protagonista-en-las-jornadas-inaugurales-del-nuevo-hospital-comarcal-de-mieres\/","title":{"rendered":"Jornadas Inaugurales Hospital Comarcal Mieres"},"content":{"rendered":"\n<h2 class=\"wp-block-heading\">La geotermia de HUNOSA, protagonista en las jornadas inaugurales del nuevo hospital comarcal de Mieres<\/h2>\n\n\n<h3>La ingeniera Bel\u00e9n Garz\u00f3n explic\u00f3 como abastece HUNOSA de calefacci\u00f3n y refrigeraci\u00f3n al nuevo centro sanitario aprovechando el agua del pozo Barredo<\/h3>\n<p>La energ\u00eda geot\u00e9rmica desarrollada por HUNOSA ha sido la protagonista de la jornada inaugural del Ciclo de Conferencias \u201cNuevas tecnolog\u00edas en los hospitales modernos\u201d, unas charlas sobre ciencia y sanidad organizadas por el nuevo hospital de Mieres, que acaba de abrir sus puertas hace escasas semanas.<br>\nLa ingeniera de HUNOSA, Bel\u00e9n Garz\u00f3n, ha sido la encargada de explicar el funcionamiento de la instalaci\u00f3n de geotermia desarrollada por la empresa hullera en el hospital, un sistema que suministra de calefacci\u00f3n y refrigeraci\u00f3n al nuevo centro sanitario aprovechando la temperatura del agua que mana en el cercano pozo Barredo. \u201cA grandes rasgos, el sistema consiste en sacar agua del pozo Barredo, sin actividad extractiva desde hace a\u00f1os, y aprovechar la temperatura de ese agua, su energ\u00eda, tanto para calefactar como para refrigerar el edificio sanitario\u00bb, explic\u00f3 Garz\u00f3n. Este sistema tambi\u00e9n est\u00e1 instalado en la residencia de estudiantes y en el centro de investigaci\u00f3n del campus de Mieres, en los que ya se han hecho pruebas y s\u00f3lo restan algunos tr\u00e1mites administrativos para su puesta en funcionamiento.<br>\nAl acto asistieron, entre otros, el presidente del Principado, Javier Fern\u00e1ndez; la presidenta de HUNOSA, Mar\u00eda Teresa Mallada; el alcalde de Mieres, \u00c1nibal V\u00e1zquez; el consejero de Sanidad, Faustino Blanco; el director de Nuevos Desarrollos de HUNOSA, Javier Sope\u00f1a; y el rector de la Universidad de Oviedo, Vicente Gotor; que aparecen todos en la imagen que acompa\u00f1a estas l\u00edneas. Fern\u00e1ndez destac\u00f3 el \u00e9xito que supone para Asturias haber sido capaz de poner en marcha dos grandes hospitales en plena crisis. \u201cEs un hito en la historia de la sanidad p\u00fablica asturiana\u00bb, recalc\u00f3. El Presidente asturiano destac\u00f3 tambi\u00e9n que el hospital incorpora la tecnolog\u00eda de HUNOSA para abastecerse de energ\u00eda geot\u00e9rmica, en lo que consiste el segundo mayor proyecto de estas caracter\u00edsticas que funciona actualmente en Espa\u00f1a.<br>\nFuente: <a href=\"http:\/\/www.hunosa.es\/metaspace\/portal\/47635\/50198-noticia-2014?pms=1,50232,50197005,view,normal,0&amp;id_html_article=51010&amp;mtsp_nocache=yes&amp;back_ipg=50197&amp;meta_from_article=51010&amp;one_article=1\" target=\"_blank\" rel=\"noopener noreferrer\">HUNOSA<\/a><\/p>","protected":false},"excerpt":{"rendered":"<p>La geotermia de HUNOSA, protagonista en las jornadas inaugurales del nuevo hospital comarcal de Mieres La ingeniera Bel\u00e9n Garz\u00f3n explic\u00f3 como abastece HUNOSA de calefacci\u00f3n y refrigeraci\u00f3n al nuevo centro sanitario aprovechando el agua del pozo Barredo La energ\u00eda geot\u00e9rmica desarrollada por HUNOSA ha sido la protagonista de la jornada inaugural del Ciclo de Conferencias &hellip; <\/p>\n<p class=\"link-more\"><a href=\"https:\/\/www.unioviedo.es\/catedrahunosa\/la-geotermia-de-hunosa-protagonista-en-las-jornadas-inaugurales-del-nuevo-hospital-comarcal-de-mieres\/\" class=\"more-link\">Continuar leyendo<span class=\"screen-reader-text\"> \u00abJornadas Inaugurales Hospital Comarcal Mieres\u00bb<\/span><\/a><\/p>\n","protected":false},"author":1,"featured_media":15339,"comment_status":"open","ping_status":"open","sticky":false,"template":"","format":"standard","meta":{"_monsterinsights_skip_tracking":false,"_monsterinsights_sitenote_active":false,"_monsterinsights_sitenote_note":"","_monsterinsights_sitenote_category":0,"footnotes":""},"categories":[4],"tags":[],"class_list":["post-11392","post","type-post","status-publish","format-standard","has-post-thumbnail","hentry","category-noticias"],"yoast_head":"<!-- This site is optimized with the Yoast SEO plugin v27.5 - https:\/\/yoast.com\/product\/yoast-seo-wordpress\/ -->\n<title>Jornadas Inaugurales Hospital Comarcal Mieres | C\u00e1tedra Hunosa<\/title>\n<meta name=\"robots\" content=\"index, follow, max-snippet:-1, max-image-preview:large, max-video-preview:-1\" \/>\n<link rel=\"canonical\" href=\"https:\/\/www.unioviedo.es\/catedrahunosa\/la-geotermia-de-hunosa-protagonista-en-las-jornadas-inaugurales-del-nuevo-hospital-comarcal-de-mieres\/\" \/>\n<meta property=\"og:locale\" content=\"es_ES\" \/>\n<meta property=\"og:type\" content=\"article\" \/>\n<meta property=\"og:title\" content=\"Jornadas Inaugurales Hospital Comarcal Mieres | C\u00e1tedra Hunosa\" \/>\n<meta property=\"og:description\" content=\"La geotermia de HUNOSA, protagonista en las jornadas inaugurales del nuevo hospital comarcal de Mieres La ingeniera Bel\u00e9n Garz\u00f3n explic\u00f3 como abastece HUNOSA de calefacci\u00f3n y refrigeraci\u00f3n al nuevo centro sanitario aprovechando el agua del pozo Barredo La energ\u00eda geot\u00e9rmica desarrollada por HUNOSA ha sido la protagonista de la jornada inaugural del Ciclo de Conferencias &hellip; Continuar leyendo &quot;Jornadas Inaugurales Hospital Comarcal Mieres&quot;\" \/>\n<meta property=\"og:url\" content=\"https:\/\/www.unioviedo.es\/catedrahunosa\/la-geotermia-de-hunosa-protagonista-en-las-jornadas-inaugurales-del-nuevo-hospital-comarcal-de-mieres\/\" \/>\n<meta property=\"og:site_name\" content=\"C\u00e1tedra Hunosa\" \/>\n<meta property=\"article:publisher\" content=\"https:\/\/www.facebook.com\/CatedraHunosa\/\" \/>\n<meta property=\"article:published_time\" content=\"2014-06-30T13:33:42+00:00\" \/>\n<meta property=\"article:modified_time\" content=\"2021-03-15T09:40:47+00:00\" \/>\n<meta property=\"og:image\" content=\"https:\/\/www.unioviedo.es\/catedrahunosa\/wp-content\/uploads\/2014\/06\/geotermia_barredo_noticia-1200x751-1.jpeg\" \/>\n\t<meta property=\"og:image:width\" content=\"1200\" \/>\n\t<meta property=\"og:image:height\" content=\"751\" \/>\n\t<meta property=\"og:image:type\" content=\"image\/jpeg\" \/>\n<meta name=\"author\" content=\"Teresa Fern\u00e1ndez\" \/>\n<meta name=\"twitter:card\" content=\"summary_large_image\" \/>\n<meta name=\"twitter:label1\" content=\"Escrito por\" \/>\n\t<meta name=\"twitter:data1\" content=\"Teresa Fern\u00e1ndez\" \/>\n\t<meta name=\"twitter:label2\" content=\"Tiempo de lectura\" \/>\n\t<meta name=\"twitter:data2\" content=\"2 minutos\" \/>\n<script type=\"application\/ld+json\" class=\"yoast-schema-graph\">{\"@context\":\"https:\\\/\\\/schema.org\",\"@graph\":[{\"@type\":\"Article\",\"@id\":\"https:\\\/\\\/www.unioviedo.es\\\/catedrahunosa\\\/la-geotermia-de-hunosa-protagonista-en-las-jornadas-inaugurales-del-nuevo-hospital-comarcal-de-mieres\\\/#article\",\"isPartOf\":{\"@id\":\"https:\\\/\\\/www.unioviedo.es\\\/catedrahunosa\\\/la-geotermia-de-hunosa-protagonista-en-las-jornadas-inaugurales-del-nuevo-hospital-comarcal-de-mieres\\\/\"},\"author\":{\"name\":\"Teresa Fern\u00e1ndez\",\"@id\":\"https:\\\/\\\/www.unioviedo.es\\\/catedrahunosa\\\/#\\\/schema\\\/person\\\/00a8552266d1031c0a7fecbd5f96ca1e\"},\"headline\":\"Jornadas Inaugurales Hospital Comarcal Mieres\",\"datePublished\":\"2014-06-30T13:33:42+00:00\",\"dateModified\":\"2021-03-15T09:40:47+00:00\",\"mainEntityOfPage\":{\"@id\":\"https:\\\/\\\/www.unioviedo.es\\\/catedrahunosa\\\/la-geotermia-de-hunosa-protagonista-en-las-jornadas-inaugurales-del-nuevo-hospital-comarcal-de-mieres\\\/\"},\"wordCount\":377,\"commentCount\":0,\"publisher\":{\"@id\":\"https:\\\/\\\/www.unioviedo.es\\\/catedrahunosa\\\/#organization\"},\"image\":{\"@id\":\"https:\\\/\\\/www.unioviedo.es\\\/catedrahunosa\\\/la-geotermia-de-hunosa-protagonista-en-las-jornadas-inaugurales-del-nuevo-hospital-comarcal-de-mieres\\\/#primaryimage\"},\"thumbnailUrl\":\"https:\\\/\\\/www.unioviedo.es\\\/catedrahunosa\\\/wp-content\\\/uploads\\\/2014\\\/06\\\/geotermia_barredo_noticia-1200x751-1.jpeg\",\"articleSection\":[\"Noticias\"],\"inLanguage\":\"es\",\"potentialAction\":[{\"@type\":\"CommentAction\",\"name\":\"Comment\",\"target\":[\"https:\\\/\\\/www.unioviedo.es\\\/catedrahunosa\\\/la-geotermia-de-hunosa-protagonista-en-las-jornadas-inaugurales-del-nuevo-hospital-comarcal-de-mieres\\\/#respond\"]}]},{\"@type\":\"WebPage\",\"@id\":\"https:\\\/\\\/www.unioviedo.es\\\/catedrahunosa\\\/la-geotermia-de-hunosa-protagonista-en-las-jornadas-inaugurales-del-nuevo-hospital-comarcal-de-mieres\\\/\",\"url\":\"https:\\\/\\\/www.unioviedo.es\\\/catedrahunosa\\\/la-geotermia-de-hunosa-protagonista-en-las-jornadas-inaugurales-del-nuevo-hospital-comarcal-de-mieres\\\/\",\"name\":\"Jornadas Inaugurales Hospital Comarcal Mieres | C\u00e1tedra Hunosa\",\"isPartOf\":{\"@id\":\"https:\\\/\\\/www.unioviedo.es\\\/catedrahunosa\\\/#website\"},\"primaryImageOfPage\":{\"@id\":\"https:\\\/\\\/www.unioviedo.es\\\/catedrahunosa\\\/la-geotermia-de-hunosa-protagonista-en-las-jornadas-inaugurales-del-nuevo-hospital-comarcal-de-mieres\\\/#primaryimage\"},\"image\":{\"@id\":\"https:\\\/\\\/www.unioviedo.es\\\/catedrahunosa\\\/la-geotermia-de-hunosa-protagonista-en-las-jornadas-inaugurales-del-nuevo-hospital-comarcal-de-mieres\\\/#primaryimage\"},\"thumbnailUrl\":\"https:\\\/\\\/www.unioviedo.es\\\/catedrahunosa\\\/wp-content\\\/uploads\\\/2014\\\/06\\\/geotermia_barredo_noticia-1200x751-1.jpeg\",\"datePublished\":\"2014-06-30T13:33:42+00:00\",\"dateModified\":\"2021-03-15T09:40:47+00:00\",\"breadcrumb\":{\"@id\":\"https:\\\/\\\/www.unioviedo.es\\\/catedrahunosa\\\/la-geotermia-de-hunosa-protagonista-en-las-jornadas-inaugurales-del-nuevo-hospital-comarcal-de-mieres\\\/#breadcrumb\"},\"inLanguage\":\"es\",\"potentialAction\":[{\"@type\":\"ReadAction\",\"target\":[\"https:\\\/\\\/www.unioviedo.es\\\/catedrahunosa\\\/la-geotermia-de-hunosa-protagonista-en-las-jornadas-inaugurales-del-nuevo-hospital-comarcal-de-mieres\\\/\"]}]},{\"@type\":\"ImageObject\",\"inLanguage\":\"es\",\"@id\":\"https:\\\/\\\/www.unioviedo.es\\\/catedrahunosa\\\/la-geotermia-de-hunosa-protagonista-en-las-jornadas-inaugurales-del-nuevo-hospital-comarcal-de-mieres\\\/#primaryimage\",\"url\":\"https:\\\/\\\/www.unioviedo.es\\\/catedrahunosa\\\/wp-content\\\/uploads\\\/2014\\\/06\\\/geotermia_barredo_noticia-1200x751-1.jpeg\",\"contentUrl\":\"https:\\\/\\\/www.unioviedo.es\\\/catedrahunosa\\\/wp-content\\\/uploads\\\/2014\\\/06\\\/geotermia_barredo_noticia-1200x751-1.jpeg\",\"width\":1200,\"height\":751},{\"@type\":\"BreadcrumbList\",\"@id\":\"https:\\\/\\\/www.unioviedo.es\\\/catedrahunosa\\\/la-geotermia-de-hunosa-protagonista-en-las-jornadas-inaugurales-del-nuevo-hospital-comarcal-de-mieres\\\/#breadcrumb\",\"itemListElement\":[{\"@type\":\"ListItem\",\"position\":1,\"name\":\"Portada\",\"item\":\"https:\\\/\\\/www.unioviedo.es\\\/catedrahunosa\\\/\"},{\"@type\":\"ListItem\",\"position\":2,\"name\":\"Jornadas Inaugurales Hospital Comarcal Mieres\"}]},{\"@type\":\"WebSite\",\"@id\":\"https:\\\/\\\/www.unioviedo.es\\\/catedrahunosa\\\/#website\",\"url\":\"https:\\\/\\\/www.unioviedo.es\\\/catedrahunosa\\\/\",\"name\":\"C\u00e1tedra Hunosa\",\"description\":\"Energ\u00edas Renovables\",\"publisher\":{\"@id\":\"https:\\\/\\\/www.unioviedo.es\\\/catedrahunosa\\\/#organization\"},\"potentialAction\":[{\"@type\":\"SearchAction\",\"target\":{\"@type\":\"EntryPoint\",\"urlTemplate\":\"https:\\\/\\\/www.unioviedo.es\\\/catedrahunosa\\\/?s={search_term_string}\"},\"query-input\":{\"@type\":\"PropertyValueSpecification\",\"valueRequired\":true,\"valueName\":\"search_term_string\"}}],\"inLanguage\":\"es\"},{\"@type\":\"Organization\",\"@id\":\"https:\\\/\\\/www.unioviedo.es\\\/catedrahunosa\\\/#organization\",\"name\":\"C\u00e1tedra Hunosa\",\"url\":\"https:\\\/\\\/www.unioviedo.es\\\/catedrahunosa\\\/\",\"logo\":{\"@type\":\"ImageObject\",\"inLanguage\":\"es\",\"@id\":\"https:\\\/\\\/www.unioviedo.es\\\/catedrahunosa\\\/#\\\/schema\\\/logo\\\/image\\\/\",\"url\":\"https:\\\/\\\/www.unioviedo.es\\\/catedrahunosa\\\/wp-content\\\/uploads\\\/2021\\\/03\\\/cropped-ISOTIPO-CATEDRA-1.png\",\"contentUrl\":\"https:\\\/\\\/www.unioviedo.es\\\/catedrahunosa\\\/wp-content\\\/uploads\\\/2021\\\/03\\\/cropped-ISOTIPO-CATEDRA-1.png\",\"width\":633,\"height\":633,\"caption\":\"C\u00e1tedra Hunosa\"},\"image\":{\"@id\":\"https:\\\/\\\/www.unioviedo.es\\\/catedrahunosa\\\/#\\\/schema\\\/logo\\\/image\\\/\"},\"sameAs\":[\"https:\\\/\\\/www.facebook.com\\\/CatedraHunosa\\\/\",\"https:\\\/\\\/www.linkedin.com\\\/company\\\/c\u00e1tedra-hunosa-universidad-de-oviedo\"]},{\"@type\":\"Person\",\"@id\":\"https:\\\/\\\/www.unioviedo.es\\\/catedrahunosa\\\/#\\\/schema\\\/person\\\/00a8552266d1031c0a7fecbd5f96ca1e\",\"name\":\"Teresa Fern\u00e1ndez\",\"image\":{\"@type\":\"ImageObject\",\"inLanguage\":\"es\",\"@id\":\"https:\\\/\\\/secure.gravatar.com\\\/avatar\\\/f9878e6d60b2e781b2f08610ad94afcb07ed556164d6a1eeaada7bee32ad7699?s=96&d=mm&r=g\",\"url\":\"https:\\\/\\\/secure.gravatar.com\\\/avatar\\\/f9878e6d60b2e781b2f08610ad94afcb07ed556164d6a1eeaada7bee32ad7699?s=96&d=mm&r=g\",\"contentUrl\":\"https:\\\/\\\/secure.gravatar.com\\\/avatar\\\/f9878e6d60b2e781b2f08610ad94afcb07ed556164d6a1eeaada7bee32ad7699?s=96&d=mm&r=g\",\"caption\":\"Teresa Fern\u00e1ndez\"},\"description\":\"Usuario corporativo para administraci\u00f3n general de la p\u00e1gina.\"}]}<\/script>\n<!-- \/ Yoast SEO plugin. -->","yoast_head_json":{"title":"Jornadas Inaugurales Hospital Comarcal Mieres | C\u00e1tedra Hunosa","robots":{"index":"index","follow":"follow","max-snippet":"max-snippet:-1","max-image-preview":"max-image-preview:large","max-video-preview":"max-video-preview:-1"},"canonical":"https:\/\/www.unioviedo.es\/catedrahunosa\/la-geotermia-de-hunosa-protagonista-en-las-jornadas-inaugurales-del-nuevo-hospital-comarcal-de-mieres\/","og_locale":"es_ES","og_type":"article","og_title":"Jornadas Inaugurales Hospital Comarcal Mieres | C\u00e1tedra Hunosa","og_description":"La geotermia de HUNOSA, protagonista en las jornadas inaugurales del nuevo hospital comarcal de Mieres La ingeniera Bel\u00e9n Garz\u00f3n explic\u00f3 como abastece HUNOSA de calefacci\u00f3n y refrigeraci\u00f3n al nuevo centro sanitario aprovechando el agua del pozo Barredo La energ\u00eda geot\u00e9rmica desarrollada por HUNOSA ha sido la protagonista de la jornada inaugural del Ciclo de Conferencias &hellip; Continuar leyendo \"Jornadas Inaugurales Hospital Comarcal Mieres\"","og_url":"https:\/\/www.unioviedo.es\/catedrahunosa\/la-geotermia-de-hunosa-protagonista-en-las-jornadas-inaugurales-del-nuevo-hospital-comarcal-de-mieres\/","og_site_name":"C\u00e1tedra Hunosa","article_publisher":"https:\/\/www.facebook.com\/CatedraHunosa\/","article_published_time":"2014-06-30T13:33:42+00:00","article_modified_time":"2021-03-15T09:40:47+00:00","og_image":[{"width":1200,"height":751,"url":"https:\/\/www.unioviedo.es\/catedrahunosa\/wp-content\/uploads\/2014\/06\/geotermia_barredo_noticia-1200x751-1.jpeg","type":"image\/jpeg"}],"author":"Teresa Fern\u00e1ndez","twitter_card":"summary_large_image","twitter_misc":{"Escrito por":"Teresa Fern\u00e1ndez","Tiempo de lectura":"2 minutos"},"schema":{"@context":"https:\/\/schema.org","@graph":[{"@type":"Article","@id":"https:\/\/www.unioviedo.es\/catedrahunosa\/la-geotermia-de-hunosa-protagonista-en-las-jornadas-inaugurales-del-nuevo-hospital-comarcal-de-mieres\/#article","isPartOf":{"@id":"https:\/\/www.unioviedo.es\/catedrahunosa\/la-geotermia-de-hunosa-protagonista-en-las-jornadas-inaugurales-del-nuevo-hospital-comarcal-de-mieres\/"},"author":{"name":"Teresa Fern\u00e1ndez","@id":"https:\/\/www.unioviedo.es\/catedrahunosa\/#\/schema\/person\/00a8552266d1031c0a7fecbd5f96ca1e"},"headline":"Jornadas Inaugurales Hospital Comarcal Mieres","datePublished":"2014-06-30T13:33:42+00:00","dateModified":"2021-03-15T09:40:47+00:00","mainEntityOfPage":{"@id":"https:\/\/www.unioviedo.es\/catedrahunosa\/la-geotermia-de-hunosa-protagonista-en-las-jornadas-inaugurales-del-nuevo-hospital-comarcal-de-mieres\/"},"wordCount":377,"commentCount":0,"publisher":{"@id":"https:\/\/www.unioviedo.es\/catedrahunosa\/#organization"},"image":{"@id":"https:\/\/www.unioviedo.es\/catedrahunosa\/la-geotermia-de-hunosa-protagonista-en-las-jornadas-inaugurales-del-nuevo-hospital-comarcal-de-mieres\/#primaryimage"},"thumbnailUrl":"https:\/\/www.unioviedo.es\/catedrahunosa\/wp-content\/uploads\/2014\/06\/geotermia_barredo_noticia-1200x751-1.jpeg","articleSection":["Noticias"],"inLanguage":"es","potentialAction":[{"@type":"CommentAction","name":"Comment","target":["https:\/\/www.unioviedo.es\/catedrahunosa\/la-geotermia-de-hunosa-protagonista-en-las-jornadas-inaugurales-del-nuevo-hospital-comarcal-de-mieres\/#respond"]}]},{"@type":"WebPage","@id":"https:\/\/www.unioviedo.es\/catedrahunosa\/la-geotermia-de-hunosa-protagonista-en-las-jornadas-inaugurales-del-nuevo-hospital-comarcal-de-mieres\/","url":"https:\/\/www.unioviedo.es\/catedrahunosa\/la-geotermia-de-hunosa-protagonista-en-las-jornadas-inaugurales-del-nuevo-hospital-comarcal-de-mieres\/","name":"Jornadas Inaugurales Hospital Comarcal Mieres | C\u00e1tedra Hunosa","isPartOf":{"@id":"https:\/\/www.unioviedo.es\/catedrahunosa\/#website"},"primaryImageOfPage":{"@id":"https:\/\/www.unioviedo.es\/catedrahunosa\/la-geotermia-de-hunosa-protagonista-en-las-jornadas-inaugurales-del-nuevo-hospital-comarcal-de-mieres\/#primaryimage"},"image":{"@id":"https:\/\/www.unioviedo.es\/catedrahunosa\/la-geotermia-de-hunosa-protagonista-en-las-jornadas-inaugurales-del-nuevo-hospital-comarcal-de-mieres\/#primaryimage"},"thumbnailUrl":"https:\/\/www.unioviedo.es\/catedrahunosa\/wp-content\/uploads\/2014\/06\/geotermia_barredo_noticia-1200x751-1.jpeg","datePublished":"2014-06-30T13:33:42+00:00","dateModified":"2021-03-15T09:40:47+00:00","breadcrumb":{"@id":"https:\/\/www.unioviedo.es\/catedrahunosa\/la-geotermia-de-hunosa-protagonista-en-las-jornadas-inaugurales-del-nuevo-hospital-comarcal-de-mieres\/#breadcrumb"},"inLanguage":"es","potentialAction":[{"@type":"ReadAction","target":["https:\/\/www.unioviedo.es\/catedrahunosa\/la-geotermia-de-hunosa-protagonista-en-las-jornadas-inaugurales-del-nuevo-hospital-comarcal-de-mieres\/"]}]},{"@type":"ImageObject","inLanguage":"es","@id":"https:\/\/www.unioviedo.es\/catedrahunosa\/la-geotermia-de-hunosa-protagonista-en-las-jornadas-inaugurales-del-nuevo-hospital-comarcal-de-mieres\/#primaryimage","url":"https:\/\/www.unioviedo.es\/catedrahunosa\/wp-content\/uploads\/2014\/06\/geotermia_barredo_noticia-1200x751-1.jpeg","contentUrl":"https:\/\/www.unioviedo.es\/catedrahunosa\/wp-content\/uploads\/2014\/06\/geotermia_barredo_noticia-1200x751-1.jpeg","width":1200,"height":751},{"@type":"BreadcrumbList","@id":"https:\/\/www.unioviedo.es\/catedrahunosa\/la-geotermia-de-hunosa-protagonista-en-las-jornadas-inaugurales-del-nuevo-hospital-comarcal-de-mieres\/#breadcrumb","itemListElement":[{"@type":"ListItem","position":1,"name":"Portada","item":"https:\/\/www.unioviedo.es\/catedrahunosa\/"},{"@type":"ListItem","position":2,"name":"Jornadas Inaugurales Hospital Comarcal Mieres"}]},{"@type":"WebSite","@id":"https:\/\/www.unioviedo.es\/catedrahunosa\/#website","url":"https:\/\/www.unioviedo.es\/catedrahunosa\/","name":"C\u00e1tedra Hunosa","description":"Energ\u00edas Renovables","publisher":{"@id":"https:\/\/www.unioviedo.es\/catedrahunosa\/#organization"},"potentialAction":[{"@type":"SearchAction","target":{"@type":"EntryPoint","urlTemplate":"https:\/\/www.unioviedo.es\/catedrahunosa\/?s={search_term_string}"},"query-input":{"@type":"PropertyValueSpecification","valueRequired":true,"valueName":"search_term_string"}}],"inLanguage":"es"},{"@type":"Organization","@id":"https:\/\/www.unioviedo.es\/catedrahunosa\/#organization","name":"C\u00e1tedra Hunosa","url":"https:\/\/www.unioviedo.es\/catedrahunosa\/","logo":{"@type":"ImageObject","inLanguage":"es","@id":"https:\/\/www.unioviedo.es\/catedrahunosa\/#\/schema\/logo\/image\/","url":"https:\/\/www.unioviedo.es\/catedrahunosa\/wp-content\/uploads\/2021\/03\/cropped-ISOTIPO-CATEDRA-1.png","contentUrl":"https:\/\/www.unioviedo.es\/catedrahunosa\/wp-content\/uploads\/2021\/03\/cropped-ISOTIPO-CATEDRA-1.png","width":633,"height":633,"caption":"C\u00e1tedra Hunosa"},"image":{"@id":"https:\/\/www.unioviedo.es\/catedrahunosa\/#\/schema\/logo\/image\/"},"sameAs":["https:\/\/www.facebook.com\/CatedraHunosa\/","https:\/\/www.linkedin.com\/company\/c\u00e1tedra-hunosa-universidad-de-oviedo"]},{"@type":"Person","@id":"https:\/\/www.unioviedo.es\/catedrahunosa\/#\/schema\/person\/00a8552266d1031c0a7fecbd5f96ca1e","name":"Teresa Fern\u00e1ndez","image":{"@type":"ImageObject","inLanguage":"es","@id":"https:\/\/secure.gravatar.com\/avatar\/f9878e6d60b2e781b2f08610ad94afcb07ed556164d6a1eeaada7bee32ad7699?s=96&d=mm&r=g","url":"https:\/\/secure.gravatar.com\/avatar\/f9878e6d60b2e781b2f08610ad94afcb07ed556164d6a1eeaada7bee32ad7699?s=96&d=mm&r=g","contentUrl":"https:\/\/secure.gravatar.com\/avatar\/f9878e6d60b2e781b2f08610ad94afcb07ed556164d6a1eeaada7bee32ad7699?s=96&d=mm&r=g","caption":"Teresa Fern\u00e1ndez"},"description":"Usuario corporativo para administraci\u00f3n general de la p\u00e1gina."}]}},"_links":{"self":[{"href":"https:\/\/www.unioviedo.es\/catedrahunosa\/wp-json\/wp\/v2\/posts\/11392","targetHints":{"allow":["GET"]}}],"collection":[{"href":"https:\/\/www.unioviedo.es\/catedrahunosa\/wp-json\/wp\/v2\/posts"}],"about":[{"href":"https:\/\/www.unioviedo.es\/catedrahunosa\/wp-json\/wp\/v2\/types\/post"}],"author":[{"embeddable":true,"href":"https:\/\/www.unioviedo.es\/catedrahunosa\/wp-json\/wp\/v2\/users\/1"}],"replies":[{"embeddable":true,"href":"https:\/\/www.unioviedo.es\/catedrahunosa\/wp-json\/wp\/v2\/comments?post=11392"}],"version-history":[{"count":3,"href":"https:\/\/www.unioviedo.es\/catedrahunosa\/wp-json\/wp\/v2\/posts\/11392\/revisions"}],"predecessor-version":[{"id":15342,"href":"https:\/\/www.unioviedo.es\/catedrahunosa\/wp-json\/wp\/v2\/posts\/11392\/revisions\/15342"}],"wp:featuredmedia":[{"embeddable":true,"href":"https:\/\/www.unioviedo.es\/catedrahunosa\/wp-json\/wp\/v2\/media\/15339"}],"wp:attachment":[{"href":"https:\/\/www.unioviedo.es\/catedrahunosa\/wp-json\/wp\/v2\/media?parent=11392"}],"wp:term":[{"taxonomy":"category","embeddable":true,"href":"https:\/\/www.unioviedo.es\/catedrahunosa\/wp-json\/wp\/v2\/categories?post=11392"},{"taxonomy":"post_tag","embeddable":true,"href":"https:\/\/www.unioviedo.es\/catedrahunosa\/wp-json\/wp\/v2\/tags?post=11392"}],"curies":[{"name":"wp","href":"https:\/\/api.w.org\/{rel}","templated":true}]}}