{"id":11490,"date":"2015-04-17T09:04:52","date_gmt":"2015-04-17T08:04:52","guid":{"rendered":"http:\/\/aulahunosa.web.sadim.net\/?p=11490"},"modified":"2015-04-17T09:04:52","modified_gmt":"2015-04-17T08:04:52","slug":"los-nuevos-pisos-publicos-de-langreo-y-mieres-usaran-energia-geotermica","status":"publish","type":"post","link":"https:\/\/www.unioviedo.es\/catedrahunosa\/los-nuevos-pisos-publicos-de-langreo-y-mieres-usaran-energia-geotermica\/","title":{"rendered":"Los nuevos pisos p\u00fablicos de Langreo y Mieres usar\u00e1n energ\u00eda geot\u00e9rmica"},"content":{"rendered":"<h2>La Consejer\u00eda de Bienestar y Vivienda y la empresa Hunosa elaborar\u00e1n un protocolo para que se utilice el agua de mina en las calefacciones<\/h2>\n<p>Las nuevas viviendas de promoci\u00f3n p\u00fablica que se van a construir en Langreo, Mieres y Siero contar\u00e1n con un novedoso sistema energ\u00e9tico: la geotermia, que aprovecha el calor del agua caliente que sale de las minas para fomentar y aumentar el ahorro energ\u00e9tico en los edificios que lo utilizan. Este es el caso del nuevo hospital de Mieres o del edificio de investigaci\u00f3n y la residencia de estudiantes del campus de Barredo. Estas buenas experiencias previas han hecho que la Consejer\u00eda de Bienestar y Vivienda del Principado y la empresa p\u00fablica Hunosa lleguen a un acuerdo de elaboraci\u00f3n de un protocolo de colaboraci\u00f3n, para que la geotermia beneficie a los nuevos desarrollos residenciales p\u00fablicos de estos tres concejos.<br \/>\nLa consejera, Graciela Blanco se reuni\u00f3 ayer con la presidenta de Hunosa, Teresa Mallada, un encuentro en el que se expuso que esta tecnolog\u00eda le est\u00e1 proporcionando a la Universidad de Oviedo un ahorro del veinte por ciento en los edificios del campus de Mieres. Un porcentaje que es a\u00fan mejor en el caso del Hospital \u00c1lvarez Buylla. Desde la Consejer\u00eda de Bienestar Social se indic\u00f3 ayer mismo que esta propuesta de Hunosa se ha acogido \u201cde forma positiva\u201d. Graciela Blanco indic\u00f3 que este tipo de aprovechamientos significan \u201cun uso limpio y sostenible de la energ\u00eda\u201d, unos objetivos que vienen marcados dentro del Plan de Vivienda del Principado. Adem\u00e1s, la geotermia es un \u201crecurso aut\u00f3ctono, que existe aqu\u00ed en Asturias\u201d, lo que hace m\u00e1s atractiva la propuesta realizada desde Hunosa. El siguiente paso a dar, seg\u00fan la Consejer\u00eda, ser\u00eda la elaboraci\u00f3n de un protocolo para que esta energ\u00eda pueda suministrarse en los pisos de promoci\u00f3n p\u00fablica.<br \/>\nFuente: <a href=\"http:\/\/www.lne.es\/cuencas\/2015\/04\/17\/nuevos-pisos-publicos-langreo-mieres\/1742611.html\">La Nueva Espa\u00f1a<\/a><\/p>\n","protected":false},"excerpt":{"rendered":"<p>La Consejer\u00eda de Bienestar y Vivienda y la empresa Hunosa elaborar\u00e1n un protocolo para que se utilice el agua de mina en las calefacciones Las nuevas viviendas de promoci\u00f3n p\u00fablica que se van a construir en Langreo, Mieres y Siero contar\u00e1n con un novedoso sistema energ\u00e9tico: la geotermia, que aprovecha el calor del agua caliente &hellip; <\/p>\n<p class=\"link-more\"><a href=\"https:\/\/www.unioviedo.es\/catedrahunosa\/los-nuevos-pisos-publicos-de-langreo-y-mieres-usaran-energia-geotermica\/\" class=\"more-link\">Continuar leyendo<span class=\"screen-reader-text\"> \u00abLos nuevos pisos p\u00fablicos de Langreo y Mieres usar\u00e1n energ\u00eda geot\u00e9rmica\u00bb<\/span><\/a><\/p>\n","protected":false},"author":1,"featured_media":11491,"comment_status":"open","ping_status":"open","sticky":false,"template":"","format":"standard","meta":{"_monsterinsights_skip_tracking":false,"_monsterinsights_sitenote_active":false,"_monsterinsights_sitenote_note":"","_monsterinsights_sitenote_category":0,"footnotes":""},"categories":[4],"tags":[],"class_list":["post-11490","post","type-post","status-publish","format-standard","has-post-thumbnail","hentry","category-noticias"],"yoast_head":"<!-- This site is optimized with the Yoast SEO plugin v27.5 - https:\/\/yoast.com\/product\/yoast-seo-wordpress\/ -->\n<title>Los nuevos pisos p\u00fablicos de Langreo y Mieres usar\u00e1n energ\u00eda geot\u00e9rmica | C\u00e1tedra Hunosa<\/title>\n<meta name=\"robots\" content=\"index, follow, max-snippet:-1, max-image-preview:large, max-video-preview:-1\" \/>\n<link rel=\"canonical\" href=\"https:\/\/www.unioviedo.es\/catedrahunosa\/los-nuevos-pisos-publicos-de-langreo-y-mieres-usaran-energia-geotermica\/\" \/>\n<meta property=\"og:locale\" content=\"es_ES\" \/>\n<meta property=\"og:type\" content=\"article\" \/>\n<meta property=\"og:title\" content=\"Los nuevos pisos p\u00fablicos de Langreo y Mieres usar\u00e1n energ\u00eda geot\u00e9rmica | C\u00e1tedra Hunosa\" \/>\n<meta property=\"og:description\" content=\"La Consejer\u00eda de Bienestar y Vivienda y la empresa Hunosa elaborar\u00e1n un protocolo para que se utilice el agua de mina en las calefacciones Las nuevas viviendas de promoci\u00f3n p\u00fablica que se van a construir en Langreo, Mieres y Siero contar\u00e1n con un novedoso sistema energ\u00e9tico: la geotermia, que aprovecha el calor del agua caliente &hellip; Continuar leyendo &quot;Los nuevos pisos p\u00fablicos de Langreo y Mieres usar\u00e1n energ\u00eda geot\u00e9rmica&quot;\" \/>\n<meta property=\"og:url\" content=\"https:\/\/www.unioviedo.es\/catedrahunosa\/los-nuevos-pisos-publicos-de-langreo-y-mieres-usaran-energia-geotermica\/\" \/>\n<meta property=\"og:site_name\" content=\"C\u00e1tedra Hunosa\" \/>\n<meta property=\"article:publisher\" content=\"https:\/\/www.facebook.com\/CatedraHunosa\/\" \/>\n<meta property=\"article:published_time\" content=\"2015-04-17T08:04:52+00:00\" \/>\n<meta property=\"og:image\" content=\"https:\/\/www.unioviedo.es\/catedrahunosa\/wp-content\/uploads\/2015\/04\/nuevos-pisos_noticia.jpg\" \/>\n\t<meta property=\"og:image:width\" content=\"646\" \/>\n\t<meta property=\"og:image:height\" content=\"483\" \/>\n\t<meta property=\"og:image:type\" content=\"image\/jpeg\" \/>\n<meta name=\"author\" content=\"Teresa Fern\u00e1ndez\" \/>\n<meta name=\"twitter:card\" content=\"summary_large_image\" \/>\n<meta name=\"twitter:label1\" content=\"Escrito por\" \/>\n\t<meta name=\"twitter:data1\" content=\"Teresa Fern\u00e1ndez\" \/>\n\t<meta name=\"twitter:label2\" content=\"Tiempo de lectura\" \/>\n\t<meta name=\"twitter:data2\" content=\"2 minutos\" \/>\n<script type=\"application\/ld+json\" class=\"yoast-schema-graph\">{\"@context\":\"https:\\\/\\\/schema.org\",\"@graph\":[{\"@type\":\"Article\",\"@id\":\"https:\\\/\\\/www.unioviedo.es\\\/catedrahunosa\\\/los-nuevos-pisos-publicos-de-langreo-y-mieres-usaran-energia-geotermica\\\/#article\",\"isPartOf\":{\"@id\":\"https:\\\/\\\/www.unioviedo.es\\\/catedrahunosa\\\/los-nuevos-pisos-publicos-de-langreo-y-mieres-usaran-energia-geotermica\\\/\"},\"author\":{\"name\":\"Teresa Fern\u00e1ndez\",\"@id\":\"https:\\\/\\\/www.unioviedo.es\\\/catedrahunosa\\\/#\\\/schema\\\/person\\\/00a8552266d1031c0a7fecbd5f96ca1e\"},\"headline\":\"Los nuevos pisos p\u00fablicos de Langreo y Mieres usar\u00e1n energ\u00eda geot\u00e9rmica\",\"datePublished\":\"2015-04-17T08:04:52+00:00\",\"mainEntityOfPage\":{\"@id\":\"https:\\\/\\\/www.unioviedo.es\\\/catedrahunosa\\\/los-nuevos-pisos-publicos-de-langreo-y-mieres-usaran-energia-geotermica\\\/\"},\"wordCount\":345,\"commentCount\":0,\"publisher\":{\"@id\":\"https:\\\/\\\/www.unioviedo.es\\\/catedrahunosa\\\/#organization\"},\"image\":{\"@id\":\"https:\\\/\\\/www.unioviedo.es\\\/catedrahunosa\\\/los-nuevos-pisos-publicos-de-langreo-y-mieres-usaran-energia-geotermica\\\/#primaryimage\"},\"thumbnailUrl\":\"https:\\\/\\\/www.unioviedo.es\\\/catedrahunosa\\\/wp-content\\\/uploads\\\/2015\\\/04\\\/nuevos-pisos_noticia.jpg\",\"articleSection\":[\"Noticias\"],\"inLanguage\":\"es\",\"potentialAction\":[{\"@type\":\"CommentAction\",\"name\":\"Comment\",\"target\":[\"https:\\\/\\\/www.unioviedo.es\\\/catedrahunosa\\\/los-nuevos-pisos-publicos-de-langreo-y-mieres-usaran-energia-geotermica\\\/#respond\"]}]},{\"@type\":\"WebPage\",\"@id\":\"https:\\\/\\\/www.unioviedo.es\\\/catedrahunosa\\\/los-nuevos-pisos-publicos-de-langreo-y-mieres-usaran-energia-geotermica\\\/\",\"url\":\"https:\\\/\\\/www.unioviedo.es\\\/catedrahunosa\\\/los-nuevos-pisos-publicos-de-langreo-y-mieres-usaran-energia-geotermica\\\/\",\"name\":\"Los nuevos pisos p\u00fablicos de Langreo y Mieres usar\u00e1n energ\u00eda geot\u00e9rmica | C\u00e1tedra Hunosa\",\"isPartOf\":{\"@id\":\"https:\\\/\\\/www.unioviedo.es\\\/catedrahunosa\\\/#website\"},\"primaryImageOfPage\":{\"@id\":\"https:\\\/\\\/www.unioviedo.es\\\/catedrahunosa\\\/los-nuevos-pisos-publicos-de-langreo-y-mieres-usaran-energia-geotermica\\\/#primaryimage\"},\"image\":{\"@id\":\"https:\\\/\\\/www.unioviedo.es\\\/catedrahunosa\\\/los-nuevos-pisos-publicos-de-langreo-y-mieres-usaran-energia-geotermica\\\/#primaryimage\"},\"thumbnailUrl\":\"https:\\\/\\\/www.unioviedo.es\\\/catedrahunosa\\\/wp-content\\\/uploads\\\/2015\\\/04\\\/nuevos-pisos_noticia.jpg\",\"datePublished\":\"2015-04-17T08:04:52+00:00\",\"breadcrumb\":{\"@id\":\"https:\\\/\\\/www.unioviedo.es\\\/catedrahunosa\\\/los-nuevos-pisos-publicos-de-langreo-y-mieres-usaran-energia-geotermica\\\/#breadcrumb\"},\"inLanguage\":\"es\",\"potentialAction\":[{\"@type\":\"ReadAction\",\"target\":[\"https:\\\/\\\/www.unioviedo.es\\\/catedrahunosa\\\/los-nuevos-pisos-publicos-de-langreo-y-mieres-usaran-energia-geotermica\\\/\"]}]},{\"@type\":\"ImageObject\",\"inLanguage\":\"es\",\"@id\":\"https:\\\/\\\/www.unioviedo.es\\\/catedrahunosa\\\/los-nuevos-pisos-publicos-de-langreo-y-mieres-usaran-energia-geotermica\\\/#primaryimage\",\"url\":\"https:\\\/\\\/www.unioviedo.es\\\/catedrahunosa\\\/wp-content\\\/uploads\\\/2015\\\/04\\\/nuevos-pisos_noticia.jpg\",\"contentUrl\":\"https:\\\/\\\/www.unioviedo.es\\\/catedrahunosa\\\/wp-content\\\/uploads\\\/2015\\\/04\\\/nuevos-pisos_noticia.jpg\",\"width\":646,\"height\":483},{\"@type\":\"BreadcrumbList\",\"@id\":\"https:\\\/\\\/www.unioviedo.es\\\/catedrahunosa\\\/los-nuevos-pisos-publicos-de-langreo-y-mieres-usaran-energia-geotermica\\\/#breadcrumb\",\"itemListElement\":[{\"@type\":\"ListItem\",\"position\":1,\"name\":\"Portada\",\"item\":\"https:\\\/\\\/www.unioviedo.es\\\/catedrahunosa\\\/\"},{\"@type\":\"ListItem\",\"position\":2,\"name\":\"Los nuevos pisos p\u00fablicos de Langreo y Mieres usar\u00e1n energ\u00eda geot\u00e9rmica\"}]},{\"@type\":\"WebSite\",\"@id\":\"https:\\\/\\\/www.unioviedo.es\\\/catedrahunosa\\\/#website\",\"url\":\"https:\\\/\\\/www.unioviedo.es\\\/catedrahunosa\\\/\",\"name\":\"C\u00e1tedra Hunosa\",\"description\":\"Energ\u00edas Renovables\",\"publisher\":{\"@id\":\"https:\\\/\\\/www.unioviedo.es\\\/catedrahunosa\\\/#organization\"},\"potentialAction\":[{\"@type\":\"SearchAction\",\"target\":{\"@type\":\"EntryPoint\",\"urlTemplate\":\"https:\\\/\\\/www.unioviedo.es\\\/catedrahunosa\\\/?s={search_term_string}\"},\"query-input\":{\"@type\":\"PropertyValueSpecification\",\"valueRequired\":true,\"valueName\":\"search_term_string\"}}],\"inLanguage\":\"es\"},{\"@type\":\"Organization\",\"@id\":\"https:\\\/\\\/www.unioviedo.es\\\/catedrahunosa\\\/#organization\",\"name\":\"C\u00e1tedra Hunosa\",\"url\":\"https:\\\/\\\/www.unioviedo.es\\\/catedrahunosa\\\/\",\"logo\":{\"@type\":\"ImageObject\",\"inLanguage\":\"es\",\"@id\":\"https:\\\/\\\/www.unioviedo.es\\\/catedrahunosa\\\/#\\\/schema\\\/logo\\\/image\\\/\",\"url\":\"https:\\\/\\\/www.unioviedo.es\\\/catedrahunosa\\\/wp-content\\\/uploads\\\/2021\\\/03\\\/cropped-ISOTIPO-CATEDRA-1.png\",\"contentUrl\":\"https:\\\/\\\/www.unioviedo.es\\\/catedrahunosa\\\/wp-content\\\/uploads\\\/2021\\\/03\\\/cropped-ISOTIPO-CATEDRA-1.png\",\"width\":633,\"height\":633,\"caption\":\"C\u00e1tedra Hunosa\"},\"image\":{\"@id\":\"https:\\\/\\\/www.unioviedo.es\\\/catedrahunosa\\\/#\\\/schema\\\/logo\\\/image\\\/\"},\"sameAs\":[\"https:\\\/\\\/www.facebook.com\\\/CatedraHunosa\\\/\",\"https:\\\/\\\/www.linkedin.com\\\/company\\\/c\u00e1tedra-hunosa-universidad-de-oviedo\"]},{\"@type\":\"Person\",\"@id\":\"https:\\\/\\\/www.unioviedo.es\\\/catedrahunosa\\\/#\\\/schema\\\/person\\\/00a8552266d1031c0a7fecbd5f96ca1e\",\"name\":\"Teresa Fern\u00e1ndez\",\"image\":{\"@type\":\"ImageObject\",\"inLanguage\":\"es\",\"@id\":\"https:\\\/\\\/secure.gravatar.com\\\/avatar\\\/f9878e6d60b2e781b2f08610ad94afcb07ed556164d6a1eeaada7bee32ad7699?s=96&d=mm&r=g\",\"url\":\"https:\\\/\\\/secure.gravatar.com\\\/avatar\\\/f9878e6d60b2e781b2f08610ad94afcb07ed556164d6a1eeaada7bee32ad7699?s=96&d=mm&r=g\",\"contentUrl\":\"https:\\\/\\\/secure.gravatar.com\\\/avatar\\\/f9878e6d60b2e781b2f08610ad94afcb07ed556164d6a1eeaada7bee32ad7699?s=96&d=mm&r=g\",\"caption\":\"Teresa Fern\u00e1ndez\"},\"description\":\"Usuario corporativo para administraci\u00f3n general de la p\u00e1gina.\"}]}<\/script>\n<!-- \/ Yoast SEO plugin. -->","yoast_head_json":{"title":"Los nuevos pisos p\u00fablicos de Langreo y Mieres usar\u00e1n energ\u00eda geot\u00e9rmica | C\u00e1tedra Hunosa","robots":{"index":"index","follow":"follow","max-snippet":"max-snippet:-1","max-image-preview":"max-image-preview:large","max-video-preview":"max-video-preview:-1"},"canonical":"https:\/\/www.unioviedo.es\/catedrahunosa\/los-nuevos-pisos-publicos-de-langreo-y-mieres-usaran-energia-geotermica\/","og_locale":"es_ES","og_type":"article","og_title":"Los nuevos pisos p\u00fablicos de Langreo y Mieres usar\u00e1n energ\u00eda geot\u00e9rmica | C\u00e1tedra Hunosa","og_description":"La Consejer\u00eda de Bienestar y Vivienda y la empresa Hunosa elaborar\u00e1n un protocolo para que se utilice el agua de mina en las calefacciones Las nuevas viviendas de promoci\u00f3n p\u00fablica que se van a construir en Langreo, Mieres y Siero contar\u00e1n con un novedoso sistema energ\u00e9tico: la geotermia, que aprovecha el calor del agua caliente &hellip; Continuar leyendo \"Los nuevos pisos p\u00fablicos de Langreo y Mieres usar\u00e1n energ\u00eda geot\u00e9rmica\"","og_url":"https:\/\/www.unioviedo.es\/catedrahunosa\/los-nuevos-pisos-publicos-de-langreo-y-mieres-usaran-energia-geotermica\/","og_site_name":"C\u00e1tedra Hunosa","article_publisher":"https:\/\/www.facebook.com\/CatedraHunosa\/","article_published_time":"2015-04-17T08:04:52+00:00","og_image":[{"width":646,"height":483,"url":"https:\/\/www.unioviedo.es\/catedrahunosa\/wp-content\/uploads\/2015\/04\/nuevos-pisos_noticia.jpg","type":"image\/jpeg"}],"author":"Teresa Fern\u00e1ndez","twitter_card":"summary_large_image","twitter_misc":{"Escrito por":"Teresa Fern\u00e1ndez","Tiempo de lectura":"2 minutos"},"schema":{"@context":"https:\/\/schema.org","@graph":[{"@type":"Article","@id":"https:\/\/www.unioviedo.es\/catedrahunosa\/los-nuevos-pisos-publicos-de-langreo-y-mieres-usaran-energia-geotermica\/#article","isPartOf":{"@id":"https:\/\/www.unioviedo.es\/catedrahunosa\/los-nuevos-pisos-publicos-de-langreo-y-mieres-usaran-energia-geotermica\/"},"author":{"name":"Teresa Fern\u00e1ndez","@id":"https:\/\/www.unioviedo.es\/catedrahunosa\/#\/schema\/person\/00a8552266d1031c0a7fecbd5f96ca1e"},"headline":"Los nuevos pisos p\u00fablicos de Langreo y Mieres usar\u00e1n energ\u00eda geot\u00e9rmica","datePublished":"2015-04-17T08:04:52+00:00","mainEntityOfPage":{"@id":"https:\/\/www.unioviedo.es\/catedrahunosa\/los-nuevos-pisos-publicos-de-langreo-y-mieres-usaran-energia-geotermica\/"},"wordCount":345,"commentCount":0,"publisher":{"@id":"https:\/\/www.unioviedo.es\/catedrahunosa\/#organization"},"image":{"@id":"https:\/\/www.unioviedo.es\/catedrahunosa\/los-nuevos-pisos-publicos-de-langreo-y-mieres-usaran-energia-geotermica\/#primaryimage"},"thumbnailUrl":"https:\/\/www.unioviedo.es\/catedrahunosa\/wp-content\/uploads\/2015\/04\/nuevos-pisos_noticia.jpg","articleSection":["Noticias"],"inLanguage":"es","potentialAction":[{"@type":"CommentAction","name":"Comment","target":["https:\/\/www.unioviedo.es\/catedrahunosa\/los-nuevos-pisos-publicos-de-langreo-y-mieres-usaran-energia-geotermica\/#respond"]}]},{"@type":"WebPage","@id":"https:\/\/www.unioviedo.es\/catedrahunosa\/los-nuevos-pisos-publicos-de-langreo-y-mieres-usaran-energia-geotermica\/","url":"https:\/\/www.unioviedo.es\/catedrahunosa\/los-nuevos-pisos-publicos-de-langreo-y-mieres-usaran-energia-geotermica\/","name":"Los nuevos pisos p\u00fablicos de Langreo y Mieres usar\u00e1n energ\u00eda geot\u00e9rmica | C\u00e1tedra Hunosa","isPartOf":{"@id":"https:\/\/www.unioviedo.es\/catedrahunosa\/#website"},"primaryImageOfPage":{"@id":"https:\/\/www.unioviedo.es\/catedrahunosa\/los-nuevos-pisos-publicos-de-langreo-y-mieres-usaran-energia-geotermica\/#primaryimage"},"image":{"@id":"https:\/\/www.unioviedo.es\/catedrahunosa\/los-nuevos-pisos-publicos-de-langreo-y-mieres-usaran-energia-geotermica\/#primaryimage"},"thumbnailUrl":"https:\/\/www.unioviedo.es\/catedrahunosa\/wp-content\/uploads\/2015\/04\/nuevos-pisos_noticia.jpg","datePublished":"2015-04-17T08:04:52+00:00","breadcrumb":{"@id":"https:\/\/www.unioviedo.es\/catedrahunosa\/los-nuevos-pisos-publicos-de-langreo-y-mieres-usaran-energia-geotermica\/#breadcrumb"},"inLanguage":"es","potentialAction":[{"@type":"ReadAction","target":["https:\/\/www.unioviedo.es\/catedrahunosa\/los-nuevos-pisos-publicos-de-langreo-y-mieres-usaran-energia-geotermica\/"]}]},{"@type":"ImageObject","inLanguage":"es","@id":"https:\/\/www.unioviedo.es\/catedrahunosa\/los-nuevos-pisos-publicos-de-langreo-y-mieres-usaran-energia-geotermica\/#primaryimage","url":"https:\/\/www.unioviedo.es\/catedrahunosa\/wp-content\/uploads\/2015\/04\/nuevos-pisos_noticia.jpg","contentUrl":"https:\/\/www.unioviedo.es\/catedrahunosa\/wp-content\/uploads\/2015\/04\/nuevos-pisos_noticia.jpg","width":646,"height":483},{"@type":"BreadcrumbList","@id":"https:\/\/www.unioviedo.es\/catedrahunosa\/los-nuevos-pisos-publicos-de-langreo-y-mieres-usaran-energia-geotermica\/#breadcrumb","itemListElement":[{"@type":"ListItem","position":1,"name":"Portada","item":"https:\/\/www.unioviedo.es\/catedrahunosa\/"},{"@type":"ListItem","position":2,"name":"Los nuevos pisos p\u00fablicos de Langreo y Mieres usar\u00e1n energ\u00eda geot\u00e9rmica"}]},{"@type":"WebSite","@id":"https:\/\/www.unioviedo.es\/catedrahunosa\/#website","url":"https:\/\/www.unioviedo.es\/catedrahunosa\/","name":"C\u00e1tedra Hunosa","description":"Energ\u00edas Renovables","publisher":{"@id":"https:\/\/www.unioviedo.es\/catedrahunosa\/#organization"},"potentialAction":[{"@type":"SearchAction","target":{"@type":"EntryPoint","urlTemplate":"https:\/\/www.unioviedo.es\/catedrahunosa\/?s={search_term_string}"},"query-input":{"@type":"PropertyValueSpecification","valueRequired":true,"valueName":"search_term_string"}}],"inLanguage":"es"},{"@type":"Organization","@id":"https:\/\/www.unioviedo.es\/catedrahunosa\/#organization","name":"C\u00e1tedra Hunosa","url":"https:\/\/www.unioviedo.es\/catedrahunosa\/","logo":{"@type":"ImageObject","inLanguage":"es","@id":"https:\/\/www.unioviedo.es\/catedrahunosa\/#\/schema\/logo\/image\/","url":"https:\/\/www.unioviedo.es\/catedrahunosa\/wp-content\/uploads\/2021\/03\/cropped-ISOTIPO-CATEDRA-1.png","contentUrl":"https:\/\/www.unioviedo.es\/catedrahunosa\/wp-content\/uploads\/2021\/03\/cropped-ISOTIPO-CATEDRA-1.png","width":633,"height":633,"caption":"C\u00e1tedra Hunosa"},"image":{"@id":"https:\/\/www.unioviedo.es\/catedrahunosa\/#\/schema\/logo\/image\/"},"sameAs":["https:\/\/www.facebook.com\/CatedraHunosa\/","https:\/\/www.linkedin.com\/company\/c\u00e1tedra-hunosa-universidad-de-oviedo"]},{"@type":"Person","@id":"https:\/\/www.unioviedo.es\/catedrahunosa\/#\/schema\/person\/00a8552266d1031c0a7fecbd5f96ca1e","name":"Teresa Fern\u00e1ndez","image":{"@type":"ImageObject","inLanguage":"es","@id":"https:\/\/secure.gravatar.com\/avatar\/f9878e6d60b2e781b2f08610ad94afcb07ed556164d6a1eeaada7bee32ad7699?s=96&d=mm&r=g","url":"https:\/\/secure.gravatar.com\/avatar\/f9878e6d60b2e781b2f08610ad94afcb07ed556164d6a1eeaada7bee32ad7699?s=96&d=mm&r=g","contentUrl":"https:\/\/secure.gravatar.com\/avatar\/f9878e6d60b2e781b2f08610ad94afcb07ed556164d6a1eeaada7bee32ad7699?s=96&d=mm&r=g","caption":"Teresa Fern\u00e1ndez"},"description":"Usuario corporativo para administraci\u00f3n general de la p\u00e1gina."}]}},"_links":{"self":[{"href":"https:\/\/www.unioviedo.es\/catedrahunosa\/wp-json\/wp\/v2\/posts\/11490","targetHints":{"allow":["GET"]}}],"collection":[{"href":"https:\/\/www.unioviedo.es\/catedrahunosa\/wp-json\/wp\/v2\/posts"}],"about":[{"href":"https:\/\/www.unioviedo.es\/catedrahunosa\/wp-json\/wp\/v2\/types\/post"}],"author":[{"embeddable":true,"href":"https:\/\/www.unioviedo.es\/catedrahunosa\/wp-json\/wp\/v2\/users\/1"}],"replies":[{"embeddable":true,"href":"https:\/\/www.unioviedo.es\/catedrahunosa\/wp-json\/wp\/v2\/comments?post=11490"}],"version-history":[{"count":0,"href":"https:\/\/www.unioviedo.es\/catedrahunosa\/wp-json\/wp\/v2\/posts\/11490\/revisions"}],"wp:featuredmedia":[{"embeddable":true,"href":"https:\/\/www.unioviedo.es\/catedrahunosa\/wp-json\/wp\/v2\/media\/11491"}],"wp:attachment":[{"href":"https:\/\/www.unioviedo.es\/catedrahunosa\/wp-json\/wp\/v2\/media?parent=11490"}],"wp:term":[{"taxonomy":"category","embeddable":true,"href":"https:\/\/www.unioviedo.es\/catedrahunosa\/wp-json\/wp\/v2\/categories?post=11490"},{"taxonomy":"post_tag","embeddable":true,"href":"https:\/\/www.unioviedo.es\/catedrahunosa\/wp-json\/wp\/v2\/tags?post=11490"}],"curies":[{"name":"wp","href":"https:\/\/api.w.org\/{rel}","templated":true}]}}