{"id":12188,"date":"2015-05-14T09:31:15","date_gmt":"2015-05-14T07:31:15","guid":{"rendered":"http:\/\/aulahunosa.es\/?p=12188"},"modified":"2015-05-14T09:31:15","modified_gmt":"2015-05-14T07:31:15","slug":"subvenciones-para-la-instalacion-de-calderas-de-biomasa-en-galicia","status":"publish","type":"post","link":"https:\/\/www.unioviedo.es\/catedrahunosa\/subvenciones-para-la-instalacion-de-calderas-de-biomasa-en-galicia\/","title":{"rendered":"Subvenciones para la instalaci\u00f3n de calderas de biomasa en Galicia"},"content":{"rendered":"<div>La Xunta de Galicia destinar\u00e1 un total de 20 millones de euros en subvenciones para la instalaci\u00f3n de calderas de biomasa a trav\u00e9s de una convocatoria de ayudas financiada por el Fondo Europeo Agr\u00edcola de Desarrollo Rural (FEADER).<\/div>\n<div><\/div>\n<div>\nLa Xunta de Galicia ya ha puesto en marcha la segunda convocatoria de subvenciones para la instalaci\u00f3n de calderas de biomasa. El gobierno auton\u00f3mico contar\u00e1 con un presupuesto de 20millonesdeeuros que se destinar\u00e1 a la instalaci\u00f3n de equipost\u00e9rmicosrenovables en hogares, empresas y administraciones p\u00fablicas de Galicia.<br \/>\nEl objetivo es promover el uso de equipost\u00e9rmicos que emplean la biomasa como combustible y, de este modo, obtener un ahorro de 70millones de euros anuales en el consumo de energ\u00eda. Esta convocatoria de ayudas est\u00e1 financiada por el Fondo Europeo Agr\u00edcola de Desarrollo Rural (FEADER).<br \/>\nLas ayudas prestadas en la convocatoria anterior permitieron la instalaci\u00f3n de 400 calderas en hogares particulares, 120 en espacios de uso empresarial y 80 en las administraciones p\u00fablicas.<br \/>\nPara este a\u00f1o, se prev\u00e9 que estas ayudas permitan la implantaci\u00f3n de 1.000 calderas, casi el doble que en la convocatoria anterior. Adem\u00e1s, este a\u00f1o se a\u00f1ade la novedad de que los beneficiarios de estas subvenciones contar\u00e1n con una deducci\u00f3n fiscal del 5%.<br \/>\nLa concesi\u00f3n de estas ayudas se efectuar\u00e1 por orden de solicitud mientras existan fondos. Cuando estos fondos se agoten, las peticiones permanecer\u00e1n en lista de espera por orden de solicitud y podr\u00edan acceder a estas subvenciones en el caso de que se produjera una liberaci\u00f3n de fondos reservados a otro solicitante anterior.<br \/>\nLa suma m\u00e1xima de dinero que se podr\u00e1 solicitar se calcular\u00e1 en funci\u00f3n de la potencia instalada y del tipo de instalaci\u00f3n. No obstante, la cuant\u00eda m\u00e1xima ser\u00e1 de 200.00\u20ac \u00a0por proyecto presentado, excepto empresas del sector agr\u00edcola, que ser\u00e1n bonificadas con 15.000\u20ac, y empresas de transporte de mercancias por cuenta ajena, con 100.000\u20ac.<br \/>\nEl periodo para llevar a la pr\u00e1ctica la instalaci\u00f3n de estas calderas de biomasa comenzar\u00e1 el d\u00eda siguiente a la notificaci\u00f3n de resoluci\u00f3n de la concesi\u00f3n, y se prolongar\u00e1 durante 6 meses para la implantaci\u00f3n de equipost\u00e9rmicos en las administraciones p\u00fablicas, y 3 meses para el resto de instalaciones, aunque siempre con el l\u00edmite del d\u00eda 30 de septiembre de 2015.\n<\/div>\n<div><\/div>\n<div>Fuente: <a href=\"http:\/\/www.inarquia.es\/rehabilitacion-energetica\/noticias\/actualidad\/item\/1105-subvenciones-para-la-instalacion-de-calderas-de-biomasa-en-galicia\" target=\"_blank\" rel=\"noopener noreferrer\">Inarquia<\/a><\/div>\n","protected":false},"excerpt":{"rendered":"<p>La Xunta de Galicia destinar\u00e1 un total de 20 millones de euros en subvenciones para la instalaci\u00f3n de calderas de biomasa a trav\u00e9s de una convocatoria de ayudas financiada por el Fondo Europeo Agr\u00edcola de Desarrollo Rural (FEADER). La Xunta de Galicia ya ha puesto en marcha la segunda convocatoria de subvenciones para la instalaci\u00f3n &hellip; <\/p>\n<p class=\"link-more\"><a href=\"https:\/\/www.unioviedo.es\/catedrahunosa\/subvenciones-para-la-instalacion-de-calderas-de-biomasa-en-galicia\/\" class=\"more-link\">Continuar leyendo<span class=\"screen-reader-text\"> \u00abSubvenciones para la instalaci\u00f3n de calderas de biomasa en Galicia\u00bb<\/span><\/a><\/p>\n","protected":false},"author":1,"featured_media":12189,"comment_status":"open","ping_status":"open","sticky":false,"template":"","format":"standard","meta":{"_monsterinsights_skip_tracking":false,"_monsterinsights_sitenote_active":false,"_monsterinsights_sitenote_note":"","_monsterinsights_sitenote_category":0,"footnotes":""},"categories":[4],"tags":[],"class_list":["post-12188","post","type-post","status-publish","format-standard","has-post-thumbnail","hentry","category-noticias"],"yoast_head":"<!-- This site is optimized with the Yoast SEO plugin v27.5 - https:\/\/yoast.com\/product\/yoast-seo-wordpress\/ -->\n<title>Subvenciones para la instalaci\u00f3n de calderas de biomasa en Galicia | C\u00e1tedra Hunosa<\/title>\n<meta name=\"robots\" content=\"index, follow, max-snippet:-1, max-image-preview:large, max-video-preview:-1\" \/>\n<link rel=\"canonical\" href=\"https:\/\/www.unioviedo.es\/catedrahunosa\/subvenciones-para-la-instalacion-de-calderas-de-biomasa-en-galicia\/\" \/>\n<meta property=\"og:locale\" content=\"es_ES\" \/>\n<meta property=\"og:type\" content=\"article\" \/>\n<meta property=\"og:title\" content=\"Subvenciones para la instalaci\u00f3n de calderas de biomasa en Galicia | C\u00e1tedra Hunosa\" \/>\n<meta property=\"og:description\" content=\"La Xunta de Galicia destinar\u00e1 un total de 20 millones de euros en subvenciones para la instalaci\u00f3n de calderas de biomasa a trav\u00e9s de una convocatoria de ayudas financiada por el Fondo Europeo Agr\u00edcola de Desarrollo Rural (FEADER). La Xunta de Galicia ya ha puesto en marcha la segunda convocatoria de subvenciones para la instalaci\u00f3n &hellip; Continuar leyendo &quot;Subvenciones para la instalaci\u00f3n de calderas de biomasa en Galicia&quot;\" \/>\n<meta property=\"og:url\" content=\"https:\/\/www.unioviedo.es\/catedrahunosa\/subvenciones-para-la-instalacion-de-calderas-de-biomasa-en-galicia\/\" \/>\n<meta property=\"og:site_name\" content=\"C\u00e1tedra Hunosa\" \/>\n<meta property=\"article:publisher\" content=\"https:\/\/www.facebook.com\/CatedraHunosa\/\" \/>\n<meta property=\"article:published_time\" content=\"2015-05-14T07:31:15+00:00\" \/>\n<meta property=\"og:image\" content=\"https:\/\/www.unioviedo.es\/catedrahunosa\/wp-content\/uploads\/2015\/05\/caldera.jpg\" \/>\n\t<meta property=\"og:image:width\" content=\"900\" \/>\n\t<meta property=\"og:image:height\" content=\"674\" \/>\n\t<meta property=\"og:image:type\" content=\"image\/jpeg\" \/>\n<meta name=\"author\" content=\"Teresa Fern\u00e1ndez\" \/>\n<meta name=\"twitter:card\" content=\"summary_large_image\" \/>\n<meta name=\"twitter:label1\" content=\"Escrito por\" \/>\n\t<meta name=\"twitter:data1\" content=\"Teresa Fern\u00e1ndez\" \/>\n\t<meta name=\"twitter:label2\" content=\"Tiempo de lectura\" \/>\n\t<meta name=\"twitter:data2\" content=\"2 minutos\" \/>\n<script type=\"application\/ld+json\" class=\"yoast-schema-graph\">{\"@context\":\"https:\\\/\\\/schema.org\",\"@graph\":[{\"@type\":\"Article\",\"@id\":\"https:\\\/\\\/www.unioviedo.es\\\/catedrahunosa\\\/subvenciones-para-la-instalacion-de-calderas-de-biomasa-en-galicia\\\/#article\",\"isPartOf\":{\"@id\":\"https:\\\/\\\/www.unioviedo.es\\\/catedrahunosa\\\/subvenciones-para-la-instalacion-de-calderas-de-biomasa-en-galicia\\\/\"},\"author\":{\"name\":\"Teresa Fern\u00e1ndez\",\"@id\":\"https:\\\/\\\/www.unioviedo.es\\\/catedrahunosa\\\/#\\\/schema\\\/person\\\/00a8552266d1031c0a7fecbd5f96ca1e\"},\"headline\":\"Subvenciones para la instalaci\u00f3n de calderas de biomasa en Galicia\",\"datePublished\":\"2015-05-14T07:31:15+00:00\",\"mainEntityOfPage\":{\"@id\":\"https:\\\/\\\/www.unioviedo.es\\\/catedrahunosa\\\/subvenciones-para-la-instalacion-de-calderas-de-biomasa-en-galicia\\\/\"},\"wordCount\":410,\"commentCount\":0,\"publisher\":{\"@id\":\"https:\\\/\\\/www.unioviedo.es\\\/catedrahunosa\\\/#organization\"},\"image\":{\"@id\":\"https:\\\/\\\/www.unioviedo.es\\\/catedrahunosa\\\/subvenciones-para-la-instalacion-de-calderas-de-biomasa-en-galicia\\\/#primaryimage\"},\"thumbnailUrl\":\"https:\\\/\\\/www.unioviedo.es\\\/catedrahunosa\\\/wp-content\\\/uploads\\\/2015\\\/05\\\/caldera.jpg\",\"articleSection\":[\"Noticias\"],\"inLanguage\":\"es\",\"potentialAction\":[{\"@type\":\"CommentAction\",\"name\":\"Comment\",\"target\":[\"https:\\\/\\\/www.unioviedo.es\\\/catedrahunosa\\\/subvenciones-para-la-instalacion-de-calderas-de-biomasa-en-galicia\\\/#respond\"]}]},{\"@type\":\"WebPage\",\"@id\":\"https:\\\/\\\/www.unioviedo.es\\\/catedrahunosa\\\/subvenciones-para-la-instalacion-de-calderas-de-biomasa-en-galicia\\\/\",\"url\":\"https:\\\/\\\/www.unioviedo.es\\\/catedrahunosa\\\/subvenciones-para-la-instalacion-de-calderas-de-biomasa-en-galicia\\\/\",\"name\":\"Subvenciones para la instalaci\u00f3n de calderas de biomasa en Galicia | C\u00e1tedra Hunosa\",\"isPartOf\":{\"@id\":\"https:\\\/\\\/www.unioviedo.es\\\/catedrahunosa\\\/#website\"},\"primaryImageOfPage\":{\"@id\":\"https:\\\/\\\/www.unioviedo.es\\\/catedrahunosa\\\/subvenciones-para-la-instalacion-de-calderas-de-biomasa-en-galicia\\\/#primaryimage\"},\"image\":{\"@id\":\"https:\\\/\\\/www.unioviedo.es\\\/catedrahunosa\\\/subvenciones-para-la-instalacion-de-calderas-de-biomasa-en-galicia\\\/#primaryimage\"},\"thumbnailUrl\":\"https:\\\/\\\/www.unioviedo.es\\\/catedrahunosa\\\/wp-content\\\/uploads\\\/2015\\\/05\\\/caldera.jpg\",\"datePublished\":\"2015-05-14T07:31:15+00:00\",\"breadcrumb\":{\"@id\":\"https:\\\/\\\/www.unioviedo.es\\\/catedrahunosa\\\/subvenciones-para-la-instalacion-de-calderas-de-biomasa-en-galicia\\\/#breadcrumb\"},\"inLanguage\":\"es\",\"potentialAction\":[{\"@type\":\"ReadAction\",\"target\":[\"https:\\\/\\\/www.unioviedo.es\\\/catedrahunosa\\\/subvenciones-para-la-instalacion-de-calderas-de-biomasa-en-galicia\\\/\"]}]},{\"@type\":\"ImageObject\",\"inLanguage\":\"es\",\"@id\":\"https:\\\/\\\/www.unioviedo.es\\\/catedrahunosa\\\/subvenciones-para-la-instalacion-de-calderas-de-biomasa-en-galicia\\\/#primaryimage\",\"url\":\"https:\\\/\\\/www.unioviedo.es\\\/catedrahunosa\\\/wp-content\\\/uploads\\\/2015\\\/05\\\/caldera.jpg\",\"contentUrl\":\"https:\\\/\\\/www.unioviedo.es\\\/catedrahunosa\\\/wp-content\\\/uploads\\\/2015\\\/05\\\/caldera.jpg\",\"width\":900,\"height\":674},{\"@type\":\"BreadcrumbList\",\"@id\":\"https:\\\/\\\/www.unioviedo.es\\\/catedrahunosa\\\/subvenciones-para-la-instalacion-de-calderas-de-biomasa-en-galicia\\\/#breadcrumb\",\"itemListElement\":[{\"@type\":\"ListItem\",\"position\":1,\"name\":\"Portada\",\"item\":\"https:\\\/\\\/www.unioviedo.es\\\/catedrahunosa\\\/\"},{\"@type\":\"ListItem\",\"position\":2,\"name\":\"Subvenciones para la instalaci\u00f3n de calderas de biomasa en Galicia\"}]},{\"@type\":\"WebSite\",\"@id\":\"https:\\\/\\\/www.unioviedo.es\\\/catedrahunosa\\\/#website\",\"url\":\"https:\\\/\\\/www.unioviedo.es\\\/catedrahunosa\\\/\",\"name\":\"C\u00e1tedra Hunosa\",\"description\":\"Energ\u00edas Renovables\",\"publisher\":{\"@id\":\"https:\\\/\\\/www.unioviedo.es\\\/catedrahunosa\\\/#organization\"},\"potentialAction\":[{\"@type\":\"SearchAction\",\"target\":{\"@type\":\"EntryPoint\",\"urlTemplate\":\"https:\\\/\\\/www.unioviedo.es\\\/catedrahunosa\\\/?s={search_term_string}\"},\"query-input\":{\"@type\":\"PropertyValueSpecification\",\"valueRequired\":true,\"valueName\":\"search_term_string\"}}],\"inLanguage\":\"es\"},{\"@type\":\"Organization\",\"@id\":\"https:\\\/\\\/www.unioviedo.es\\\/catedrahunosa\\\/#organization\",\"name\":\"C\u00e1tedra Hunosa\",\"url\":\"https:\\\/\\\/www.unioviedo.es\\\/catedrahunosa\\\/\",\"logo\":{\"@type\":\"ImageObject\",\"inLanguage\":\"es\",\"@id\":\"https:\\\/\\\/www.unioviedo.es\\\/catedrahunosa\\\/#\\\/schema\\\/logo\\\/image\\\/\",\"url\":\"https:\\\/\\\/www.unioviedo.es\\\/catedrahunosa\\\/wp-content\\\/uploads\\\/2021\\\/03\\\/cropped-ISOTIPO-CATEDRA-1.png\",\"contentUrl\":\"https:\\\/\\\/www.unioviedo.es\\\/catedrahunosa\\\/wp-content\\\/uploads\\\/2021\\\/03\\\/cropped-ISOTIPO-CATEDRA-1.png\",\"width\":633,\"height\":633,\"caption\":\"C\u00e1tedra Hunosa\"},\"image\":{\"@id\":\"https:\\\/\\\/www.unioviedo.es\\\/catedrahunosa\\\/#\\\/schema\\\/logo\\\/image\\\/\"},\"sameAs\":[\"https:\\\/\\\/www.facebook.com\\\/CatedraHunosa\\\/\",\"https:\\\/\\\/www.linkedin.com\\\/company\\\/c\u00e1tedra-hunosa-universidad-de-oviedo\"]},{\"@type\":\"Person\",\"@id\":\"https:\\\/\\\/www.unioviedo.es\\\/catedrahunosa\\\/#\\\/schema\\\/person\\\/00a8552266d1031c0a7fecbd5f96ca1e\",\"name\":\"Teresa Fern\u00e1ndez\",\"image\":{\"@type\":\"ImageObject\",\"inLanguage\":\"es\",\"@id\":\"https:\\\/\\\/secure.gravatar.com\\\/avatar\\\/f9878e6d60b2e781b2f08610ad94afcb07ed556164d6a1eeaada7bee32ad7699?s=96&d=mm&r=g\",\"url\":\"https:\\\/\\\/secure.gravatar.com\\\/avatar\\\/f9878e6d60b2e781b2f08610ad94afcb07ed556164d6a1eeaada7bee32ad7699?s=96&d=mm&r=g\",\"contentUrl\":\"https:\\\/\\\/secure.gravatar.com\\\/avatar\\\/f9878e6d60b2e781b2f08610ad94afcb07ed556164d6a1eeaada7bee32ad7699?s=96&d=mm&r=g\",\"caption\":\"Teresa Fern\u00e1ndez\"},\"description\":\"Usuario corporativo para administraci\u00f3n general de la p\u00e1gina.\"}]}<\/script>\n<!-- \/ Yoast SEO plugin. -->","yoast_head_json":{"title":"Subvenciones para la instalaci\u00f3n de calderas de biomasa en Galicia | C\u00e1tedra Hunosa","robots":{"index":"index","follow":"follow","max-snippet":"max-snippet:-1","max-image-preview":"max-image-preview:large","max-video-preview":"max-video-preview:-1"},"canonical":"https:\/\/www.unioviedo.es\/catedrahunosa\/subvenciones-para-la-instalacion-de-calderas-de-biomasa-en-galicia\/","og_locale":"es_ES","og_type":"article","og_title":"Subvenciones para la instalaci\u00f3n de calderas de biomasa en Galicia | C\u00e1tedra Hunosa","og_description":"La Xunta de Galicia destinar\u00e1 un total de 20 millones de euros en subvenciones para la instalaci\u00f3n de calderas de biomasa a trav\u00e9s de una convocatoria de ayudas financiada por el Fondo Europeo Agr\u00edcola de Desarrollo Rural (FEADER). La Xunta de Galicia ya ha puesto en marcha la segunda convocatoria de subvenciones para la instalaci\u00f3n &hellip; Continuar leyendo \"Subvenciones para la instalaci\u00f3n de calderas de biomasa en Galicia\"","og_url":"https:\/\/www.unioviedo.es\/catedrahunosa\/subvenciones-para-la-instalacion-de-calderas-de-biomasa-en-galicia\/","og_site_name":"C\u00e1tedra Hunosa","article_publisher":"https:\/\/www.facebook.com\/CatedraHunosa\/","article_published_time":"2015-05-14T07:31:15+00:00","og_image":[{"width":900,"height":674,"url":"https:\/\/www.unioviedo.es\/catedrahunosa\/wp-content\/uploads\/2015\/05\/caldera.jpg","type":"image\/jpeg"}],"author":"Teresa Fern\u00e1ndez","twitter_card":"summary_large_image","twitter_misc":{"Escrito por":"Teresa Fern\u00e1ndez","Tiempo de lectura":"2 minutos"},"schema":{"@context":"https:\/\/schema.org","@graph":[{"@type":"Article","@id":"https:\/\/www.unioviedo.es\/catedrahunosa\/subvenciones-para-la-instalacion-de-calderas-de-biomasa-en-galicia\/#article","isPartOf":{"@id":"https:\/\/www.unioviedo.es\/catedrahunosa\/subvenciones-para-la-instalacion-de-calderas-de-biomasa-en-galicia\/"},"author":{"name":"Teresa Fern\u00e1ndez","@id":"https:\/\/www.unioviedo.es\/catedrahunosa\/#\/schema\/person\/00a8552266d1031c0a7fecbd5f96ca1e"},"headline":"Subvenciones para la instalaci\u00f3n de calderas de biomasa en Galicia","datePublished":"2015-05-14T07:31:15+00:00","mainEntityOfPage":{"@id":"https:\/\/www.unioviedo.es\/catedrahunosa\/subvenciones-para-la-instalacion-de-calderas-de-biomasa-en-galicia\/"},"wordCount":410,"commentCount":0,"publisher":{"@id":"https:\/\/www.unioviedo.es\/catedrahunosa\/#organization"},"image":{"@id":"https:\/\/www.unioviedo.es\/catedrahunosa\/subvenciones-para-la-instalacion-de-calderas-de-biomasa-en-galicia\/#primaryimage"},"thumbnailUrl":"https:\/\/www.unioviedo.es\/catedrahunosa\/wp-content\/uploads\/2015\/05\/caldera.jpg","articleSection":["Noticias"],"inLanguage":"es","potentialAction":[{"@type":"CommentAction","name":"Comment","target":["https:\/\/www.unioviedo.es\/catedrahunosa\/subvenciones-para-la-instalacion-de-calderas-de-biomasa-en-galicia\/#respond"]}]},{"@type":"WebPage","@id":"https:\/\/www.unioviedo.es\/catedrahunosa\/subvenciones-para-la-instalacion-de-calderas-de-biomasa-en-galicia\/","url":"https:\/\/www.unioviedo.es\/catedrahunosa\/subvenciones-para-la-instalacion-de-calderas-de-biomasa-en-galicia\/","name":"Subvenciones para la instalaci\u00f3n de calderas de biomasa en Galicia | C\u00e1tedra Hunosa","isPartOf":{"@id":"https:\/\/www.unioviedo.es\/catedrahunosa\/#website"},"primaryImageOfPage":{"@id":"https:\/\/www.unioviedo.es\/catedrahunosa\/subvenciones-para-la-instalacion-de-calderas-de-biomasa-en-galicia\/#primaryimage"},"image":{"@id":"https:\/\/www.unioviedo.es\/catedrahunosa\/subvenciones-para-la-instalacion-de-calderas-de-biomasa-en-galicia\/#primaryimage"},"thumbnailUrl":"https:\/\/www.unioviedo.es\/catedrahunosa\/wp-content\/uploads\/2015\/05\/caldera.jpg","datePublished":"2015-05-14T07:31:15+00:00","breadcrumb":{"@id":"https:\/\/www.unioviedo.es\/catedrahunosa\/subvenciones-para-la-instalacion-de-calderas-de-biomasa-en-galicia\/#breadcrumb"},"inLanguage":"es","potentialAction":[{"@type":"ReadAction","target":["https:\/\/www.unioviedo.es\/catedrahunosa\/subvenciones-para-la-instalacion-de-calderas-de-biomasa-en-galicia\/"]}]},{"@type":"ImageObject","inLanguage":"es","@id":"https:\/\/www.unioviedo.es\/catedrahunosa\/subvenciones-para-la-instalacion-de-calderas-de-biomasa-en-galicia\/#primaryimage","url":"https:\/\/www.unioviedo.es\/catedrahunosa\/wp-content\/uploads\/2015\/05\/caldera.jpg","contentUrl":"https:\/\/www.unioviedo.es\/catedrahunosa\/wp-content\/uploads\/2015\/05\/caldera.jpg","width":900,"height":674},{"@type":"BreadcrumbList","@id":"https:\/\/www.unioviedo.es\/catedrahunosa\/subvenciones-para-la-instalacion-de-calderas-de-biomasa-en-galicia\/#breadcrumb","itemListElement":[{"@type":"ListItem","position":1,"name":"Portada","item":"https:\/\/www.unioviedo.es\/catedrahunosa\/"},{"@type":"ListItem","position":2,"name":"Subvenciones para la instalaci\u00f3n de calderas de biomasa en Galicia"}]},{"@type":"WebSite","@id":"https:\/\/www.unioviedo.es\/catedrahunosa\/#website","url":"https:\/\/www.unioviedo.es\/catedrahunosa\/","name":"C\u00e1tedra Hunosa","description":"Energ\u00edas Renovables","publisher":{"@id":"https:\/\/www.unioviedo.es\/catedrahunosa\/#organization"},"potentialAction":[{"@type":"SearchAction","target":{"@type":"EntryPoint","urlTemplate":"https:\/\/www.unioviedo.es\/catedrahunosa\/?s={search_term_string}"},"query-input":{"@type":"PropertyValueSpecification","valueRequired":true,"valueName":"search_term_string"}}],"inLanguage":"es"},{"@type":"Organization","@id":"https:\/\/www.unioviedo.es\/catedrahunosa\/#organization","name":"C\u00e1tedra Hunosa","url":"https:\/\/www.unioviedo.es\/catedrahunosa\/","logo":{"@type":"ImageObject","inLanguage":"es","@id":"https:\/\/www.unioviedo.es\/catedrahunosa\/#\/schema\/logo\/image\/","url":"https:\/\/www.unioviedo.es\/catedrahunosa\/wp-content\/uploads\/2021\/03\/cropped-ISOTIPO-CATEDRA-1.png","contentUrl":"https:\/\/www.unioviedo.es\/catedrahunosa\/wp-content\/uploads\/2021\/03\/cropped-ISOTIPO-CATEDRA-1.png","width":633,"height":633,"caption":"C\u00e1tedra Hunosa"},"image":{"@id":"https:\/\/www.unioviedo.es\/catedrahunosa\/#\/schema\/logo\/image\/"},"sameAs":["https:\/\/www.facebook.com\/CatedraHunosa\/","https:\/\/www.linkedin.com\/company\/c\u00e1tedra-hunosa-universidad-de-oviedo"]},{"@type":"Person","@id":"https:\/\/www.unioviedo.es\/catedrahunosa\/#\/schema\/person\/00a8552266d1031c0a7fecbd5f96ca1e","name":"Teresa Fern\u00e1ndez","image":{"@type":"ImageObject","inLanguage":"es","@id":"https:\/\/secure.gravatar.com\/avatar\/f9878e6d60b2e781b2f08610ad94afcb07ed556164d6a1eeaada7bee32ad7699?s=96&d=mm&r=g","url":"https:\/\/secure.gravatar.com\/avatar\/f9878e6d60b2e781b2f08610ad94afcb07ed556164d6a1eeaada7bee32ad7699?s=96&d=mm&r=g","contentUrl":"https:\/\/secure.gravatar.com\/avatar\/f9878e6d60b2e781b2f08610ad94afcb07ed556164d6a1eeaada7bee32ad7699?s=96&d=mm&r=g","caption":"Teresa Fern\u00e1ndez"},"description":"Usuario corporativo para administraci\u00f3n general de la p\u00e1gina."}]}},"_links":{"self":[{"href":"https:\/\/www.unioviedo.es\/catedrahunosa\/wp-json\/wp\/v2\/posts\/12188","targetHints":{"allow":["GET"]}}],"collection":[{"href":"https:\/\/www.unioviedo.es\/catedrahunosa\/wp-json\/wp\/v2\/posts"}],"about":[{"href":"https:\/\/www.unioviedo.es\/catedrahunosa\/wp-json\/wp\/v2\/types\/post"}],"author":[{"embeddable":true,"href":"https:\/\/www.unioviedo.es\/catedrahunosa\/wp-json\/wp\/v2\/users\/1"}],"replies":[{"embeddable":true,"href":"https:\/\/www.unioviedo.es\/catedrahunosa\/wp-json\/wp\/v2\/comments?post=12188"}],"version-history":[{"count":0,"href":"https:\/\/www.unioviedo.es\/catedrahunosa\/wp-json\/wp\/v2\/posts\/12188\/revisions"}],"wp:featuredmedia":[{"embeddable":true,"href":"https:\/\/www.unioviedo.es\/catedrahunosa\/wp-json\/wp\/v2\/media\/12189"}],"wp:attachment":[{"href":"https:\/\/www.unioviedo.es\/catedrahunosa\/wp-json\/wp\/v2\/media?parent=12188"}],"wp:term":[{"taxonomy":"category","embeddable":true,"href":"https:\/\/www.unioviedo.es\/catedrahunosa\/wp-json\/wp\/v2\/categories?post=12188"},{"taxonomy":"post_tag","embeddable":true,"href":"https:\/\/www.unioviedo.es\/catedrahunosa\/wp-json\/wp\/v2\/tags?post=12188"}],"curies":[{"name":"wp","href":"https:\/\/api.w.org\/{rel}","templated":true}]}}