{"id":12193,"date":"2015-05-18T08:49:49","date_gmt":"2015-05-18T06:49:49","guid":{"rendered":"http:\/\/www.aulahunosa.es\/?p=12193"},"modified":"2015-05-18T08:49:49","modified_gmt":"2015-05-18T06:49:49","slug":"hunosa-impulsa-un-curso-de-extension-universitaria-en-mieres","status":"publish","type":"post","link":"https:\/\/www.unioviedo.es\/catedrahunosa\/hunosa-impulsa-un-curso-de-extension-universitaria-en-mieres\/","title":{"rendered":"HUNOSA impulsa un curso de extensi\u00f3n universitaria en Mieres"},"content":{"rendered":"<p><a href=\"http:\/\/www.sepi.es\/default.aspx?cmd=0004&amp;IdContent=239&amp;lang=&amp;idLanguage=&amp;idContraste=\">HUNOSA<\/a><span class=\"Apple-converted-space\">\u00a0<\/span>impulsar\u00e1 un curso de extensi\u00f3n universitaria en Mieres este mismo verano. Ese fue uno de los anuncios que hizo p\u00fablicos la empresa durante el acto de inauguraci\u00f3n del Aula HUNOSA de la Geotermia y la Biomasa que acaba de celebrarse en el edificio de investigaci\u00f3n del campus de la Universidad de Oviedo en Mieres.<br \/>\nEl director del Aula HUNOSA, Jos\u00e9 Luis Viesca, fue el encargado de explicar el programa anual de actividades incluidas en los convenios de colaboraci\u00f3n que mantiene HUNOSA con la Universidad de Oviedo. En el acto estaban presentes tambi\u00e9n la vicerrectora de Investigaci\u00f3n y Campus de Excelencia, Paz Su\u00e1rez Rendueles, y la presidenta de HUNOSA, Mar\u00eda Teresa Mallada.<br \/>\nTodas las iniciativas tienen como objetivo mantener e intensificar la vinculaci\u00f3n de la hullera estatal con la Universidad, \u201cse trata de colaborar en el dise\u00f1o y aplicaci\u00f3n de programas de inter\u00e9s mutuo de relevancia para la sociedad asturiana, el medio ambiente, conservaci\u00f3n, la recuperaci\u00f3n del importante patrimonio hist\u00f3rico industrial y la generaci\u00f3n de empleo&#8217;, se\u00f1al\u00f3 Viesca.<\/p>\n<div align=\"center\"><\/div>\n<p><b>Aula de HUNOSA<\/b><br \/>\nUna de las actividades que tambi\u00e9n oferta el Aula de HUNOSA, que se encuentra en el cuarto piso del edificio de investigaci\u00f3n del campus, es la realizaci\u00f3n de informes personalizados sobre la viabilidad de adaptar sus viviendas a la geotermia, que aprovecha el agua caliente que sale de las minas para las calefacciones, reduciendo mucho su consumo energ\u00e9tico.<br \/>\n&#8216;Estudiaremos los casos concretos y haremos un estudio individualizado que permita cuantificar las ventajas que les acarrear\u00eda sumarse a este sistema&#8217;, matiz\u00f3 Jos\u00e9 Luis Viesca. Cualquier vecino puede recabar informaci\u00f3n. &#8216;En funci\u00f3n de la tipolog\u00eda de la vivienda podr\u00edamos estar hablando de varias soluciones t\u00e9cnicas&#8217;, asegur\u00f3 Viesca. Y a\u00f1adi\u00f3: &#8216;Los hogares que est\u00e1n m\u00e1s cerca de la red de geotermia podr\u00e1n plantearse una conexi\u00f3n y, el resto, valorar la alternativa de biomasa&#8217;.<br \/>\nViesca remarc\u00f3 que Mieres est\u00e1 en condiciones de &#8216;sacar provecho de unos recursos infrautilizados y al mismo tiempo alcanzar una ventaja competitiva&#8217;.<br \/>\nMar\u00eda Teresa Mallada explic\u00f3 por su parte que el Ayuntamiento est\u00e1 informado de esta planificaci\u00f3n y que hay un principio de acuerdo para establecer lazos de colaboraci\u00f3n.<br \/>\n<b>Geotermia y biomasa<\/b><br \/>\nEl Aula de HUNOSA ofrece un recorrido ilustrado con paneles de los proyectos e ideas que actualmente desarrolla la empresa. La geotermia y la biomasa tienen cada una secci\u00f3n fija donde el visitante puede profundizar en su conocimiento sobre estos dos tipos de energ\u00eda. En cuanto a la geotermia se exponen los proyectos ya desarrollados, como el abastecimiento energ\u00e9tico del edificio de investigaci\u00f3n y la residencia del campus de Mieres y el nuevo hospital \u00c1lvarez Buylla.<br \/>\nLa vicerrectora de Investigaci\u00f3n, Paz Su\u00e1rez Rendueles, enmarc\u00f3 la colaboraci\u00f3n con HUNOSA dentro de un programa que busca &#8216;potenciar y dar a conocer la investigaci\u00f3n que se hace en el campus de Mieres&#8217;. Destac\u00f3 igualmente la necesidad de fortalecer &#8216;las relaciones con las empresas del tejido productivo asturiano&#8217;.<br \/>\nAdem\u00e1s, Su\u00e1rez Rendueles abog\u00f3 por dar un giro a esta colaboraci\u00f3n desde su propia g\u00e9nesis: &#8216;El objetivo es acercarse a las empresas de la regi\u00f3n de manera m\u00e1s institucional, cambiando el modelo existente, que se basaba en contactos surgidos del conocimiento personal entre trabajadores de la universidad y empresarios&#8217;.<br \/>\nEntre las iniciativas que tiene previsto promover el Aula HUNOSA se encuentra un curso universitario de verano que se impartir\u00e1 en Barredo el pr\u00f3ximo mes de septiembre: &#8216;Estar\u00e1 orientado a formar en t\u00e9cnicas de climatizaci\u00f3n a titulados y estudiantes de \u00faltimo curso&#8217;, apunt\u00f3 Jos\u00e9 Luis Viesca. Pr\u00f3ximamente tambi\u00e9n se celebrar\u00e1n unas jornadas sobre los planes forestales de HUNOSA.<br \/>\n<b>HUNOSA y Grupo SEPI<\/b><br \/>\nHUNOSA pertenece al<span class=\"Apple-converted-space\">\u00a0<\/span><a href=\"http:\/\/www.sepi.es\/default.aspx?cmd=0001&amp;IdContainer=234&amp;lang=&amp;idLanguage=&amp;idContraste=\">Grupo SEPI<\/a>, un holding empresarial que abarca un total de 16 empresas p\u00fablicas de forma directa y mayoritaria, con una plantilla final de m\u00e1s de 74.000 profesionales en 2013, la Corporaci\u00f3n Radiotelevisi\u00f3n Espa\u00f1ola, sobre la que tiene competencias, y una fundaci\u00f3n p\u00fablica tutelada. Asimismo, SEPI tiene participaciones directas minoritarias en otras diez empresas, e indirectas sobre m\u00e1s de cien sociedades.<br \/>\nFuente: <a href=\"http:\/\/www.sepi.es\/default.aspx?cmd=0004&amp;IdContent=33626&amp;idLanguage=&amp;lang=\" target=\"_blank\" rel=\"noopener noreferrer\">SEPI<\/a><\/p>\n","protected":false},"excerpt":{"rendered":"<p>HUNOSA\u00a0impulsar\u00e1 un curso de extensi\u00f3n universitaria en Mieres este mismo verano. Ese fue uno de los anuncios que hizo p\u00fablicos la empresa durante el acto de inauguraci\u00f3n del Aula HUNOSA de la Geotermia y la Biomasa que acaba de celebrarse en el edificio de investigaci\u00f3n del campus de la Universidad de Oviedo en Mieres. El &hellip; <\/p>\n<p class=\"link-more\"><a href=\"https:\/\/www.unioviedo.es\/catedrahunosa\/hunosa-impulsa-un-curso-de-extension-universitaria-en-mieres\/\" class=\"more-link\">Continuar leyendo<span class=\"screen-reader-text\"> \u00abHUNOSA impulsa un curso de extensi\u00f3n universitaria en Mieres\u00bb<\/span><\/a><\/p>\n","protected":false},"author":1,"featured_media":12194,"comment_status":"open","ping_status":"open","sticky":false,"template":"","format":"standard","meta":{"_monsterinsights_skip_tracking":false,"_monsterinsights_sitenote_active":false,"_monsterinsights_sitenote_note":"","_monsterinsights_sitenote_category":0,"footnotes":""},"categories":[4],"tags":[],"class_list":["post-12193","post","type-post","status-publish","format-standard","has-post-thumbnail","hentry","category-noticias"],"yoast_head":"<!-- This site is optimized with the Yoast SEO plugin v27.5 - https:\/\/yoast.com\/product\/yoast-seo-wordpress\/ -->\n<title>HUNOSA impulsa un curso de extensi\u00f3n universitaria en Mieres | C\u00e1tedra Hunosa<\/title>\n<meta name=\"robots\" content=\"index, follow, max-snippet:-1, max-image-preview:large, max-video-preview:-1\" \/>\n<link rel=\"canonical\" href=\"https:\/\/www.unioviedo.es\/catedrahunosa\/hunosa-impulsa-un-curso-de-extension-universitaria-en-mieres\/\" \/>\n<meta property=\"og:locale\" content=\"es_ES\" \/>\n<meta property=\"og:type\" content=\"article\" \/>\n<meta property=\"og:title\" content=\"HUNOSA impulsa un curso de extensi\u00f3n universitaria en Mieres | C\u00e1tedra Hunosa\" \/>\n<meta property=\"og:description\" content=\"HUNOSA\u00a0impulsar\u00e1 un curso de extensi\u00f3n universitaria en Mieres este mismo verano. Ese fue uno de los anuncios que hizo p\u00fablicos la empresa durante el acto de inauguraci\u00f3n del Aula HUNOSA de la Geotermia y la Biomasa que acaba de celebrarse en el edificio de investigaci\u00f3n del campus de la Universidad de Oviedo en Mieres. El &hellip; Continuar leyendo &quot;HUNOSA impulsa un curso de extensi\u00f3n universitaria en Mieres&quot;\" \/>\n<meta property=\"og:url\" content=\"https:\/\/www.unioviedo.es\/catedrahunosa\/hunosa-impulsa-un-curso-de-extension-universitaria-en-mieres\/\" \/>\n<meta property=\"og:site_name\" content=\"C\u00e1tedra Hunosa\" \/>\n<meta property=\"article:publisher\" content=\"https:\/\/www.facebook.com\/CatedraHunosa\/\" \/>\n<meta property=\"article:published_time\" content=\"2015-05-18T06:49:49+00:00\" \/>\n<meta property=\"og:image\" content=\"https:\/\/www.unioviedo.es\/catedrahunosa\/wp-content\/uploads\/2015\/05\/HUNOSA_NuevoCurso_Mieres18052015.jpg\" \/>\n\t<meta property=\"og:image:width\" content=\"285\" \/>\n\t<meta property=\"og:image:height\" content=\"179\" \/>\n\t<meta property=\"og:image:type\" content=\"image\/jpeg\" \/>\n<meta name=\"author\" content=\"Teresa Fern\u00e1ndez\" \/>\n<meta name=\"twitter:card\" content=\"summary_large_image\" \/>\n<meta name=\"twitter:label1\" content=\"Escrito por\" \/>\n\t<meta name=\"twitter:data1\" content=\"Teresa Fern\u00e1ndez\" \/>\n\t<meta name=\"twitter:label2\" content=\"Tiempo de lectura\" \/>\n\t<meta name=\"twitter:data2\" content=\"4 minutos\" \/>\n<script type=\"application\/ld+json\" class=\"yoast-schema-graph\">{\"@context\":\"https:\\\/\\\/schema.org\",\"@graph\":[{\"@type\":\"Article\",\"@id\":\"https:\\\/\\\/www.unioviedo.es\\\/catedrahunosa\\\/hunosa-impulsa-un-curso-de-extension-universitaria-en-mieres\\\/#article\",\"isPartOf\":{\"@id\":\"https:\\\/\\\/www.unioviedo.es\\\/catedrahunosa\\\/hunosa-impulsa-un-curso-de-extension-universitaria-en-mieres\\\/\"},\"author\":{\"name\":\"Teresa Fern\u00e1ndez\",\"@id\":\"https:\\\/\\\/www.unioviedo.es\\\/catedrahunosa\\\/#\\\/schema\\\/person\\\/00a8552266d1031c0a7fecbd5f96ca1e\"},\"headline\":\"HUNOSA impulsa un curso de extensi\u00f3n universitaria en Mieres\",\"datePublished\":\"2015-05-18T06:49:49+00:00\",\"mainEntityOfPage\":{\"@id\":\"https:\\\/\\\/www.unioviedo.es\\\/catedrahunosa\\\/hunosa-impulsa-un-curso-de-extension-universitaria-en-mieres\\\/\"},\"wordCount\":724,\"commentCount\":0,\"publisher\":{\"@id\":\"https:\\\/\\\/www.unioviedo.es\\\/catedrahunosa\\\/#organization\"},\"image\":{\"@id\":\"https:\\\/\\\/www.unioviedo.es\\\/catedrahunosa\\\/hunosa-impulsa-un-curso-de-extension-universitaria-en-mieres\\\/#primaryimage\"},\"thumbnailUrl\":\"https:\\\/\\\/www.unioviedo.es\\\/catedrahunosa\\\/wp-content\\\/uploads\\\/2015\\\/05\\\/HUNOSA_NuevoCurso_Mieres18052015.jpg\",\"articleSection\":[\"Noticias\"],\"inLanguage\":\"es\",\"potentialAction\":[{\"@type\":\"CommentAction\",\"name\":\"Comment\",\"target\":[\"https:\\\/\\\/www.unioviedo.es\\\/catedrahunosa\\\/hunosa-impulsa-un-curso-de-extension-universitaria-en-mieres\\\/#respond\"]}]},{\"@type\":\"WebPage\",\"@id\":\"https:\\\/\\\/www.unioviedo.es\\\/catedrahunosa\\\/hunosa-impulsa-un-curso-de-extension-universitaria-en-mieres\\\/\",\"url\":\"https:\\\/\\\/www.unioviedo.es\\\/catedrahunosa\\\/hunosa-impulsa-un-curso-de-extension-universitaria-en-mieres\\\/\",\"name\":\"HUNOSA impulsa un curso de extensi\u00f3n universitaria en Mieres | C\u00e1tedra Hunosa\",\"isPartOf\":{\"@id\":\"https:\\\/\\\/www.unioviedo.es\\\/catedrahunosa\\\/#website\"},\"primaryImageOfPage\":{\"@id\":\"https:\\\/\\\/www.unioviedo.es\\\/catedrahunosa\\\/hunosa-impulsa-un-curso-de-extension-universitaria-en-mieres\\\/#primaryimage\"},\"image\":{\"@id\":\"https:\\\/\\\/www.unioviedo.es\\\/catedrahunosa\\\/hunosa-impulsa-un-curso-de-extension-universitaria-en-mieres\\\/#primaryimage\"},\"thumbnailUrl\":\"https:\\\/\\\/www.unioviedo.es\\\/catedrahunosa\\\/wp-content\\\/uploads\\\/2015\\\/05\\\/HUNOSA_NuevoCurso_Mieres18052015.jpg\",\"datePublished\":\"2015-05-18T06:49:49+00:00\",\"breadcrumb\":{\"@id\":\"https:\\\/\\\/www.unioviedo.es\\\/catedrahunosa\\\/hunosa-impulsa-un-curso-de-extension-universitaria-en-mieres\\\/#breadcrumb\"},\"inLanguage\":\"es\",\"potentialAction\":[{\"@type\":\"ReadAction\",\"target\":[\"https:\\\/\\\/www.unioviedo.es\\\/catedrahunosa\\\/hunosa-impulsa-un-curso-de-extension-universitaria-en-mieres\\\/\"]}]},{\"@type\":\"ImageObject\",\"inLanguage\":\"es\",\"@id\":\"https:\\\/\\\/www.unioviedo.es\\\/catedrahunosa\\\/hunosa-impulsa-un-curso-de-extension-universitaria-en-mieres\\\/#primaryimage\",\"url\":\"https:\\\/\\\/www.unioviedo.es\\\/catedrahunosa\\\/wp-content\\\/uploads\\\/2015\\\/05\\\/HUNOSA_NuevoCurso_Mieres18052015.jpg\",\"contentUrl\":\"https:\\\/\\\/www.unioviedo.es\\\/catedrahunosa\\\/wp-content\\\/uploads\\\/2015\\\/05\\\/HUNOSA_NuevoCurso_Mieres18052015.jpg\",\"width\":285,\"height\":179},{\"@type\":\"BreadcrumbList\",\"@id\":\"https:\\\/\\\/www.unioviedo.es\\\/catedrahunosa\\\/hunosa-impulsa-un-curso-de-extension-universitaria-en-mieres\\\/#breadcrumb\",\"itemListElement\":[{\"@type\":\"ListItem\",\"position\":1,\"name\":\"Portada\",\"item\":\"https:\\\/\\\/www.unioviedo.es\\\/catedrahunosa\\\/\"},{\"@type\":\"ListItem\",\"position\":2,\"name\":\"HUNOSA impulsa un curso de extensi\u00f3n universitaria en Mieres\"}]},{\"@type\":\"WebSite\",\"@id\":\"https:\\\/\\\/www.unioviedo.es\\\/catedrahunosa\\\/#website\",\"url\":\"https:\\\/\\\/www.unioviedo.es\\\/catedrahunosa\\\/\",\"name\":\"C\u00e1tedra Hunosa\",\"description\":\"Energ\u00edas Renovables\",\"publisher\":{\"@id\":\"https:\\\/\\\/www.unioviedo.es\\\/catedrahunosa\\\/#organization\"},\"potentialAction\":[{\"@type\":\"SearchAction\",\"target\":{\"@type\":\"EntryPoint\",\"urlTemplate\":\"https:\\\/\\\/www.unioviedo.es\\\/catedrahunosa\\\/?s={search_term_string}\"},\"query-input\":{\"@type\":\"PropertyValueSpecification\",\"valueRequired\":true,\"valueName\":\"search_term_string\"}}],\"inLanguage\":\"es\"},{\"@type\":\"Organization\",\"@id\":\"https:\\\/\\\/www.unioviedo.es\\\/catedrahunosa\\\/#organization\",\"name\":\"C\u00e1tedra Hunosa\",\"url\":\"https:\\\/\\\/www.unioviedo.es\\\/catedrahunosa\\\/\",\"logo\":{\"@type\":\"ImageObject\",\"inLanguage\":\"es\",\"@id\":\"https:\\\/\\\/www.unioviedo.es\\\/catedrahunosa\\\/#\\\/schema\\\/logo\\\/image\\\/\",\"url\":\"https:\\\/\\\/www.unioviedo.es\\\/catedrahunosa\\\/wp-content\\\/uploads\\\/2021\\\/03\\\/cropped-ISOTIPO-CATEDRA-1.png\",\"contentUrl\":\"https:\\\/\\\/www.unioviedo.es\\\/catedrahunosa\\\/wp-content\\\/uploads\\\/2021\\\/03\\\/cropped-ISOTIPO-CATEDRA-1.png\",\"width\":633,\"height\":633,\"caption\":\"C\u00e1tedra Hunosa\"},\"image\":{\"@id\":\"https:\\\/\\\/www.unioviedo.es\\\/catedrahunosa\\\/#\\\/schema\\\/logo\\\/image\\\/\"},\"sameAs\":[\"https:\\\/\\\/www.facebook.com\\\/CatedraHunosa\\\/\",\"https:\\\/\\\/www.linkedin.com\\\/company\\\/c\u00e1tedra-hunosa-universidad-de-oviedo\"]},{\"@type\":\"Person\",\"@id\":\"https:\\\/\\\/www.unioviedo.es\\\/catedrahunosa\\\/#\\\/schema\\\/person\\\/00a8552266d1031c0a7fecbd5f96ca1e\",\"name\":\"Teresa Fern\u00e1ndez\",\"image\":{\"@type\":\"ImageObject\",\"inLanguage\":\"es\",\"@id\":\"https:\\\/\\\/secure.gravatar.com\\\/avatar\\\/f9878e6d60b2e781b2f08610ad94afcb07ed556164d6a1eeaada7bee32ad7699?s=96&d=mm&r=g\",\"url\":\"https:\\\/\\\/secure.gravatar.com\\\/avatar\\\/f9878e6d60b2e781b2f08610ad94afcb07ed556164d6a1eeaada7bee32ad7699?s=96&d=mm&r=g\",\"contentUrl\":\"https:\\\/\\\/secure.gravatar.com\\\/avatar\\\/f9878e6d60b2e781b2f08610ad94afcb07ed556164d6a1eeaada7bee32ad7699?s=96&d=mm&r=g\",\"caption\":\"Teresa Fern\u00e1ndez\"},\"description\":\"Usuario corporativo para administraci\u00f3n general de la p\u00e1gina.\"}]}<\/script>\n<!-- \/ Yoast SEO plugin. -->","yoast_head_json":{"title":"HUNOSA impulsa un curso de extensi\u00f3n universitaria en Mieres | C\u00e1tedra Hunosa","robots":{"index":"index","follow":"follow","max-snippet":"max-snippet:-1","max-image-preview":"max-image-preview:large","max-video-preview":"max-video-preview:-1"},"canonical":"https:\/\/www.unioviedo.es\/catedrahunosa\/hunosa-impulsa-un-curso-de-extension-universitaria-en-mieres\/","og_locale":"es_ES","og_type":"article","og_title":"HUNOSA impulsa un curso de extensi\u00f3n universitaria en Mieres | C\u00e1tedra Hunosa","og_description":"HUNOSA\u00a0impulsar\u00e1 un curso de extensi\u00f3n universitaria en Mieres este mismo verano. Ese fue uno de los anuncios que hizo p\u00fablicos la empresa durante el acto de inauguraci\u00f3n del Aula HUNOSA de la Geotermia y la Biomasa que acaba de celebrarse en el edificio de investigaci\u00f3n del campus de la Universidad de Oviedo en Mieres. El &hellip; Continuar leyendo \"HUNOSA impulsa un curso de extensi\u00f3n universitaria en Mieres\"","og_url":"https:\/\/www.unioviedo.es\/catedrahunosa\/hunosa-impulsa-un-curso-de-extension-universitaria-en-mieres\/","og_site_name":"C\u00e1tedra Hunosa","article_publisher":"https:\/\/www.facebook.com\/CatedraHunosa\/","article_published_time":"2015-05-18T06:49:49+00:00","og_image":[{"width":285,"height":179,"url":"https:\/\/www.unioviedo.es\/catedrahunosa\/wp-content\/uploads\/2015\/05\/HUNOSA_NuevoCurso_Mieres18052015.jpg","type":"image\/jpeg"}],"author":"Teresa Fern\u00e1ndez","twitter_card":"summary_large_image","twitter_misc":{"Escrito por":"Teresa Fern\u00e1ndez","Tiempo de lectura":"4 minutos"},"schema":{"@context":"https:\/\/schema.org","@graph":[{"@type":"Article","@id":"https:\/\/www.unioviedo.es\/catedrahunosa\/hunosa-impulsa-un-curso-de-extension-universitaria-en-mieres\/#article","isPartOf":{"@id":"https:\/\/www.unioviedo.es\/catedrahunosa\/hunosa-impulsa-un-curso-de-extension-universitaria-en-mieres\/"},"author":{"name":"Teresa Fern\u00e1ndez","@id":"https:\/\/www.unioviedo.es\/catedrahunosa\/#\/schema\/person\/00a8552266d1031c0a7fecbd5f96ca1e"},"headline":"HUNOSA impulsa un curso de extensi\u00f3n universitaria en Mieres","datePublished":"2015-05-18T06:49:49+00:00","mainEntityOfPage":{"@id":"https:\/\/www.unioviedo.es\/catedrahunosa\/hunosa-impulsa-un-curso-de-extension-universitaria-en-mieres\/"},"wordCount":724,"commentCount":0,"publisher":{"@id":"https:\/\/www.unioviedo.es\/catedrahunosa\/#organization"},"image":{"@id":"https:\/\/www.unioviedo.es\/catedrahunosa\/hunosa-impulsa-un-curso-de-extension-universitaria-en-mieres\/#primaryimage"},"thumbnailUrl":"https:\/\/www.unioviedo.es\/catedrahunosa\/wp-content\/uploads\/2015\/05\/HUNOSA_NuevoCurso_Mieres18052015.jpg","articleSection":["Noticias"],"inLanguage":"es","potentialAction":[{"@type":"CommentAction","name":"Comment","target":["https:\/\/www.unioviedo.es\/catedrahunosa\/hunosa-impulsa-un-curso-de-extension-universitaria-en-mieres\/#respond"]}]},{"@type":"WebPage","@id":"https:\/\/www.unioviedo.es\/catedrahunosa\/hunosa-impulsa-un-curso-de-extension-universitaria-en-mieres\/","url":"https:\/\/www.unioviedo.es\/catedrahunosa\/hunosa-impulsa-un-curso-de-extension-universitaria-en-mieres\/","name":"HUNOSA impulsa un curso de extensi\u00f3n universitaria en Mieres | C\u00e1tedra Hunosa","isPartOf":{"@id":"https:\/\/www.unioviedo.es\/catedrahunosa\/#website"},"primaryImageOfPage":{"@id":"https:\/\/www.unioviedo.es\/catedrahunosa\/hunosa-impulsa-un-curso-de-extension-universitaria-en-mieres\/#primaryimage"},"image":{"@id":"https:\/\/www.unioviedo.es\/catedrahunosa\/hunosa-impulsa-un-curso-de-extension-universitaria-en-mieres\/#primaryimage"},"thumbnailUrl":"https:\/\/www.unioviedo.es\/catedrahunosa\/wp-content\/uploads\/2015\/05\/HUNOSA_NuevoCurso_Mieres18052015.jpg","datePublished":"2015-05-18T06:49:49+00:00","breadcrumb":{"@id":"https:\/\/www.unioviedo.es\/catedrahunosa\/hunosa-impulsa-un-curso-de-extension-universitaria-en-mieres\/#breadcrumb"},"inLanguage":"es","potentialAction":[{"@type":"ReadAction","target":["https:\/\/www.unioviedo.es\/catedrahunosa\/hunosa-impulsa-un-curso-de-extension-universitaria-en-mieres\/"]}]},{"@type":"ImageObject","inLanguage":"es","@id":"https:\/\/www.unioviedo.es\/catedrahunosa\/hunosa-impulsa-un-curso-de-extension-universitaria-en-mieres\/#primaryimage","url":"https:\/\/www.unioviedo.es\/catedrahunosa\/wp-content\/uploads\/2015\/05\/HUNOSA_NuevoCurso_Mieres18052015.jpg","contentUrl":"https:\/\/www.unioviedo.es\/catedrahunosa\/wp-content\/uploads\/2015\/05\/HUNOSA_NuevoCurso_Mieres18052015.jpg","width":285,"height":179},{"@type":"BreadcrumbList","@id":"https:\/\/www.unioviedo.es\/catedrahunosa\/hunosa-impulsa-un-curso-de-extension-universitaria-en-mieres\/#breadcrumb","itemListElement":[{"@type":"ListItem","position":1,"name":"Portada","item":"https:\/\/www.unioviedo.es\/catedrahunosa\/"},{"@type":"ListItem","position":2,"name":"HUNOSA impulsa un curso de extensi\u00f3n universitaria en Mieres"}]},{"@type":"WebSite","@id":"https:\/\/www.unioviedo.es\/catedrahunosa\/#website","url":"https:\/\/www.unioviedo.es\/catedrahunosa\/","name":"C\u00e1tedra Hunosa","description":"Energ\u00edas Renovables","publisher":{"@id":"https:\/\/www.unioviedo.es\/catedrahunosa\/#organization"},"potentialAction":[{"@type":"SearchAction","target":{"@type":"EntryPoint","urlTemplate":"https:\/\/www.unioviedo.es\/catedrahunosa\/?s={search_term_string}"},"query-input":{"@type":"PropertyValueSpecification","valueRequired":true,"valueName":"search_term_string"}}],"inLanguage":"es"},{"@type":"Organization","@id":"https:\/\/www.unioviedo.es\/catedrahunosa\/#organization","name":"C\u00e1tedra Hunosa","url":"https:\/\/www.unioviedo.es\/catedrahunosa\/","logo":{"@type":"ImageObject","inLanguage":"es","@id":"https:\/\/www.unioviedo.es\/catedrahunosa\/#\/schema\/logo\/image\/","url":"https:\/\/www.unioviedo.es\/catedrahunosa\/wp-content\/uploads\/2021\/03\/cropped-ISOTIPO-CATEDRA-1.png","contentUrl":"https:\/\/www.unioviedo.es\/catedrahunosa\/wp-content\/uploads\/2021\/03\/cropped-ISOTIPO-CATEDRA-1.png","width":633,"height":633,"caption":"C\u00e1tedra Hunosa"},"image":{"@id":"https:\/\/www.unioviedo.es\/catedrahunosa\/#\/schema\/logo\/image\/"},"sameAs":["https:\/\/www.facebook.com\/CatedraHunosa\/","https:\/\/www.linkedin.com\/company\/c\u00e1tedra-hunosa-universidad-de-oviedo"]},{"@type":"Person","@id":"https:\/\/www.unioviedo.es\/catedrahunosa\/#\/schema\/person\/00a8552266d1031c0a7fecbd5f96ca1e","name":"Teresa Fern\u00e1ndez","image":{"@type":"ImageObject","inLanguage":"es","@id":"https:\/\/secure.gravatar.com\/avatar\/f9878e6d60b2e781b2f08610ad94afcb07ed556164d6a1eeaada7bee32ad7699?s=96&d=mm&r=g","url":"https:\/\/secure.gravatar.com\/avatar\/f9878e6d60b2e781b2f08610ad94afcb07ed556164d6a1eeaada7bee32ad7699?s=96&d=mm&r=g","contentUrl":"https:\/\/secure.gravatar.com\/avatar\/f9878e6d60b2e781b2f08610ad94afcb07ed556164d6a1eeaada7bee32ad7699?s=96&d=mm&r=g","caption":"Teresa Fern\u00e1ndez"},"description":"Usuario corporativo para administraci\u00f3n general de la p\u00e1gina."}]}},"_links":{"self":[{"href":"https:\/\/www.unioviedo.es\/catedrahunosa\/wp-json\/wp\/v2\/posts\/12193","targetHints":{"allow":["GET"]}}],"collection":[{"href":"https:\/\/www.unioviedo.es\/catedrahunosa\/wp-json\/wp\/v2\/posts"}],"about":[{"href":"https:\/\/www.unioviedo.es\/catedrahunosa\/wp-json\/wp\/v2\/types\/post"}],"author":[{"embeddable":true,"href":"https:\/\/www.unioviedo.es\/catedrahunosa\/wp-json\/wp\/v2\/users\/1"}],"replies":[{"embeddable":true,"href":"https:\/\/www.unioviedo.es\/catedrahunosa\/wp-json\/wp\/v2\/comments?post=12193"}],"version-history":[{"count":0,"href":"https:\/\/www.unioviedo.es\/catedrahunosa\/wp-json\/wp\/v2\/posts\/12193\/revisions"}],"wp:featuredmedia":[{"embeddable":true,"href":"https:\/\/www.unioviedo.es\/catedrahunosa\/wp-json\/wp\/v2\/media\/12194"}],"wp:attachment":[{"href":"https:\/\/www.unioviedo.es\/catedrahunosa\/wp-json\/wp\/v2\/media?parent=12193"}],"wp:term":[{"taxonomy":"category","embeddable":true,"href":"https:\/\/www.unioviedo.es\/catedrahunosa\/wp-json\/wp\/v2\/categories?post=12193"},{"taxonomy":"post_tag","embeddable":true,"href":"https:\/\/www.unioviedo.es\/catedrahunosa\/wp-json\/wp\/v2\/tags?post=12193"}],"curies":[{"name":"wp","href":"https:\/\/api.w.org\/{rel}","templated":true}]}}