{"id":12261,"date":"2015-05-29T09:11:11","date_gmt":"2015-05-29T07:11:11","guid":{"rendered":"http:\/\/www.aulahunosa.es\/?p=12261"},"modified":"2015-05-29T09:11:11","modified_gmt":"2015-05-29T07:11:11","slug":"la-mina-del-bosque","status":"publish","type":"post","link":"https:\/\/www.unioviedo.es\/catedrahunosa\/la-mina-del-bosque\/","title":{"rendered":"La Mina del bosque"},"content":{"rendered":"<h2>Hunosa tramita ante el Principado un plan de ordenaci\u00f3n forestal para explotar la biomasa de 3.864 hect\u00e1reas de monte en el centro de Asturias<\/h2>\n<p><em>\u00abPara talar un \u00e1rbol casi tienes que gastar antes otro en papeles\u00bb<\/em>, Con esta expresi\u00f3n tan visual describen en Hunosa las tareas administrativas previas que se precisan para poner en marcha un plan forestal de talas. La compa\u00f1\u00eda ya las tiene muy avanzadas. De hecho, esta misma semana la empresa ha completado el registro para su tramitaci\u00f3n ante el Principado, de los planes de ordenaci\u00f3n para todos sus montes.<br \/>\nHunosa hab\u00eda iniciado ya hace unas semanas el proceso para la tramitaci\u00f3n administrativa de su plan forestal. La empresa present\u00f3 la documentaci\u00f3n de forma escalonada dividiendo la tramitaci\u00f3n por \u00e1reas geogr\u00e1ficas. El documento \u00edntegro se asemeja a un plan de ordenaci\u00f3n del suelo como los que acometen los ayuntamientos. En \u00e9l se analizan detalladamente las 3.864 hect\u00e1reas de montes de Hunosa, c\u00f3mo son estas superficies y sus posibles usos.<br \/>\nPreviamente a esta fase de tramitaci\u00f3n p\u00fablica, Hunosa llev\u00f3 u cabo un inventario de su superficie forestal, inventario que revel\u00f3 que, hoy hay 1.565 hect\u00e1reas de masa boscosa aprovechables con un potencial para generar 408.654 metros c\u00fabicos de madera. La elaboraci\u00f3n de este inventario incluy\u00f3 el an\u00e1lisis de decenas de montes en el centro de Asturias y alcanz\u00f3 incluso a antiguas \u00e1reas reforestadas por la empresa como El Cantil. La Matona. La Mozquita, Cotobello, San Femando, Los Artos, La Bra\u00f1a del R\u00edo. El Abeduriu. San V\u00edctor o Longalendo. En algunas de ellas. Hunosa acaba de desarrollar un plan de repoblaciones, As\u00ed, por ejemplo, en las antiguas explotaciones a cielo abierto de La Bra\u00f1a del R\u00edo, El Cantil y Mozquita se han plantado m\u00e1s de 151000 \u00e1rboles, principalmente pinos, abedules, laureles, alisos y sauces, entre otros.<br \/>\nLa realizaci\u00f3n del inventario ha supuesto una intensa labor tanto de oficina como de campo. No en vano, el trabajo permite a Hunosa contar a d\u00eda de hoy con un estudio informatizado con base cartogr\u00e1fica que no s\u00f3lo recoge las caracter\u00edsticas del suelo, su localizaci\u00f3n y la situaci\u00f3n administrativa de los terrenos, las masas arboladas y el tipo de especies que las integran, sino tambi\u00e9n las pendientes, orientaciones y altitudes a las que se encuentran.<br \/>\nEstos datos resultan fundamentales a la hora de valorar la idoneidad econ\u00f3mica de las talas y tambi\u00e9n en el momento de programarlas.<br \/>\nEl programa forestal de Hunosa se recoge mediante un sistema de informaci\u00f3n geogr\u00e1fica de desarrollo propio que facilita el tratamiento de los datos, permitiendo su organizaci\u00f3n y an\u00e1lisis de forma detallada poniendo todos los resultados en relaci\u00f3n al territorio, El proceso de ordenaci\u00f3n de las superficies forestales permite desarrollar un plan de aprovechamiento de los recursos existentes teniendo una visi\u00f3n global de estos y ajust\u00e1ndose u par\u00e1metros reales. El plan forestal se complementa tambi\u00e9n con un programa de mantenimiento y conservaci\u00f3n de masas arboladas que incluye acciones de limpieza y reforestaci\u00f3n.<br \/>\nJunto a estos trabajos, y tambi\u00e9n dentro del mismo plan forestal. Hunosa ha desarrollado, en colaboraci\u00f3n con la Escuela de Forestales de Mieres, un proyecto de investigaci\u00f3n de cultivos energ\u00e9ticos. El estudio ha permitido comprobar qu\u00e9 especies arb\u00f3reas se adaptan mejor a las caracter\u00edsticas de los suelos de Hunosa, suelos con escasos contenidos org\u00e1nicos y provenientes de rellenos antr\u00f3picos muy heterog\u00e9neos. Como trabajo decampo, se han llevado a cabo plantaciones en El Cantil y Mozquita. Los resultados indican que sauces y chopos son las especies que mejor se adaptan a estos entornos. En esta investigaci\u00f3n se observa tanto el tiempo de desarrollo y la adaptaci\u00f3n como el rendimiento que ofrece cada especie para biomasa.<br \/>\nTanto las investigaciones de especies energ\u00e9ticas como el inventario de bosques y el plan de aprovechamiento de las masas arb\u00f3reas buscan sacar el m\u00e1ximo partido econ\u00f3mico al patrimonio forestal de la hullera p\u00fablica. La presidenta del Grupo Hunosa, la ingeniera Mar\u00eda Teresa Mallada de Castro, lo resume de forma muy expresiva: <em>\u00abPor primera vez, en su historia Hunosa quiere poner en el mercado un combustible distinto del carb\u00f3n: la biomasa. Creemos en las posibilidades de este negocio y nuestro objetivo es hacer de la madera otro carb\u00f3n\u00bb.<\/em><\/p>\n<h2>Un secadero en La Pereda, otro paso del negocio<\/h2>\n<p>Hunosa ya tiene secadero para la madera. La empresa estatal ha habilitado, en el entorno de su central t\u00e9rmica de La Pereda, en Mieres, una amplia \u00e1rea para almacenar y secar la madera proveniente de las primeras talas que la hullera ha puesto en marcha ya en el entorno del pozo Figaredo, tambi\u00e9n en Mieres. Las tareas las est\u00e1 desarrollando Hunosa Verde, nueva divisi\u00f3n de la empresa p\u00fablica Hulleras del Norte. Hunosa Verde, comprometida en el plan de empresa firmado con los sindicatos mineros, busca aunar actividades viables y rentables vinculadas a la actividad posminera y otras como la geotermia,la eficiencia energ\u00e9tica y el aprovechamiento forestal.<br \/>\nHunosa espera comercializar la biomasa que obtenga en sus montes a trav\u00e9s de Hunaser, la nueva firma surgida de la alianza entre Hunosa y el Grupo Urbaser. La empresa est\u00e1 dedicada a la instalaci\u00f3n de calderas de biomasa, a la gesti\u00f3n y mantenimiento de este servicio y al suministro de la materia prima. En s\u00f3lo unos meses. Hunosa ya ha logrado compromisos para desarrollar una docena de proyectos en comunidades de vecinos y empresas del centro de Asturias.<br \/>\nFUENTE: La Nueva Espa\u00f1a 29-05-2015 (industria &amp; empleo)<\/p>\n","protected":false},"excerpt":{"rendered":"<p>Hunosa tramita ante el Principado un plan de ordenaci\u00f3n forestal para explotar la biomasa de 3.864 hect\u00e1reas de monte en el centro de Asturias \u00abPara talar un \u00e1rbol casi tienes que gastar antes otro en papeles\u00bb, Con esta expresi\u00f3n tan visual describen en Hunosa las tareas administrativas previas que se precisan para poner en marcha &hellip; <\/p>\n<p class=\"link-more\"><a href=\"https:\/\/www.unioviedo.es\/catedrahunosa\/la-mina-del-bosque\/\" class=\"more-link\">Continuar leyendo<span class=\"screen-reader-text\"> \u00abLa Mina del bosque\u00bb<\/span><\/a><\/p>\n","protected":false},"author":1,"featured_media":12263,"comment_status":"open","ping_status":"open","sticky":false,"template":"","format":"standard","meta":{"_monsterinsights_skip_tracking":false,"_monsterinsights_sitenote_active":false,"_monsterinsights_sitenote_note":"","_monsterinsights_sitenote_category":0,"footnotes":""},"categories":[4],"tags":[],"class_list":["post-12261","post","type-post","status-publish","format-standard","has-post-thumbnail","hentry","category-noticias"],"yoast_head":"<!-- This site is optimized with the Yoast SEO plugin v27.5 - https:\/\/yoast.com\/product\/yoast-seo-wordpress\/ -->\n<title>La Mina del bosque | C\u00e1tedra Hunosa<\/title>\n<meta name=\"robots\" content=\"index, follow, max-snippet:-1, max-image-preview:large, max-video-preview:-1\" \/>\n<link rel=\"canonical\" href=\"https:\/\/www.unioviedo.es\/catedrahunosa\/la-mina-del-bosque\/\" \/>\n<meta property=\"og:locale\" content=\"es_ES\" \/>\n<meta property=\"og:type\" content=\"article\" \/>\n<meta property=\"og:title\" content=\"La Mina del bosque | C\u00e1tedra Hunosa\" \/>\n<meta property=\"og:description\" content=\"Hunosa tramita ante el Principado un plan de ordenaci\u00f3n forestal para explotar la biomasa de 3.864 hect\u00e1reas de monte en el centro de Asturias \u00abPara talar un \u00e1rbol casi tienes que gastar antes otro en papeles\u00bb, Con esta expresi\u00f3n tan visual describen en Hunosa las tareas administrativas previas que se precisan para poner en marcha &hellip; Continuar leyendo &quot;La Mina del bosque&quot;\" \/>\n<meta property=\"og:url\" content=\"https:\/\/www.unioviedo.es\/catedrahunosa\/la-mina-del-bosque\/\" \/>\n<meta property=\"og:site_name\" content=\"C\u00e1tedra Hunosa\" \/>\n<meta property=\"article:publisher\" content=\"https:\/\/www.facebook.com\/CatedraHunosa\/\" \/>\n<meta property=\"article:published_time\" content=\"2015-05-29T07:11:11+00:00\" \/>\n<meta property=\"og:image\" content=\"https:\/\/www.unioviedo.es\/catedrahunosa\/wp-content\/uploads\/2015\/06\/LNE-SAN-FERNANDO2.jpg\" \/>\n\t<meta property=\"og:image:width\" content=\"1150\" \/>\n\t<meta property=\"og:image:height\" content=\"649\" \/>\n\t<meta property=\"og:image:type\" content=\"image\/jpeg\" \/>\n<meta name=\"author\" content=\"Teresa Fern\u00e1ndez\" \/>\n<meta name=\"twitter:card\" content=\"summary_large_image\" \/>\n<meta name=\"twitter:label1\" content=\"Escrito por\" \/>\n\t<meta name=\"twitter:data1\" content=\"Teresa Fern\u00e1ndez\" \/>\n\t<meta name=\"twitter:label2\" content=\"Tiempo de lectura\" \/>\n\t<meta name=\"twitter:data2\" content=\"5 minutos\" \/>\n<script type=\"application\/ld+json\" class=\"yoast-schema-graph\">{\"@context\":\"https:\\\/\\\/schema.org\",\"@graph\":[{\"@type\":\"Article\",\"@id\":\"https:\\\/\\\/www.unioviedo.es\\\/catedrahunosa\\\/la-mina-del-bosque\\\/#article\",\"isPartOf\":{\"@id\":\"https:\\\/\\\/www.unioviedo.es\\\/catedrahunosa\\\/la-mina-del-bosque\\\/\"},\"author\":{\"name\":\"Teresa Fern\u00e1ndez\",\"@id\":\"https:\\\/\\\/www.unioviedo.es\\\/catedrahunosa\\\/#\\\/schema\\\/person\\\/00a8552266d1031c0a7fecbd5f96ca1e\"},\"headline\":\"La Mina del bosque\",\"datePublished\":\"2015-05-29T07:11:11+00:00\",\"mainEntityOfPage\":{\"@id\":\"https:\\\/\\\/www.unioviedo.es\\\/catedrahunosa\\\/la-mina-del-bosque\\\/\"},\"wordCount\":965,\"commentCount\":0,\"publisher\":{\"@id\":\"https:\\\/\\\/www.unioviedo.es\\\/catedrahunosa\\\/#organization\"},\"image\":{\"@id\":\"https:\\\/\\\/www.unioviedo.es\\\/catedrahunosa\\\/la-mina-del-bosque\\\/#primaryimage\"},\"thumbnailUrl\":\"https:\\\/\\\/www.unioviedo.es\\\/catedrahunosa\\\/wp-content\\\/uploads\\\/2015\\\/06\\\/LNE-SAN-FERNANDO2.jpg\",\"articleSection\":[\"Noticias\"],\"inLanguage\":\"es\",\"potentialAction\":[{\"@type\":\"CommentAction\",\"name\":\"Comment\",\"target\":[\"https:\\\/\\\/www.unioviedo.es\\\/catedrahunosa\\\/la-mina-del-bosque\\\/#respond\"]}]},{\"@type\":\"WebPage\",\"@id\":\"https:\\\/\\\/www.unioviedo.es\\\/catedrahunosa\\\/la-mina-del-bosque\\\/\",\"url\":\"https:\\\/\\\/www.unioviedo.es\\\/catedrahunosa\\\/la-mina-del-bosque\\\/\",\"name\":\"La Mina del bosque | C\u00e1tedra Hunosa\",\"isPartOf\":{\"@id\":\"https:\\\/\\\/www.unioviedo.es\\\/catedrahunosa\\\/#website\"},\"primaryImageOfPage\":{\"@id\":\"https:\\\/\\\/www.unioviedo.es\\\/catedrahunosa\\\/la-mina-del-bosque\\\/#primaryimage\"},\"image\":{\"@id\":\"https:\\\/\\\/www.unioviedo.es\\\/catedrahunosa\\\/la-mina-del-bosque\\\/#primaryimage\"},\"thumbnailUrl\":\"https:\\\/\\\/www.unioviedo.es\\\/catedrahunosa\\\/wp-content\\\/uploads\\\/2015\\\/06\\\/LNE-SAN-FERNANDO2.jpg\",\"datePublished\":\"2015-05-29T07:11:11+00:00\",\"breadcrumb\":{\"@id\":\"https:\\\/\\\/www.unioviedo.es\\\/catedrahunosa\\\/la-mina-del-bosque\\\/#breadcrumb\"},\"inLanguage\":\"es\",\"potentialAction\":[{\"@type\":\"ReadAction\",\"target\":[\"https:\\\/\\\/www.unioviedo.es\\\/catedrahunosa\\\/la-mina-del-bosque\\\/\"]}]},{\"@type\":\"ImageObject\",\"inLanguage\":\"es\",\"@id\":\"https:\\\/\\\/www.unioviedo.es\\\/catedrahunosa\\\/la-mina-del-bosque\\\/#primaryimage\",\"url\":\"https:\\\/\\\/www.unioviedo.es\\\/catedrahunosa\\\/wp-content\\\/uploads\\\/2015\\\/06\\\/LNE-SAN-FERNANDO2.jpg\",\"contentUrl\":\"https:\\\/\\\/www.unioviedo.es\\\/catedrahunosa\\\/wp-content\\\/uploads\\\/2015\\\/06\\\/LNE-SAN-FERNANDO2.jpg\",\"width\":1150,\"height\":649,\"caption\":\"Pozo San Fernando y acopio de madera en la Pereda\"},{\"@type\":\"BreadcrumbList\",\"@id\":\"https:\\\/\\\/www.unioviedo.es\\\/catedrahunosa\\\/la-mina-del-bosque\\\/#breadcrumb\",\"itemListElement\":[{\"@type\":\"ListItem\",\"position\":1,\"name\":\"Portada\",\"item\":\"https:\\\/\\\/www.unioviedo.es\\\/catedrahunosa\\\/\"},{\"@type\":\"ListItem\",\"position\":2,\"name\":\"La Mina del bosque\"}]},{\"@type\":\"WebSite\",\"@id\":\"https:\\\/\\\/www.unioviedo.es\\\/catedrahunosa\\\/#website\",\"url\":\"https:\\\/\\\/www.unioviedo.es\\\/catedrahunosa\\\/\",\"name\":\"C\u00e1tedra Hunosa\",\"description\":\"Energ\u00edas Renovables\",\"publisher\":{\"@id\":\"https:\\\/\\\/www.unioviedo.es\\\/catedrahunosa\\\/#organization\"},\"potentialAction\":[{\"@type\":\"SearchAction\",\"target\":{\"@type\":\"EntryPoint\",\"urlTemplate\":\"https:\\\/\\\/www.unioviedo.es\\\/catedrahunosa\\\/?s={search_term_string}\"},\"query-input\":{\"@type\":\"PropertyValueSpecification\",\"valueRequired\":true,\"valueName\":\"search_term_string\"}}],\"inLanguage\":\"es\"},{\"@type\":\"Organization\",\"@id\":\"https:\\\/\\\/www.unioviedo.es\\\/catedrahunosa\\\/#organization\",\"name\":\"C\u00e1tedra Hunosa\",\"url\":\"https:\\\/\\\/www.unioviedo.es\\\/catedrahunosa\\\/\",\"logo\":{\"@type\":\"ImageObject\",\"inLanguage\":\"es\",\"@id\":\"https:\\\/\\\/www.unioviedo.es\\\/catedrahunosa\\\/#\\\/schema\\\/logo\\\/image\\\/\",\"url\":\"https:\\\/\\\/www.unioviedo.es\\\/catedrahunosa\\\/wp-content\\\/uploads\\\/2021\\\/03\\\/cropped-ISOTIPO-CATEDRA-1.png\",\"contentUrl\":\"https:\\\/\\\/www.unioviedo.es\\\/catedrahunosa\\\/wp-content\\\/uploads\\\/2021\\\/03\\\/cropped-ISOTIPO-CATEDRA-1.png\",\"width\":633,\"height\":633,\"caption\":\"C\u00e1tedra Hunosa\"},\"image\":{\"@id\":\"https:\\\/\\\/www.unioviedo.es\\\/catedrahunosa\\\/#\\\/schema\\\/logo\\\/image\\\/\"},\"sameAs\":[\"https:\\\/\\\/www.facebook.com\\\/CatedraHunosa\\\/\",\"https:\\\/\\\/www.linkedin.com\\\/company\\\/c\u00e1tedra-hunosa-universidad-de-oviedo\"]},{\"@type\":\"Person\",\"@id\":\"https:\\\/\\\/www.unioviedo.es\\\/catedrahunosa\\\/#\\\/schema\\\/person\\\/00a8552266d1031c0a7fecbd5f96ca1e\",\"name\":\"Teresa Fern\u00e1ndez\",\"image\":{\"@type\":\"ImageObject\",\"inLanguage\":\"es\",\"@id\":\"https:\\\/\\\/secure.gravatar.com\\\/avatar\\\/f9878e6d60b2e781b2f08610ad94afcb07ed556164d6a1eeaada7bee32ad7699?s=96&d=mm&r=g\",\"url\":\"https:\\\/\\\/secure.gravatar.com\\\/avatar\\\/f9878e6d60b2e781b2f08610ad94afcb07ed556164d6a1eeaada7bee32ad7699?s=96&d=mm&r=g\",\"contentUrl\":\"https:\\\/\\\/secure.gravatar.com\\\/avatar\\\/f9878e6d60b2e781b2f08610ad94afcb07ed556164d6a1eeaada7bee32ad7699?s=96&d=mm&r=g\",\"caption\":\"Teresa Fern\u00e1ndez\"},\"description\":\"Usuario corporativo para administraci\u00f3n general de la p\u00e1gina.\"}]}<\/script>\n<!-- \/ Yoast SEO plugin. -->","yoast_head_json":{"title":"La Mina del bosque | C\u00e1tedra Hunosa","robots":{"index":"index","follow":"follow","max-snippet":"max-snippet:-1","max-image-preview":"max-image-preview:large","max-video-preview":"max-video-preview:-1"},"canonical":"https:\/\/www.unioviedo.es\/catedrahunosa\/la-mina-del-bosque\/","og_locale":"es_ES","og_type":"article","og_title":"La Mina del bosque | C\u00e1tedra Hunosa","og_description":"Hunosa tramita ante el Principado un plan de ordenaci\u00f3n forestal para explotar la biomasa de 3.864 hect\u00e1reas de monte en el centro de Asturias \u00abPara talar un \u00e1rbol casi tienes que gastar antes otro en papeles\u00bb, Con esta expresi\u00f3n tan visual describen en Hunosa las tareas administrativas previas que se precisan para poner en marcha &hellip; Continuar leyendo \"La Mina del bosque\"","og_url":"https:\/\/www.unioviedo.es\/catedrahunosa\/la-mina-del-bosque\/","og_site_name":"C\u00e1tedra Hunosa","article_publisher":"https:\/\/www.facebook.com\/CatedraHunosa\/","article_published_time":"2015-05-29T07:11:11+00:00","og_image":[{"width":1150,"height":649,"url":"https:\/\/www.unioviedo.es\/catedrahunosa\/wp-content\/uploads\/2015\/06\/LNE-SAN-FERNANDO2.jpg","type":"image\/jpeg"}],"author":"Teresa Fern\u00e1ndez","twitter_card":"summary_large_image","twitter_misc":{"Escrito por":"Teresa Fern\u00e1ndez","Tiempo de lectura":"5 minutos"},"schema":{"@context":"https:\/\/schema.org","@graph":[{"@type":"Article","@id":"https:\/\/www.unioviedo.es\/catedrahunosa\/la-mina-del-bosque\/#article","isPartOf":{"@id":"https:\/\/www.unioviedo.es\/catedrahunosa\/la-mina-del-bosque\/"},"author":{"name":"Teresa Fern\u00e1ndez","@id":"https:\/\/www.unioviedo.es\/catedrahunosa\/#\/schema\/person\/00a8552266d1031c0a7fecbd5f96ca1e"},"headline":"La Mina del bosque","datePublished":"2015-05-29T07:11:11+00:00","mainEntityOfPage":{"@id":"https:\/\/www.unioviedo.es\/catedrahunosa\/la-mina-del-bosque\/"},"wordCount":965,"commentCount":0,"publisher":{"@id":"https:\/\/www.unioviedo.es\/catedrahunosa\/#organization"},"image":{"@id":"https:\/\/www.unioviedo.es\/catedrahunosa\/la-mina-del-bosque\/#primaryimage"},"thumbnailUrl":"https:\/\/www.unioviedo.es\/catedrahunosa\/wp-content\/uploads\/2015\/06\/LNE-SAN-FERNANDO2.jpg","articleSection":["Noticias"],"inLanguage":"es","potentialAction":[{"@type":"CommentAction","name":"Comment","target":["https:\/\/www.unioviedo.es\/catedrahunosa\/la-mina-del-bosque\/#respond"]}]},{"@type":"WebPage","@id":"https:\/\/www.unioviedo.es\/catedrahunosa\/la-mina-del-bosque\/","url":"https:\/\/www.unioviedo.es\/catedrahunosa\/la-mina-del-bosque\/","name":"La Mina del bosque | C\u00e1tedra Hunosa","isPartOf":{"@id":"https:\/\/www.unioviedo.es\/catedrahunosa\/#website"},"primaryImageOfPage":{"@id":"https:\/\/www.unioviedo.es\/catedrahunosa\/la-mina-del-bosque\/#primaryimage"},"image":{"@id":"https:\/\/www.unioviedo.es\/catedrahunosa\/la-mina-del-bosque\/#primaryimage"},"thumbnailUrl":"https:\/\/www.unioviedo.es\/catedrahunosa\/wp-content\/uploads\/2015\/06\/LNE-SAN-FERNANDO2.jpg","datePublished":"2015-05-29T07:11:11+00:00","breadcrumb":{"@id":"https:\/\/www.unioviedo.es\/catedrahunosa\/la-mina-del-bosque\/#breadcrumb"},"inLanguage":"es","potentialAction":[{"@type":"ReadAction","target":["https:\/\/www.unioviedo.es\/catedrahunosa\/la-mina-del-bosque\/"]}]},{"@type":"ImageObject","inLanguage":"es","@id":"https:\/\/www.unioviedo.es\/catedrahunosa\/la-mina-del-bosque\/#primaryimage","url":"https:\/\/www.unioviedo.es\/catedrahunosa\/wp-content\/uploads\/2015\/06\/LNE-SAN-FERNANDO2.jpg","contentUrl":"https:\/\/www.unioviedo.es\/catedrahunosa\/wp-content\/uploads\/2015\/06\/LNE-SAN-FERNANDO2.jpg","width":1150,"height":649,"caption":"Pozo San Fernando y acopio de madera en la Pereda"},{"@type":"BreadcrumbList","@id":"https:\/\/www.unioviedo.es\/catedrahunosa\/la-mina-del-bosque\/#breadcrumb","itemListElement":[{"@type":"ListItem","position":1,"name":"Portada","item":"https:\/\/www.unioviedo.es\/catedrahunosa\/"},{"@type":"ListItem","position":2,"name":"La Mina del bosque"}]},{"@type":"WebSite","@id":"https:\/\/www.unioviedo.es\/catedrahunosa\/#website","url":"https:\/\/www.unioviedo.es\/catedrahunosa\/","name":"C\u00e1tedra Hunosa","description":"Energ\u00edas Renovables","publisher":{"@id":"https:\/\/www.unioviedo.es\/catedrahunosa\/#organization"},"potentialAction":[{"@type":"SearchAction","target":{"@type":"EntryPoint","urlTemplate":"https:\/\/www.unioviedo.es\/catedrahunosa\/?s={search_term_string}"},"query-input":{"@type":"PropertyValueSpecification","valueRequired":true,"valueName":"search_term_string"}}],"inLanguage":"es"},{"@type":"Organization","@id":"https:\/\/www.unioviedo.es\/catedrahunosa\/#organization","name":"C\u00e1tedra Hunosa","url":"https:\/\/www.unioviedo.es\/catedrahunosa\/","logo":{"@type":"ImageObject","inLanguage":"es","@id":"https:\/\/www.unioviedo.es\/catedrahunosa\/#\/schema\/logo\/image\/","url":"https:\/\/www.unioviedo.es\/catedrahunosa\/wp-content\/uploads\/2021\/03\/cropped-ISOTIPO-CATEDRA-1.png","contentUrl":"https:\/\/www.unioviedo.es\/catedrahunosa\/wp-content\/uploads\/2021\/03\/cropped-ISOTIPO-CATEDRA-1.png","width":633,"height":633,"caption":"C\u00e1tedra Hunosa"},"image":{"@id":"https:\/\/www.unioviedo.es\/catedrahunosa\/#\/schema\/logo\/image\/"},"sameAs":["https:\/\/www.facebook.com\/CatedraHunosa\/","https:\/\/www.linkedin.com\/company\/c\u00e1tedra-hunosa-universidad-de-oviedo"]},{"@type":"Person","@id":"https:\/\/www.unioviedo.es\/catedrahunosa\/#\/schema\/person\/00a8552266d1031c0a7fecbd5f96ca1e","name":"Teresa Fern\u00e1ndez","image":{"@type":"ImageObject","inLanguage":"es","@id":"https:\/\/secure.gravatar.com\/avatar\/f9878e6d60b2e781b2f08610ad94afcb07ed556164d6a1eeaada7bee32ad7699?s=96&d=mm&r=g","url":"https:\/\/secure.gravatar.com\/avatar\/f9878e6d60b2e781b2f08610ad94afcb07ed556164d6a1eeaada7bee32ad7699?s=96&d=mm&r=g","contentUrl":"https:\/\/secure.gravatar.com\/avatar\/f9878e6d60b2e781b2f08610ad94afcb07ed556164d6a1eeaada7bee32ad7699?s=96&d=mm&r=g","caption":"Teresa Fern\u00e1ndez"},"description":"Usuario corporativo para administraci\u00f3n general de la p\u00e1gina."}]}},"_links":{"self":[{"href":"https:\/\/www.unioviedo.es\/catedrahunosa\/wp-json\/wp\/v2\/posts\/12261","targetHints":{"allow":["GET"]}}],"collection":[{"href":"https:\/\/www.unioviedo.es\/catedrahunosa\/wp-json\/wp\/v2\/posts"}],"about":[{"href":"https:\/\/www.unioviedo.es\/catedrahunosa\/wp-json\/wp\/v2\/types\/post"}],"author":[{"embeddable":true,"href":"https:\/\/www.unioviedo.es\/catedrahunosa\/wp-json\/wp\/v2\/users\/1"}],"replies":[{"embeddable":true,"href":"https:\/\/www.unioviedo.es\/catedrahunosa\/wp-json\/wp\/v2\/comments?post=12261"}],"version-history":[{"count":0,"href":"https:\/\/www.unioviedo.es\/catedrahunosa\/wp-json\/wp\/v2\/posts\/12261\/revisions"}],"wp:featuredmedia":[{"embeddable":true,"href":"https:\/\/www.unioviedo.es\/catedrahunosa\/wp-json\/wp\/v2\/media\/12263"}],"wp:attachment":[{"href":"https:\/\/www.unioviedo.es\/catedrahunosa\/wp-json\/wp\/v2\/media?parent=12261"}],"wp:term":[{"taxonomy":"category","embeddable":true,"href":"https:\/\/www.unioviedo.es\/catedrahunosa\/wp-json\/wp\/v2\/categories?post=12261"},{"taxonomy":"post_tag","embeddable":true,"href":"https:\/\/www.unioviedo.es\/catedrahunosa\/wp-json\/wp\/v2\/tags?post=12261"}],"curies":[{"name":"wp","href":"https:\/\/api.w.org\/{rel}","templated":true}]}}