{"id":14455,"date":"2019-11-22T18:19:21","date_gmt":"2019-11-22T17:19:21","guid":{"rendered":"http:\/\/www.aulahunosa.es\/?p=14455"},"modified":"2019-11-22T18:19:21","modified_gmt":"2019-11-22T17:19:21","slug":"14455","status":"publish","type":"post","link":"https:\/\/www.unioviedo.es\/catedrahunosa\/14455\/","title":{"rendered":"Visita del Colegio San Fernando"},"content":{"rendered":"<p>Los\/las estudiantes del Colegio San Fernando de Avil\u00e9s visitaron un a\u00f1o m\u00e1s el Aula de la Geotermia y la Biomasa, as\u00ed lo contaban en su <a href=\"https:\/\/www.facebook.com\/colegiosanfernandoaviles\/\">facebook<\/a><br \/>\n\u00abLos alumnos de 1\u00ba de <a class=\"_58cn\" href=\"https:\/\/www.facebook.com\/hashtag\/bachillerato?source=feed_text&amp;epa=HASHTAG&amp;__xts__%5B0%5D=68.ARDx-LaCh3LPuwqO9hw8uXBK0WBWsONVBSNlWVfFRr7uV2U5RqRBAtHZn1Y8kbIr_2zIvW-fM_SbscazGdcyOf2m2igkIpAenOumFQ-616FE3b0C8AHNQtdehxYMPJbggS-eztyQkHI5u7BUn78KQWO-ueFhCHp7IK0rCu7ri7_wCU1-mYlCIjwAmzeixcJF422WmbVh8rbA_Fmw8OTXgIJQg4mGWXiwrUZxzwrLQ165iA9gC0GFEFv_B20FWm6yQn8cI4UpNffSxGI8mXesWyep6SdDiPdKKj4TQfgzDR1pdrRJ8iA_FPWQSGEmNw2fjNxzP2GTTyMOZi0q1KKISU5uul8P&amp;__tn__=%2ANK-R\"><span class=\"_5afx\"><span class=\"_58cl _5afz\">#<\/span><span class=\"_58cm\">Bachillerato<\/span><\/span><\/a> de Tecnolog\u00eda Industrial visitaron el Aula de la Geotermia de la Universidad de Oviedo en el campus de <a class=\"_58cn\" href=\"https:\/\/www.facebook.com\/hashtag\/mieres?source=feed_text&amp;epa=HASHTAG&amp;__xts__%5B0%5D=68.ARDx-LaCh3LPuwqO9hw8uXBK0WBWsONVBSNlWVfFRr7uV2U5RqRBAtHZn1Y8kbIr_2zIvW-fM_SbscazGdcyOf2m2igkIpAenOumFQ-616FE3b0C8AHNQtdehxYMPJbggS-eztyQkHI5u7BUn78KQWO-ueFhCHp7IK0rCu7ri7_wCU1-mYlCIjwAmzeixcJF422WmbVh8rbA_Fmw8OTXgIJQg4mGWXiwrUZxzwrLQ165iA9gC0GFEFv_B20FWm6yQn8cI4UpNffSxGI8mXesWyep6SdDiPdKKj4TQfgzDR1pdrRJ8iA_FPWQSGEmNw2fjNxzP2GTTyMOZi0q1KKISU5uul8P&amp;__tn__=%2ANK-R\"><span class=\"_5afx\"><span class=\"_58cl _5afz\">#<\/span><span class=\"_58cm\">Mieres<\/span><\/span><\/a>. All\u00ed les explicaron y pudieron observar los procesos de implantaci\u00f3n de las <a class=\"_58cn\" href=\"https:\/\/www.facebook.com\/hashtag\/energ\u00edasrenovables?source=feed_text&amp;epa=HASHTAG&amp;__xts__%5B0%5D=68.ARDx-LaCh3LPuwqO9hw8uXBK0WBWsONVBSNlWVfFRr7uV2U5RqRBAtHZn1Y8kbIr_2zIvW-fM_SbscazGdcyOf2m2igkIpAenOumFQ-616FE3b0C8AHNQtdehxYMPJbggS-eztyQkHI5u7BUn78KQWO-ueFhCHp7IK0rCu7ri7_wCU1-mYlCIjwAmzeixcJF422WmbVh8rbA_Fmw8OTXgIJQg4mGWXiwrUZxzwrLQ165iA9gC0GFEFv_B20FWm6yQn8cI4UpNffSxGI8mXesWyep6SdDiPdKKj4TQfgzDR1pdrRJ8iA_FPWQSGEmNw2fjNxzP2GTTyMOZi0q1KKISU5uul8P&amp;__tn__=%2ANK-R\"><span class=\"_5afx\"><span class=\"_58cl _5afz\">#<\/span><span class=\"_58cm\">energ\u00edasrenovables<\/span><\/span><\/a>, especialmente la geot\u00e9rmica. El grupo complet\u00f3 la actividad con una visita al pozo Sot\u00f3n, el aula de la Fundaci\u00f3n Asturiana de la Energ\u00eda y la bomba de calor que proporciona agua caliente y calefacci\u00f3n al campus.<br \/>\n<a class=\"_58cn\" href=\"https:\/\/www.facebook.com\/hashtag\/visitacultural?source=feed_text&amp;epa=HASHTAG&amp;__xts__%5B0%5D=68.ARDx-LaCh3LPuwqO9hw8uXBK0WBWsONVBSNlWVfFRr7uV2U5RqRBAtHZn1Y8kbIr_2zIvW-fM_SbscazGdcyOf2m2igkIpAenOumFQ-616FE3b0C8AHNQtdehxYMPJbggS-eztyQkHI5u7BUn78KQWO-ueFhCHp7IK0rCu7ri7_wCU1-mYlCIjwAmzeixcJF422WmbVh8rbA_Fmw8OTXgIJQg4mGWXiwrUZxzwrLQ165iA9gC0GFEFv_B20FWm6yQn8cI4UpNffSxGI8mXesWyep6SdDiPdKKj4TQfgzDR1pdrRJ8iA_FPWQSGEmNw2fjNxzP2GTTyMOZi0q1KKISU5uul8P&amp;__tn__=%2ANK-R\"><span class=\"_5afx\"><span class=\"_58cl _5afz\">#<\/span><span class=\"_58cm\">visitacultural<\/span><\/span><\/a> <a class=\"_58cn\" href=\"https:\/\/www.facebook.com\/hashtag\/sostenibilidad?source=feed_text&amp;epa=HASHTAG&amp;__xts__%5B0%5D=68.ARDx-LaCh3LPuwqO9hw8uXBK0WBWsONVBSNlWVfFRr7uV2U5RqRBAtHZn1Y8kbIr_2zIvW-fM_SbscazGdcyOf2m2igkIpAenOumFQ-616FE3b0C8AHNQtdehxYMPJbggS-eztyQkHI5u7BUn78KQWO-ueFhCHp7IK0rCu7ri7_wCU1-mYlCIjwAmzeixcJF422WmbVh8rbA_Fmw8OTXgIJQg4mGWXiwrUZxzwrLQ165iA9gC0GFEFv_B20FWm6yQn8cI4UpNffSxGI8mXesWyep6SdDiPdKKj4TQfgzDR1pdrRJ8iA_FPWQSGEmNw2fjNxzP2GTTyMOZi0q1KKISU5uul8P&amp;__tn__=%2ANK-R\"><span class=\"_5afx\"><span class=\"_58cl _5afz\">#<\/span><span class=\"_58cm\">sostenibilidad\u00bb<\/span><\/span><\/a><\/p>\n","protected":false},"excerpt":{"rendered":"<p>Los\/las estudiantes del Colegio San Fernando de Avil\u00e9s visitaron un a\u00f1o m\u00e1s el Aula de la Geotermia y la Biomasa, as\u00ed lo contaban en su facebook \u00abLos alumnos de 1\u00ba de #Bachillerato de Tecnolog\u00eda Industrial visitaron el Aula de la Geotermia de la Universidad de Oviedo en el campus de #Mieres. All\u00ed les explicaron y &hellip; <\/p>\n<p class=\"link-more\"><a href=\"https:\/\/www.unioviedo.es\/catedrahunosa\/14455\/\" class=\"more-link\">Continuar leyendo<span class=\"screen-reader-text\"> \u00abVisita del Colegio San Fernando\u00bb<\/span><\/a><\/p>\n","protected":false},"author":1,"featured_media":14456,"comment_status":"open","ping_status":"open","sticky":false,"template":"","format":"standard","meta":{"_monsterinsights_skip_tracking":false,"_monsterinsights_sitenote_active":false,"_monsterinsights_sitenote_note":"","_monsterinsights_sitenote_category":0,"footnotes":""},"categories":[4],"tags":[],"class_list":["post-14455","post","type-post","status-publish","format-standard","has-post-thumbnail","hentry","category-noticias"],"yoast_head":"<!-- This site is optimized with the Yoast SEO plugin v27.5 - https:\/\/yoast.com\/product\/yoast-seo-wordpress\/ -->\n<title>Visita del Colegio San Fernando | C\u00e1tedra Hunosa<\/title>\n<meta name=\"robots\" content=\"index, follow, max-snippet:-1, max-image-preview:large, max-video-preview:-1\" \/>\n<link rel=\"canonical\" href=\"https:\/\/www.unioviedo.es\/catedrahunosa\/14455\/\" \/>\n<meta property=\"og:locale\" content=\"es_ES\" \/>\n<meta property=\"og:type\" content=\"article\" \/>\n<meta property=\"og:title\" content=\"Visita del Colegio San Fernando | C\u00e1tedra Hunosa\" \/>\n<meta property=\"og:description\" content=\"Los\/las estudiantes del Colegio San Fernando de Avil\u00e9s visitaron un a\u00f1o m\u00e1s el Aula de la Geotermia y la Biomasa, as\u00ed lo contaban en su facebook \u00abLos alumnos de 1\u00ba de #Bachillerato de Tecnolog\u00eda Industrial visitaron el Aula de la Geotermia de la Universidad de Oviedo en el campus de #Mieres. All\u00ed les explicaron y &hellip; Continuar leyendo &quot;Visita del Colegio San Fernando&quot;\" \/>\n<meta property=\"og:url\" content=\"https:\/\/www.unioviedo.es\/catedrahunosa\/14455\/\" \/>\n<meta property=\"og:site_name\" content=\"C\u00e1tedra Hunosa\" \/>\n<meta property=\"article:publisher\" content=\"https:\/\/www.facebook.com\/CatedraHunosa\/\" \/>\n<meta property=\"article:published_time\" content=\"2019-11-22T17:19:21+00:00\" \/>\n<meta property=\"og:image\" content=\"https:\/\/www.unioviedo.es\/catedrahunosa\/wp-content\/uploads\/2019\/11\/SanFernando.jpg\" \/>\n\t<meta property=\"og:image:width\" content=\"800\" \/>\n\t<meta property=\"og:image:height\" content=\"600\" \/>\n\t<meta property=\"og:image:type\" content=\"image\/jpeg\" \/>\n<meta name=\"author\" content=\"Teresa Fern\u00e1ndez\" \/>\n<meta name=\"twitter:card\" content=\"summary_large_image\" \/>\n<meta name=\"twitter:label1\" content=\"Escrito por\" \/>\n\t<meta name=\"twitter:data1\" content=\"Teresa Fern\u00e1ndez\" \/>\n\t<meta name=\"twitter:label2\" content=\"Tiempo de lectura\" \/>\n\t<meta name=\"twitter:data2\" content=\"1 minuto\" \/>\n<script type=\"application\/ld+json\" class=\"yoast-schema-graph\">{\"@context\":\"https:\\\/\\\/schema.org\",\"@graph\":[{\"@type\":\"Article\",\"@id\":\"https:\\\/\\\/www.unioviedo.es\\\/catedrahunosa\\\/14455\\\/#article\",\"isPartOf\":{\"@id\":\"https:\\\/\\\/www.unioviedo.es\\\/catedrahunosa\\\/14455\\\/\"},\"author\":{\"name\":\"Teresa Fern\u00e1ndez\",\"@id\":\"https:\\\/\\\/www.unioviedo.es\\\/catedrahunosa\\\/#\\\/schema\\\/person\\\/00a8552266d1031c0a7fecbd5f96ca1e\"},\"headline\":\"Visita del Colegio San Fernando\",\"datePublished\":\"2019-11-22T17:19:21+00:00\",\"mainEntityOfPage\":{\"@id\":\"https:\\\/\\\/www.unioviedo.es\\\/catedrahunosa\\\/14455\\\/\"},\"wordCount\":118,\"commentCount\":0,\"publisher\":{\"@id\":\"https:\\\/\\\/www.unioviedo.es\\\/catedrahunosa\\\/#organization\"},\"image\":{\"@id\":\"https:\\\/\\\/www.unioviedo.es\\\/catedrahunosa\\\/14455\\\/#primaryimage\"},\"thumbnailUrl\":\"https:\\\/\\\/www.unioviedo.es\\\/catedrahunosa\\\/wp-content\\\/uploads\\\/2019\\\/11\\\/SanFernando.jpg\",\"articleSection\":[\"Noticias\"],\"inLanguage\":\"es\",\"potentialAction\":[{\"@type\":\"CommentAction\",\"name\":\"Comment\",\"target\":[\"https:\\\/\\\/www.unioviedo.es\\\/catedrahunosa\\\/14455\\\/#respond\"]}]},{\"@type\":\"WebPage\",\"@id\":\"https:\\\/\\\/www.unioviedo.es\\\/catedrahunosa\\\/14455\\\/\",\"url\":\"https:\\\/\\\/www.unioviedo.es\\\/catedrahunosa\\\/14455\\\/\",\"name\":\"Visita del Colegio San Fernando | C\u00e1tedra Hunosa\",\"isPartOf\":{\"@id\":\"https:\\\/\\\/www.unioviedo.es\\\/catedrahunosa\\\/#website\"},\"primaryImageOfPage\":{\"@id\":\"https:\\\/\\\/www.unioviedo.es\\\/catedrahunosa\\\/14455\\\/#primaryimage\"},\"image\":{\"@id\":\"https:\\\/\\\/www.unioviedo.es\\\/catedrahunosa\\\/14455\\\/#primaryimage\"},\"thumbnailUrl\":\"https:\\\/\\\/www.unioviedo.es\\\/catedrahunosa\\\/wp-content\\\/uploads\\\/2019\\\/11\\\/SanFernando.jpg\",\"datePublished\":\"2019-11-22T17:19:21+00:00\",\"breadcrumb\":{\"@id\":\"https:\\\/\\\/www.unioviedo.es\\\/catedrahunosa\\\/14455\\\/#breadcrumb\"},\"inLanguage\":\"es\",\"potentialAction\":[{\"@type\":\"ReadAction\",\"target\":[\"https:\\\/\\\/www.unioviedo.es\\\/catedrahunosa\\\/14455\\\/\"]}]},{\"@type\":\"ImageObject\",\"inLanguage\":\"es\",\"@id\":\"https:\\\/\\\/www.unioviedo.es\\\/catedrahunosa\\\/14455\\\/#primaryimage\",\"url\":\"https:\\\/\\\/www.unioviedo.es\\\/catedrahunosa\\\/wp-content\\\/uploads\\\/2019\\\/11\\\/SanFernando.jpg\",\"contentUrl\":\"https:\\\/\\\/www.unioviedo.es\\\/catedrahunosa\\\/wp-content\\\/uploads\\\/2019\\\/11\\\/SanFernando.jpg\",\"width\":800,\"height\":600},{\"@type\":\"BreadcrumbList\",\"@id\":\"https:\\\/\\\/www.unioviedo.es\\\/catedrahunosa\\\/14455\\\/#breadcrumb\",\"itemListElement\":[{\"@type\":\"ListItem\",\"position\":1,\"name\":\"Portada\",\"item\":\"https:\\\/\\\/www.unioviedo.es\\\/catedrahunosa\\\/\"},{\"@type\":\"ListItem\",\"position\":2,\"name\":\"Visita del Colegio San Fernando\"}]},{\"@type\":\"WebSite\",\"@id\":\"https:\\\/\\\/www.unioviedo.es\\\/catedrahunosa\\\/#website\",\"url\":\"https:\\\/\\\/www.unioviedo.es\\\/catedrahunosa\\\/\",\"name\":\"C\u00e1tedra Hunosa\",\"description\":\"Energ\u00edas Renovables\",\"publisher\":{\"@id\":\"https:\\\/\\\/www.unioviedo.es\\\/catedrahunosa\\\/#organization\"},\"potentialAction\":[{\"@type\":\"SearchAction\",\"target\":{\"@type\":\"EntryPoint\",\"urlTemplate\":\"https:\\\/\\\/www.unioviedo.es\\\/catedrahunosa\\\/?s={search_term_string}\"},\"query-input\":{\"@type\":\"PropertyValueSpecification\",\"valueRequired\":true,\"valueName\":\"search_term_string\"}}],\"inLanguage\":\"es\"},{\"@type\":\"Organization\",\"@id\":\"https:\\\/\\\/www.unioviedo.es\\\/catedrahunosa\\\/#organization\",\"name\":\"C\u00e1tedra Hunosa\",\"url\":\"https:\\\/\\\/www.unioviedo.es\\\/catedrahunosa\\\/\",\"logo\":{\"@type\":\"ImageObject\",\"inLanguage\":\"es\",\"@id\":\"https:\\\/\\\/www.unioviedo.es\\\/catedrahunosa\\\/#\\\/schema\\\/logo\\\/image\\\/\",\"url\":\"https:\\\/\\\/www.unioviedo.es\\\/catedrahunosa\\\/wp-content\\\/uploads\\\/2021\\\/03\\\/cropped-ISOTIPO-CATEDRA-1.png\",\"contentUrl\":\"https:\\\/\\\/www.unioviedo.es\\\/catedrahunosa\\\/wp-content\\\/uploads\\\/2021\\\/03\\\/cropped-ISOTIPO-CATEDRA-1.png\",\"width\":633,\"height\":633,\"caption\":\"C\u00e1tedra Hunosa\"},\"image\":{\"@id\":\"https:\\\/\\\/www.unioviedo.es\\\/catedrahunosa\\\/#\\\/schema\\\/logo\\\/image\\\/\"},\"sameAs\":[\"https:\\\/\\\/www.facebook.com\\\/CatedraHunosa\\\/\",\"https:\\\/\\\/www.linkedin.com\\\/company\\\/c\u00e1tedra-hunosa-universidad-de-oviedo\"]},{\"@type\":\"Person\",\"@id\":\"https:\\\/\\\/www.unioviedo.es\\\/catedrahunosa\\\/#\\\/schema\\\/person\\\/00a8552266d1031c0a7fecbd5f96ca1e\",\"name\":\"Teresa Fern\u00e1ndez\",\"image\":{\"@type\":\"ImageObject\",\"inLanguage\":\"es\",\"@id\":\"https:\\\/\\\/secure.gravatar.com\\\/avatar\\\/f9878e6d60b2e781b2f08610ad94afcb07ed556164d6a1eeaada7bee32ad7699?s=96&d=mm&r=g\",\"url\":\"https:\\\/\\\/secure.gravatar.com\\\/avatar\\\/f9878e6d60b2e781b2f08610ad94afcb07ed556164d6a1eeaada7bee32ad7699?s=96&d=mm&r=g\",\"contentUrl\":\"https:\\\/\\\/secure.gravatar.com\\\/avatar\\\/f9878e6d60b2e781b2f08610ad94afcb07ed556164d6a1eeaada7bee32ad7699?s=96&d=mm&r=g\",\"caption\":\"Teresa Fern\u00e1ndez\"},\"description\":\"Usuario corporativo para administraci\u00f3n general de la p\u00e1gina.\"}]}<\/script>\n<!-- \/ Yoast SEO plugin. -->","yoast_head_json":{"title":"Visita del Colegio San Fernando | C\u00e1tedra Hunosa","robots":{"index":"index","follow":"follow","max-snippet":"max-snippet:-1","max-image-preview":"max-image-preview:large","max-video-preview":"max-video-preview:-1"},"canonical":"https:\/\/www.unioviedo.es\/catedrahunosa\/14455\/","og_locale":"es_ES","og_type":"article","og_title":"Visita del Colegio San Fernando | C\u00e1tedra Hunosa","og_description":"Los\/las estudiantes del Colegio San Fernando de Avil\u00e9s visitaron un a\u00f1o m\u00e1s el Aula de la Geotermia y la Biomasa, as\u00ed lo contaban en su facebook \u00abLos alumnos de 1\u00ba de #Bachillerato de Tecnolog\u00eda Industrial visitaron el Aula de la Geotermia de la Universidad de Oviedo en el campus de #Mieres. All\u00ed les explicaron y &hellip; Continuar leyendo \"Visita del Colegio San Fernando\"","og_url":"https:\/\/www.unioviedo.es\/catedrahunosa\/14455\/","og_site_name":"C\u00e1tedra Hunosa","article_publisher":"https:\/\/www.facebook.com\/CatedraHunosa\/","article_published_time":"2019-11-22T17:19:21+00:00","og_image":[{"width":800,"height":600,"url":"https:\/\/www.unioviedo.es\/catedrahunosa\/wp-content\/uploads\/2019\/11\/SanFernando.jpg","type":"image\/jpeg"}],"author":"Teresa Fern\u00e1ndez","twitter_card":"summary_large_image","twitter_misc":{"Escrito por":"Teresa Fern\u00e1ndez","Tiempo de lectura":"1 minuto"},"schema":{"@context":"https:\/\/schema.org","@graph":[{"@type":"Article","@id":"https:\/\/www.unioviedo.es\/catedrahunosa\/14455\/#article","isPartOf":{"@id":"https:\/\/www.unioviedo.es\/catedrahunosa\/14455\/"},"author":{"name":"Teresa Fern\u00e1ndez","@id":"https:\/\/www.unioviedo.es\/catedrahunosa\/#\/schema\/person\/00a8552266d1031c0a7fecbd5f96ca1e"},"headline":"Visita del Colegio San Fernando","datePublished":"2019-11-22T17:19:21+00:00","mainEntityOfPage":{"@id":"https:\/\/www.unioviedo.es\/catedrahunosa\/14455\/"},"wordCount":118,"commentCount":0,"publisher":{"@id":"https:\/\/www.unioviedo.es\/catedrahunosa\/#organization"},"image":{"@id":"https:\/\/www.unioviedo.es\/catedrahunosa\/14455\/#primaryimage"},"thumbnailUrl":"https:\/\/www.unioviedo.es\/catedrahunosa\/wp-content\/uploads\/2019\/11\/SanFernando.jpg","articleSection":["Noticias"],"inLanguage":"es","potentialAction":[{"@type":"CommentAction","name":"Comment","target":["https:\/\/www.unioviedo.es\/catedrahunosa\/14455\/#respond"]}]},{"@type":"WebPage","@id":"https:\/\/www.unioviedo.es\/catedrahunosa\/14455\/","url":"https:\/\/www.unioviedo.es\/catedrahunosa\/14455\/","name":"Visita del Colegio San Fernando | C\u00e1tedra Hunosa","isPartOf":{"@id":"https:\/\/www.unioviedo.es\/catedrahunosa\/#website"},"primaryImageOfPage":{"@id":"https:\/\/www.unioviedo.es\/catedrahunosa\/14455\/#primaryimage"},"image":{"@id":"https:\/\/www.unioviedo.es\/catedrahunosa\/14455\/#primaryimage"},"thumbnailUrl":"https:\/\/www.unioviedo.es\/catedrahunosa\/wp-content\/uploads\/2019\/11\/SanFernando.jpg","datePublished":"2019-11-22T17:19:21+00:00","breadcrumb":{"@id":"https:\/\/www.unioviedo.es\/catedrahunosa\/14455\/#breadcrumb"},"inLanguage":"es","potentialAction":[{"@type":"ReadAction","target":["https:\/\/www.unioviedo.es\/catedrahunosa\/14455\/"]}]},{"@type":"ImageObject","inLanguage":"es","@id":"https:\/\/www.unioviedo.es\/catedrahunosa\/14455\/#primaryimage","url":"https:\/\/www.unioviedo.es\/catedrahunosa\/wp-content\/uploads\/2019\/11\/SanFernando.jpg","contentUrl":"https:\/\/www.unioviedo.es\/catedrahunosa\/wp-content\/uploads\/2019\/11\/SanFernando.jpg","width":800,"height":600},{"@type":"BreadcrumbList","@id":"https:\/\/www.unioviedo.es\/catedrahunosa\/14455\/#breadcrumb","itemListElement":[{"@type":"ListItem","position":1,"name":"Portada","item":"https:\/\/www.unioviedo.es\/catedrahunosa\/"},{"@type":"ListItem","position":2,"name":"Visita del Colegio San Fernando"}]},{"@type":"WebSite","@id":"https:\/\/www.unioviedo.es\/catedrahunosa\/#website","url":"https:\/\/www.unioviedo.es\/catedrahunosa\/","name":"C\u00e1tedra Hunosa","description":"Energ\u00edas Renovables","publisher":{"@id":"https:\/\/www.unioviedo.es\/catedrahunosa\/#organization"},"potentialAction":[{"@type":"SearchAction","target":{"@type":"EntryPoint","urlTemplate":"https:\/\/www.unioviedo.es\/catedrahunosa\/?s={search_term_string}"},"query-input":{"@type":"PropertyValueSpecification","valueRequired":true,"valueName":"search_term_string"}}],"inLanguage":"es"},{"@type":"Organization","@id":"https:\/\/www.unioviedo.es\/catedrahunosa\/#organization","name":"C\u00e1tedra Hunosa","url":"https:\/\/www.unioviedo.es\/catedrahunosa\/","logo":{"@type":"ImageObject","inLanguage":"es","@id":"https:\/\/www.unioviedo.es\/catedrahunosa\/#\/schema\/logo\/image\/","url":"https:\/\/www.unioviedo.es\/catedrahunosa\/wp-content\/uploads\/2021\/03\/cropped-ISOTIPO-CATEDRA-1.png","contentUrl":"https:\/\/www.unioviedo.es\/catedrahunosa\/wp-content\/uploads\/2021\/03\/cropped-ISOTIPO-CATEDRA-1.png","width":633,"height":633,"caption":"C\u00e1tedra Hunosa"},"image":{"@id":"https:\/\/www.unioviedo.es\/catedrahunosa\/#\/schema\/logo\/image\/"},"sameAs":["https:\/\/www.facebook.com\/CatedraHunosa\/","https:\/\/www.linkedin.com\/company\/c\u00e1tedra-hunosa-universidad-de-oviedo"]},{"@type":"Person","@id":"https:\/\/www.unioviedo.es\/catedrahunosa\/#\/schema\/person\/00a8552266d1031c0a7fecbd5f96ca1e","name":"Teresa Fern\u00e1ndez","image":{"@type":"ImageObject","inLanguage":"es","@id":"https:\/\/secure.gravatar.com\/avatar\/f9878e6d60b2e781b2f08610ad94afcb07ed556164d6a1eeaada7bee32ad7699?s=96&d=mm&r=g","url":"https:\/\/secure.gravatar.com\/avatar\/f9878e6d60b2e781b2f08610ad94afcb07ed556164d6a1eeaada7bee32ad7699?s=96&d=mm&r=g","contentUrl":"https:\/\/secure.gravatar.com\/avatar\/f9878e6d60b2e781b2f08610ad94afcb07ed556164d6a1eeaada7bee32ad7699?s=96&d=mm&r=g","caption":"Teresa Fern\u00e1ndez"},"description":"Usuario corporativo para administraci\u00f3n general de la p\u00e1gina."}]}},"_links":{"self":[{"href":"https:\/\/www.unioviedo.es\/catedrahunosa\/wp-json\/wp\/v2\/posts\/14455","targetHints":{"allow":["GET"]}}],"collection":[{"href":"https:\/\/www.unioviedo.es\/catedrahunosa\/wp-json\/wp\/v2\/posts"}],"about":[{"href":"https:\/\/www.unioviedo.es\/catedrahunosa\/wp-json\/wp\/v2\/types\/post"}],"author":[{"embeddable":true,"href":"https:\/\/www.unioviedo.es\/catedrahunosa\/wp-json\/wp\/v2\/users\/1"}],"replies":[{"embeddable":true,"href":"https:\/\/www.unioviedo.es\/catedrahunosa\/wp-json\/wp\/v2\/comments?post=14455"}],"version-history":[{"count":0,"href":"https:\/\/www.unioviedo.es\/catedrahunosa\/wp-json\/wp\/v2\/posts\/14455\/revisions"}],"wp:featuredmedia":[{"embeddable":true,"href":"https:\/\/www.unioviedo.es\/catedrahunosa\/wp-json\/wp\/v2\/media\/14456"}],"wp:attachment":[{"href":"https:\/\/www.unioviedo.es\/catedrahunosa\/wp-json\/wp\/v2\/media?parent=14455"}],"wp:term":[{"taxonomy":"category","embeddable":true,"href":"https:\/\/www.unioviedo.es\/catedrahunosa\/wp-json\/wp\/v2\/categories?post=14455"},{"taxonomy":"post_tag","embeddable":true,"href":"https:\/\/www.unioviedo.es\/catedrahunosa\/wp-json\/wp\/v2\/tags?post=14455"}],"curies":[{"name":"wp","href":"https:\/\/api.w.org\/{rel}","templated":true}]}}