{"id":15988,"date":"2021-09-20T13:07:02","date_gmt":"2021-09-20T11:07:02","guid":{"rendered":"https:\/\/www.unioviedo.es\/catedrahunosa\/?p=15988"},"modified":"2022-02-23T20:57:57","modified_gmt":"2022-02-23T19:57:57","slug":"curso-de-verano-energia-renovable-geotermica","status":"publish","type":"post","link":"https:\/\/www.unioviedo.es\/catedrahunosa\/curso-de-verano-energia-renovable-geotermica\/","title":{"rendered":"Curso de verano \u00abEnerg\u00eda Renovable Geot\u00e9rmica\u00bb"},"content":{"rendered":"\n<p>La semana del 6 al 10 de septiembre se realiz\u00f3 el curso de verano \u00abEnerg\u00eda Renovable Geot\u00e9rmica, de la teor\u00eda a la pr\u00e1ctica\u00bb organizado por la C\u00e1tedra Hunosa, en colaboraci\u00f3n con docentes de la Universidad de Oviedo y distintos profesionales del sector. <\/p>\n\n\n\n<p>Los 20 alumnos matriculados en el curso se desplazaron hasta las instalaciones del Aula de la Geotermia en el Campus de Mieres, d\u00f3nde se encuentra la C\u00e1tedra Hunosa, procedentes de distintos estudios universitarios o entornos profesionales. <\/p>\n\n\n\n<p>Este es un emplazamiento clave con vistas al Pozo Barredo, fuente de energ\u00eda de las instalaciones geot\u00e9rmicas de Mieres, de las cuales forma parte el Edificio de Investigaci\u00f3n d\u00f3nde se encuentra el Aula. Adem\u00e1s cuenta con distinto material did\u00e1ctico que permite la inmersi\u00f3n en esta energ\u00eda, como la maqueta del \u00abdistrict heating\u00bb de Mieres, o disintos paneles informativos, y muestras de los materiales utilizados en la obra. <\/p>\n\n\n\n<figure class=\"wp-block-gallery columns-1 is-cropped wp-block-gallery-1 is-layout-flex wp-block-gallery-is-layout-flex\"><ul class=\"blocks-gallery-grid\"><li class=\"blocks-gallery-item\"><figure><img loading=\"lazy\" decoding=\"async\" width=\"1024\" height=\"768\" src=\"https:\/\/www.unioviedo.es\/catedrahunosa\/wp-content\/uploads\/2021\/09\/WhatsApp-Image-2021-09-20-at-11.27.00-1-1024x768.jpeg\" alt=\"\" data-id=\"15991\" data-full-url=\"https:\/\/www.unioviedo.es\/catedrahunosa\/wp-content\/uploads\/2021\/09\/WhatsApp-Image-2021-09-20-at-11.27.00-1.jpeg\" data-link=\"https:\/\/www.unioviedo.es\/catedrahunosa\/?attachment_id=15991\" class=\"wp-image-15991\" srcset=\"https:\/\/www.unioviedo.es\/catedrahunosa\/wp-content\/uploads\/2021\/09\/WhatsApp-Image-2021-09-20-at-11.27.00-1-1024x768.jpeg 1024w, https:\/\/www.unioviedo.es\/catedrahunosa\/wp-content\/uploads\/2021\/09\/WhatsApp-Image-2021-09-20-at-11.27.00-1-300x225.jpeg 300w, https:\/\/www.unioviedo.es\/catedrahunosa\/wp-content\/uploads\/2021\/09\/WhatsApp-Image-2021-09-20-at-11.27.00-1-768x576.jpeg 768w, https:\/\/www.unioviedo.es\/catedrahunosa\/wp-content\/uploads\/2021\/09\/WhatsApp-Image-2021-09-20-at-11.27.00-1-1536x1152.jpeg 1536w, https:\/\/www.unioviedo.es\/catedrahunosa\/wp-content\/uploads\/2021\/09\/WhatsApp-Image-2021-09-20-at-11.27.00-1.jpeg 2048w\" sizes=\"auto, (max-width: 706px) 89vw, (max-width: 767px) 82vw, 740px\" \/><figcaption class=\"blocks-gallery-item__caption\">Acto de inauguraci\u00f3n en el Aula de la Geotermia<\/figcaption><\/figure><\/li><\/ul><\/figure>\n\n\n\n<p>A primera hora del d\u00eda 6 se realiz\u00f3 el acto de inauguraci\u00f3n, con la asistencia de:<\/p>\n\n\n\n<ul class=\"wp-block-list\"><li>Mar\u00eda Zulima Fern\u00e1ndez Mu\u00f1iz, Directora de \u00e1rea de extensi\u00f3n universitaria<\/li><li>Mar\u00eda Lorenzo Conto, Directora de Energ\u00eda y Desarrollo de Negocio del Grupo Hunosa<\/li><li>Teresa Alonso S\u00e1nchez, Directora de la C\u00e1tedra Hunosa de la Universidad de Oviedo<\/li><li>Miguel Rey Ronco, Director del Curso de Verano<\/li><\/ul>\n\n\n\n<p>Durante los d\u00edas 6, 7 y 9 se realizaron ponencias did\u00e1cticas en el Aula mientras que el \u00faltimo d\u00eda se aprovech\u00f3 para realizar las instalaciones geot\u00e9rmicas del Pozo Barredo y de la Universidad. <\/p>\n\n\n\n<figure class=\"wp-block-gallery columns-1 is-cropped wp-block-gallery-2 is-layout-flex wp-block-gallery-is-layout-flex\"><ul class=\"blocks-gallery-grid\"><li class=\"blocks-gallery-item\"><figure><img loading=\"lazy\" decoding=\"async\" width=\"1024\" height=\"461\" src=\"https:\/\/www.unioviedo.es\/catedrahunosa\/wp-content\/uploads\/2021\/09\/20210910_123329-1024x461.jpg\" alt=\"\" data-id=\"15989\" data-full-url=\"https:\/\/www.unioviedo.es\/catedrahunosa\/wp-content\/uploads\/2021\/09\/20210910_123329-scaled.jpg\" data-link=\"https:\/\/www.unioviedo.es\/catedrahunosa\/index.php\/2021\/09\/20\/curso-de-verano-energia-renovable-geotermica\/20210910_123329\/\" class=\"wp-image-15989\" srcset=\"https:\/\/www.unioviedo.es\/catedrahunosa\/wp-content\/uploads\/2021\/09\/20210910_123329-1024x461.jpg 1024w, https:\/\/www.unioviedo.es\/catedrahunosa\/wp-content\/uploads\/2021\/09\/20210910_123329-300x135.jpg 300w, https:\/\/www.unioviedo.es\/catedrahunosa\/wp-content\/uploads\/2021\/09\/20210910_123329-768x346.jpg 768w, https:\/\/www.unioviedo.es\/catedrahunosa\/wp-content\/uploads\/2021\/09\/20210910_123329-1536x692.jpg 1536w, https:\/\/www.unioviedo.es\/catedrahunosa\/wp-content\/uploads\/2021\/09\/20210910_123329-2048x922.jpg 2048w\" sizes=\"auto, (max-width: 706px) 89vw, (max-width: 767px) 82vw, 740px\" \/><figcaption class=\"blocks-gallery-item__caption\">Alumnos en el Pozo Barredo<\/figcaption><\/figure><\/li><\/ul><\/figure>\n\n\n\n<p><\/p>\n\n\n\n<p>Noticias relacionadas: <\/p>\n\n\n\n<ul class=\"wp-block-list\"><li><a href=\"https:\/\/www.lne.es\/cuencas\/2021\/07\/28\/catedra-hunosa-recupera-cursos-verano-55552310.html\" target=\"_blank\" rel=\"noreferrer noopener\">\u00abLa C\u00e1tedra Hunosa recupera los cursos de verano en Mieres despu\u00e9s de 2 a\u00f1os\u00bb<\/a><\/li><li><a href=\"https:\/\/www.lne.es\/cuencas\/2021\/09\/08\/curso-verano-catedra-hunosa-reune-57060300.html\" target=\"_blank\" rel=\"noreferrer noopener\">\u00abEl curso de verano de la C\u00e1tedra Hunosa re\u00fane a una veintena de alumnos\u00bb<\/a><\/li><\/ul>\n\n\n\n<figure class=\"wp-block-image size-large is-style-default\"><img loading=\"lazy\" decoding=\"async\" width=\"775\" height=\"690\" src=\"https:\/\/www.unioviedo.es\/catedrahunosa\/wp-content\/uploads\/2021\/09\/Captura-de-pantalla-2021-09-24-a-las-10.05.02.png\" alt=\"curso verano geotermia\" class=\"wp-image-16012\" srcset=\"https:\/\/www.unioviedo.es\/catedrahunosa\/wp-content\/uploads\/2021\/09\/Captura-de-pantalla-2021-09-24-a-las-10.05.02.png 775w, https:\/\/www.unioviedo.es\/catedrahunosa\/wp-content\/uploads\/2021\/09\/Captura-de-pantalla-2021-09-24-a-las-10.05.02-300x267.png 300w, https:\/\/www.unioviedo.es\/catedrahunosa\/wp-content\/uploads\/2021\/09\/Captura-de-pantalla-2021-09-24-a-las-10.05.02-768x684.png 768w\" sizes=\"auto, (max-width: 706px) 89vw, (max-width: 767px) 82vw, 740px\" \/><\/figure>\n","protected":false},"excerpt":{"rendered":"<p>La semana del 6 al 10 de septiembre se realiz\u00f3 el curso de verano \u00abEnerg\u00eda Renovable Geot\u00e9rmica, de la teor\u00eda a la pr\u00e1ctica\u00bb organizado por la C\u00e1tedra Hunosa, en colaboraci\u00f3n con docentes de la Universidad de Oviedo y distintos profesionales del sector. Los 20 alumnos matriculados en el curso se desplazaron hasta las instalaciones del &hellip; <\/p>\n<p class=\"link-more\"><a href=\"https:\/\/www.unioviedo.es\/catedrahunosa\/curso-de-verano-energia-renovable-geotermica\/\" class=\"more-link\">Continuar leyendo<span class=\"screen-reader-text\"> \u00abCurso de verano \u00abEnerg\u00eda Renovable Geot\u00e9rmica\u00bb\u00bb<\/span><\/a><\/p>\n","protected":false},"author":1,"featured_media":15990,"comment_status":"closed","ping_status":"closed","sticky":false,"template":"","format":"standard","meta":{"_monsterinsights_skip_tracking":false,"_monsterinsights_sitenote_active":false,"_monsterinsights_sitenote_note":"","_monsterinsights_sitenote_category":0,"footnotes":""},"categories":[22,4],"tags":[],"class_list":["post-15988","post","type-post","status-publish","format-standard","has-post-thumbnail","hentry","category-formacion","category-noticias"],"yoast_head":"<!-- This site is optimized with the Yoast SEO plugin v27.5 - https:\/\/yoast.com\/product\/yoast-seo-wordpress\/ -->\n<title>Curso de verano &quot;Energ\u00eda Renovable Geot\u00e9rmica&quot; | C\u00e1tedra Hunosa<\/title>\n<meta name=\"description\" content=\"Durante la semana del 6 al 10 de Septiembre el Aula de la Geotermia aloj\u00f3 el curso de verano sobre energ\u00eda renovable de la C\u00e1tedra Hunosa\" \/>\n<meta name=\"robots\" content=\"index, follow, max-snippet:-1, max-image-preview:large, max-video-preview:-1\" \/>\n<link rel=\"canonical\" href=\"https:\/\/www.unioviedo.es\/catedrahunosa\/curso-de-verano-energia-renovable-geotermica\/\" \/>\n<meta property=\"og:locale\" content=\"es_ES\" \/>\n<meta property=\"og:type\" content=\"article\" \/>\n<meta property=\"og:title\" content=\"Curso de verano &quot;Energ\u00eda Renovable Geot\u00e9rmica&quot; | C\u00e1tedra Hunosa\" \/>\n<meta property=\"og:description\" content=\"Durante la semana del 6 al 10 de Septiembre el Aula de la Geotermia aloj\u00f3 el curso de verano sobre energ\u00eda renovable de la C\u00e1tedra Hunosa\" \/>\n<meta property=\"og:url\" content=\"https:\/\/www.unioviedo.es\/catedrahunosa\/curso-de-verano-energia-renovable-geotermica\/\" \/>\n<meta property=\"og:site_name\" content=\"C\u00e1tedra Hunosa\" \/>\n<meta property=\"article:publisher\" content=\"https:\/\/www.facebook.com\/CatedraHunosa\/\" \/>\n<meta property=\"article:published_time\" content=\"2021-09-20T11:07:02+00:00\" \/>\n<meta property=\"article:modified_time\" content=\"2022-02-23T19:57:57+00:00\" \/>\n<meta property=\"og:image\" content=\"https:\/\/www.unioviedo.es\/catedrahunosa\/wp-content\/uploads\/2021\/09\/WhatsApp-Image-2021-09-07-at-09.40.32.jpeg\" \/>\n\t<meta property=\"og:image:width\" content=\"1024\" \/>\n\t<meta property=\"og:image:height\" content=\"768\" \/>\n\t<meta property=\"og:image:type\" content=\"image\/jpeg\" \/>\n<meta name=\"author\" content=\"Teresa Fern\u00e1ndez\" \/>\n<meta name=\"twitter:card\" content=\"summary_large_image\" \/>\n<meta name=\"twitter:label1\" content=\"Escrito por\" \/>\n\t<meta name=\"twitter:data1\" content=\"Teresa Fern\u00e1ndez\" \/>\n\t<meta name=\"twitter:label2\" content=\"Tiempo de lectura\" \/>\n\t<meta name=\"twitter:data2\" content=\"2 minutos\" \/>\n<script type=\"application\/ld+json\" class=\"yoast-schema-graph\">{\"@context\":\"https:\\\/\\\/schema.org\",\"@graph\":[{\"@type\":\"Article\",\"@id\":\"https:\\\/\\\/www.unioviedo.es\\\/catedrahunosa\\\/curso-de-verano-energia-renovable-geotermica\\\/#article\",\"isPartOf\":{\"@id\":\"https:\\\/\\\/www.unioviedo.es\\\/catedrahunosa\\\/curso-de-verano-energia-renovable-geotermica\\\/\"},\"author\":{\"name\":\"Teresa Fern\u00e1ndez\",\"@id\":\"https:\\\/\\\/www.unioviedo.es\\\/catedrahunosa\\\/#\\\/schema\\\/person\\\/00a8552266d1031c0a7fecbd5f96ca1e\"},\"headline\":\"Curso de verano \u00abEnerg\u00eda Renovable Geot\u00e9rmica\u00bb\",\"datePublished\":\"2021-09-20T11:07:02+00:00\",\"dateModified\":\"2022-02-23T19:57:57+00:00\",\"mainEntityOfPage\":{\"@id\":\"https:\\\/\\\/www.unioviedo.es\\\/catedrahunosa\\\/curso-de-verano-energia-renovable-geotermica\\\/\"},\"wordCount\":318,\"publisher\":{\"@id\":\"https:\\\/\\\/www.unioviedo.es\\\/catedrahunosa\\\/#organization\"},\"image\":{\"@id\":\"https:\\\/\\\/www.unioviedo.es\\\/catedrahunosa\\\/curso-de-verano-energia-renovable-geotermica\\\/#primaryimage\"},\"thumbnailUrl\":\"https:\\\/\\\/www.unioviedo.es\\\/catedrahunosa\\\/wp-content\\\/uploads\\\/2021\\\/09\\\/WhatsApp-Image-2021-09-07-at-09.40.32.jpeg\",\"articleSection\":[\"formaci\u00f3n\",\"Noticias\"],\"inLanguage\":\"es\"},{\"@type\":\"WebPage\",\"@id\":\"https:\\\/\\\/www.unioviedo.es\\\/catedrahunosa\\\/curso-de-verano-energia-renovable-geotermica\\\/\",\"url\":\"https:\\\/\\\/www.unioviedo.es\\\/catedrahunosa\\\/curso-de-verano-energia-renovable-geotermica\\\/\",\"name\":\"Curso de verano \\\"Energ\u00eda Renovable Geot\u00e9rmica\\\" | C\u00e1tedra Hunosa\",\"isPartOf\":{\"@id\":\"https:\\\/\\\/www.unioviedo.es\\\/catedrahunosa\\\/#website\"},\"primaryImageOfPage\":{\"@id\":\"https:\\\/\\\/www.unioviedo.es\\\/catedrahunosa\\\/curso-de-verano-energia-renovable-geotermica\\\/#primaryimage\"},\"image\":{\"@id\":\"https:\\\/\\\/www.unioviedo.es\\\/catedrahunosa\\\/curso-de-verano-energia-renovable-geotermica\\\/#primaryimage\"},\"thumbnailUrl\":\"https:\\\/\\\/www.unioviedo.es\\\/catedrahunosa\\\/wp-content\\\/uploads\\\/2021\\\/09\\\/WhatsApp-Image-2021-09-07-at-09.40.32.jpeg\",\"datePublished\":\"2021-09-20T11:07:02+00:00\",\"dateModified\":\"2022-02-23T19:57:57+00:00\",\"description\":\"Durante la semana del 6 al 10 de Septiembre el Aula de la Geotermia aloj\u00f3 el curso de verano sobre energ\u00eda renovable de la C\u00e1tedra Hunosa\",\"breadcrumb\":{\"@id\":\"https:\\\/\\\/www.unioviedo.es\\\/catedrahunosa\\\/curso-de-verano-energia-renovable-geotermica\\\/#breadcrumb\"},\"inLanguage\":\"es\",\"potentialAction\":[{\"@type\":\"ReadAction\",\"target\":[\"https:\\\/\\\/www.unioviedo.es\\\/catedrahunosa\\\/curso-de-verano-energia-renovable-geotermica\\\/\"]}]},{\"@type\":\"ImageObject\",\"inLanguage\":\"es\",\"@id\":\"https:\\\/\\\/www.unioviedo.es\\\/catedrahunosa\\\/curso-de-verano-energia-renovable-geotermica\\\/#primaryimage\",\"url\":\"https:\\\/\\\/www.unioviedo.es\\\/catedrahunosa\\\/wp-content\\\/uploads\\\/2021\\\/09\\\/WhatsApp-Image-2021-09-07-at-09.40.32.jpeg\",\"contentUrl\":\"https:\\\/\\\/www.unioviedo.es\\\/catedrahunosa\\\/wp-content\\\/uploads\\\/2021\\\/09\\\/WhatsApp-Image-2021-09-07-at-09.40.32.jpeg\",\"width\":1024,\"height\":768},{\"@type\":\"BreadcrumbList\",\"@id\":\"https:\\\/\\\/www.unioviedo.es\\\/catedrahunosa\\\/curso-de-verano-energia-renovable-geotermica\\\/#breadcrumb\",\"itemListElement\":[{\"@type\":\"ListItem\",\"position\":1,\"name\":\"Portada\",\"item\":\"https:\\\/\\\/www.unioviedo.es\\\/catedrahunosa\\\/\"},{\"@type\":\"ListItem\",\"position\":2,\"name\":\"Curso de verano \u00abEnerg\u00eda Renovable Geot\u00e9rmica\u00bb\"}]},{\"@type\":\"WebSite\",\"@id\":\"https:\\\/\\\/www.unioviedo.es\\\/catedrahunosa\\\/#website\",\"url\":\"https:\\\/\\\/www.unioviedo.es\\\/catedrahunosa\\\/\",\"name\":\"C\u00e1tedra Hunosa\",\"description\":\"Energ\u00edas Renovables\",\"publisher\":{\"@id\":\"https:\\\/\\\/www.unioviedo.es\\\/catedrahunosa\\\/#organization\"},\"potentialAction\":[{\"@type\":\"SearchAction\",\"target\":{\"@type\":\"EntryPoint\",\"urlTemplate\":\"https:\\\/\\\/www.unioviedo.es\\\/catedrahunosa\\\/?s={search_term_string}\"},\"query-input\":{\"@type\":\"PropertyValueSpecification\",\"valueRequired\":true,\"valueName\":\"search_term_string\"}}],\"inLanguage\":\"es\"},{\"@type\":\"Organization\",\"@id\":\"https:\\\/\\\/www.unioviedo.es\\\/catedrahunosa\\\/#organization\",\"name\":\"C\u00e1tedra Hunosa\",\"url\":\"https:\\\/\\\/www.unioviedo.es\\\/catedrahunosa\\\/\",\"logo\":{\"@type\":\"ImageObject\",\"inLanguage\":\"es\",\"@id\":\"https:\\\/\\\/www.unioviedo.es\\\/catedrahunosa\\\/#\\\/schema\\\/logo\\\/image\\\/\",\"url\":\"https:\\\/\\\/www.unioviedo.es\\\/catedrahunosa\\\/wp-content\\\/uploads\\\/2021\\\/03\\\/cropped-ISOTIPO-CATEDRA-1.png\",\"contentUrl\":\"https:\\\/\\\/www.unioviedo.es\\\/catedrahunosa\\\/wp-content\\\/uploads\\\/2021\\\/03\\\/cropped-ISOTIPO-CATEDRA-1.png\",\"width\":633,\"height\":633,\"caption\":\"C\u00e1tedra Hunosa\"},\"image\":{\"@id\":\"https:\\\/\\\/www.unioviedo.es\\\/catedrahunosa\\\/#\\\/schema\\\/logo\\\/image\\\/\"},\"sameAs\":[\"https:\\\/\\\/www.facebook.com\\\/CatedraHunosa\\\/\",\"https:\\\/\\\/www.linkedin.com\\\/company\\\/c\u00e1tedra-hunosa-universidad-de-oviedo\"]},{\"@type\":\"Person\",\"@id\":\"https:\\\/\\\/www.unioviedo.es\\\/catedrahunosa\\\/#\\\/schema\\\/person\\\/00a8552266d1031c0a7fecbd5f96ca1e\",\"name\":\"Teresa Fern\u00e1ndez\",\"image\":{\"@type\":\"ImageObject\",\"inLanguage\":\"es\",\"@id\":\"https:\\\/\\\/secure.gravatar.com\\\/avatar\\\/f9878e6d60b2e781b2f08610ad94afcb07ed556164d6a1eeaada7bee32ad7699?s=96&d=mm&r=g\",\"url\":\"https:\\\/\\\/secure.gravatar.com\\\/avatar\\\/f9878e6d60b2e781b2f08610ad94afcb07ed556164d6a1eeaada7bee32ad7699?s=96&d=mm&r=g\",\"contentUrl\":\"https:\\\/\\\/secure.gravatar.com\\\/avatar\\\/f9878e6d60b2e781b2f08610ad94afcb07ed556164d6a1eeaada7bee32ad7699?s=96&d=mm&r=g\",\"caption\":\"Teresa Fern\u00e1ndez\"},\"description\":\"Usuario corporativo para administraci\u00f3n general de la p\u00e1gina.\"}]}<\/script>\n<!-- \/ Yoast SEO plugin. -->","yoast_head_json":{"title":"Curso de verano \"Energ\u00eda Renovable Geot\u00e9rmica\" | C\u00e1tedra Hunosa","description":"Durante la semana del 6 al 10 de Septiembre el Aula de la Geotermia aloj\u00f3 el curso de verano sobre energ\u00eda renovable de la C\u00e1tedra Hunosa","robots":{"index":"index","follow":"follow","max-snippet":"max-snippet:-1","max-image-preview":"max-image-preview:large","max-video-preview":"max-video-preview:-1"},"canonical":"https:\/\/www.unioviedo.es\/catedrahunosa\/curso-de-verano-energia-renovable-geotermica\/","og_locale":"es_ES","og_type":"article","og_title":"Curso de verano \"Energ\u00eda Renovable Geot\u00e9rmica\" | C\u00e1tedra Hunosa","og_description":"Durante la semana del 6 al 10 de Septiembre el Aula de la Geotermia aloj\u00f3 el curso de verano sobre energ\u00eda renovable de la C\u00e1tedra Hunosa","og_url":"https:\/\/www.unioviedo.es\/catedrahunosa\/curso-de-verano-energia-renovable-geotermica\/","og_site_name":"C\u00e1tedra Hunosa","article_publisher":"https:\/\/www.facebook.com\/CatedraHunosa\/","article_published_time":"2021-09-20T11:07:02+00:00","article_modified_time":"2022-02-23T19:57:57+00:00","og_image":[{"width":1024,"height":768,"url":"https:\/\/www.unioviedo.es\/catedrahunosa\/wp-content\/uploads\/2021\/09\/WhatsApp-Image-2021-09-07-at-09.40.32.jpeg","type":"image\/jpeg"}],"author":"Teresa Fern\u00e1ndez","twitter_card":"summary_large_image","twitter_misc":{"Escrito por":"Teresa Fern\u00e1ndez","Tiempo de lectura":"2 minutos"},"schema":{"@context":"https:\/\/schema.org","@graph":[{"@type":"Article","@id":"https:\/\/www.unioviedo.es\/catedrahunosa\/curso-de-verano-energia-renovable-geotermica\/#article","isPartOf":{"@id":"https:\/\/www.unioviedo.es\/catedrahunosa\/curso-de-verano-energia-renovable-geotermica\/"},"author":{"name":"Teresa Fern\u00e1ndez","@id":"https:\/\/www.unioviedo.es\/catedrahunosa\/#\/schema\/person\/00a8552266d1031c0a7fecbd5f96ca1e"},"headline":"Curso de verano \u00abEnerg\u00eda Renovable Geot\u00e9rmica\u00bb","datePublished":"2021-09-20T11:07:02+00:00","dateModified":"2022-02-23T19:57:57+00:00","mainEntityOfPage":{"@id":"https:\/\/www.unioviedo.es\/catedrahunosa\/curso-de-verano-energia-renovable-geotermica\/"},"wordCount":318,"publisher":{"@id":"https:\/\/www.unioviedo.es\/catedrahunosa\/#organization"},"image":{"@id":"https:\/\/www.unioviedo.es\/catedrahunosa\/curso-de-verano-energia-renovable-geotermica\/#primaryimage"},"thumbnailUrl":"https:\/\/www.unioviedo.es\/catedrahunosa\/wp-content\/uploads\/2021\/09\/WhatsApp-Image-2021-09-07-at-09.40.32.jpeg","articleSection":["formaci\u00f3n","Noticias"],"inLanguage":"es"},{"@type":"WebPage","@id":"https:\/\/www.unioviedo.es\/catedrahunosa\/curso-de-verano-energia-renovable-geotermica\/","url":"https:\/\/www.unioviedo.es\/catedrahunosa\/curso-de-verano-energia-renovable-geotermica\/","name":"Curso de verano \"Energ\u00eda Renovable Geot\u00e9rmica\" | C\u00e1tedra Hunosa","isPartOf":{"@id":"https:\/\/www.unioviedo.es\/catedrahunosa\/#website"},"primaryImageOfPage":{"@id":"https:\/\/www.unioviedo.es\/catedrahunosa\/curso-de-verano-energia-renovable-geotermica\/#primaryimage"},"image":{"@id":"https:\/\/www.unioviedo.es\/catedrahunosa\/curso-de-verano-energia-renovable-geotermica\/#primaryimage"},"thumbnailUrl":"https:\/\/www.unioviedo.es\/catedrahunosa\/wp-content\/uploads\/2021\/09\/WhatsApp-Image-2021-09-07-at-09.40.32.jpeg","datePublished":"2021-09-20T11:07:02+00:00","dateModified":"2022-02-23T19:57:57+00:00","description":"Durante la semana del 6 al 10 de Septiembre el Aula de la Geotermia aloj\u00f3 el curso de verano sobre energ\u00eda renovable de la C\u00e1tedra Hunosa","breadcrumb":{"@id":"https:\/\/www.unioviedo.es\/catedrahunosa\/curso-de-verano-energia-renovable-geotermica\/#breadcrumb"},"inLanguage":"es","potentialAction":[{"@type":"ReadAction","target":["https:\/\/www.unioviedo.es\/catedrahunosa\/curso-de-verano-energia-renovable-geotermica\/"]}]},{"@type":"ImageObject","inLanguage":"es","@id":"https:\/\/www.unioviedo.es\/catedrahunosa\/curso-de-verano-energia-renovable-geotermica\/#primaryimage","url":"https:\/\/www.unioviedo.es\/catedrahunosa\/wp-content\/uploads\/2021\/09\/WhatsApp-Image-2021-09-07-at-09.40.32.jpeg","contentUrl":"https:\/\/www.unioviedo.es\/catedrahunosa\/wp-content\/uploads\/2021\/09\/WhatsApp-Image-2021-09-07-at-09.40.32.jpeg","width":1024,"height":768},{"@type":"BreadcrumbList","@id":"https:\/\/www.unioviedo.es\/catedrahunosa\/curso-de-verano-energia-renovable-geotermica\/#breadcrumb","itemListElement":[{"@type":"ListItem","position":1,"name":"Portada","item":"https:\/\/www.unioviedo.es\/catedrahunosa\/"},{"@type":"ListItem","position":2,"name":"Curso de verano \u00abEnerg\u00eda Renovable Geot\u00e9rmica\u00bb"}]},{"@type":"WebSite","@id":"https:\/\/www.unioviedo.es\/catedrahunosa\/#website","url":"https:\/\/www.unioviedo.es\/catedrahunosa\/","name":"C\u00e1tedra Hunosa","description":"Energ\u00edas Renovables","publisher":{"@id":"https:\/\/www.unioviedo.es\/catedrahunosa\/#organization"},"potentialAction":[{"@type":"SearchAction","target":{"@type":"EntryPoint","urlTemplate":"https:\/\/www.unioviedo.es\/catedrahunosa\/?s={search_term_string}"},"query-input":{"@type":"PropertyValueSpecification","valueRequired":true,"valueName":"search_term_string"}}],"inLanguage":"es"},{"@type":"Organization","@id":"https:\/\/www.unioviedo.es\/catedrahunosa\/#organization","name":"C\u00e1tedra Hunosa","url":"https:\/\/www.unioviedo.es\/catedrahunosa\/","logo":{"@type":"ImageObject","inLanguage":"es","@id":"https:\/\/www.unioviedo.es\/catedrahunosa\/#\/schema\/logo\/image\/","url":"https:\/\/www.unioviedo.es\/catedrahunosa\/wp-content\/uploads\/2021\/03\/cropped-ISOTIPO-CATEDRA-1.png","contentUrl":"https:\/\/www.unioviedo.es\/catedrahunosa\/wp-content\/uploads\/2021\/03\/cropped-ISOTIPO-CATEDRA-1.png","width":633,"height":633,"caption":"C\u00e1tedra Hunosa"},"image":{"@id":"https:\/\/www.unioviedo.es\/catedrahunosa\/#\/schema\/logo\/image\/"},"sameAs":["https:\/\/www.facebook.com\/CatedraHunosa\/","https:\/\/www.linkedin.com\/company\/c\u00e1tedra-hunosa-universidad-de-oviedo"]},{"@type":"Person","@id":"https:\/\/www.unioviedo.es\/catedrahunosa\/#\/schema\/person\/00a8552266d1031c0a7fecbd5f96ca1e","name":"Teresa Fern\u00e1ndez","image":{"@type":"ImageObject","inLanguage":"es","@id":"https:\/\/secure.gravatar.com\/avatar\/f9878e6d60b2e781b2f08610ad94afcb07ed556164d6a1eeaada7bee32ad7699?s=96&d=mm&r=g","url":"https:\/\/secure.gravatar.com\/avatar\/f9878e6d60b2e781b2f08610ad94afcb07ed556164d6a1eeaada7bee32ad7699?s=96&d=mm&r=g","contentUrl":"https:\/\/secure.gravatar.com\/avatar\/f9878e6d60b2e781b2f08610ad94afcb07ed556164d6a1eeaada7bee32ad7699?s=96&d=mm&r=g","caption":"Teresa Fern\u00e1ndez"},"description":"Usuario corporativo para administraci\u00f3n general de la p\u00e1gina."}]}},"_links":{"self":[{"href":"https:\/\/www.unioviedo.es\/catedrahunosa\/wp-json\/wp\/v2\/posts\/15988","targetHints":{"allow":["GET"]}}],"collection":[{"href":"https:\/\/www.unioviedo.es\/catedrahunosa\/wp-json\/wp\/v2\/posts"}],"about":[{"href":"https:\/\/www.unioviedo.es\/catedrahunosa\/wp-json\/wp\/v2\/types\/post"}],"author":[{"embeddable":true,"href":"https:\/\/www.unioviedo.es\/catedrahunosa\/wp-json\/wp\/v2\/users\/1"}],"replies":[{"embeddable":true,"href":"https:\/\/www.unioviedo.es\/catedrahunosa\/wp-json\/wp\/v2\/comments?post=15988"}],"version-history":[{"count":6,"href":"https:\/\/www.unioviedo.es\/catedrahunosa\/wp-json\/wp\/v2\/posts\/15988\/revisions"}],"predecessor-version":[{"id":16013,"href":"https:\/\/www.unioviedo.es\/catedrahunosa\/wp-json\/wp\/v2\/posts\/15988\/revisions\/16013"}],"wp:featuredmedia":[{"embeddable":true,"href":"https:\/\/www.unioviedo.es\/catedrahunosa\/wp-json\/wp\/v2\/media\/15990"}],"wp:attachment":[{"href":"https:\/\/www.unioviedo.es\/catedrahunosa\/wp-json\/wp\/v2\/media?parent=15988"}],"wp:term":[{"taxonomy":"category","embeddable":true,"href":"https:\/\/www.unioviedo.es\/catedrahunosa\/wp-json\/wp\/v2\/categories?post=15988"},{"taxonomy":"post_tag","embeddable":true,"href":"https:\/\/www.unioviedo.es\/catedrahunosa\/wp-json\/wp\/v2\/tags?post=15988"}],"curies":[{"name":"wp","href":"https:\/\/api.w.org\/{rel}","templated":true}]}}