{"id":16292,"date":"2022-07-20T12:10:49","date_gmt":"2022-07-20T10:10:49","guid":{"rendered":"https:\/\/www.unioviedo.es\/catedrahunosa\/?p=16292"},"modified":"2022-07-20T12:10:51","modified_gmt":"2022-07-20T10:10:51","slug":"curso-de-verano-2022","status":"publish","type":"post","link":"https:\/\/www.unioviedo.es\/catedrahunosa\/curso-de-verano-2022\/","title":{"rendered":"2\u00aa Edici\u00f3n Curso de Verano sobre Geotermia"},"content":{"rendered":"\n<h2 class=\"wp-block-heading\">Curso de Verano<\/h2>\n\n\n\n<p>Durante la semana del 11 al 15 de Julio se ha desarrollado el curso de verano de la Universidad de Oviedo <strong>\u201cEnerg\u00eda Geot\u00e9rmica, de la teor\u00eda a la pr\u00e1ctica\u201d<\/strong>. Es el segundo a\u00f1o que este curso, que dirige <strong>Miguel \u00c1ngel Rey Ronco<\/strong>, Profesor Titular del Departamento de Energ\u00eda de la <a href=\"https:\/\/www.uniovi.es\/\" target=\"_blank\" rel=\"noreferrer noopener\">Universidad de Oviedo<\/a>, se desarrolla con \u00e9xito, contando con ponentes tanto de la propia instituci\u00f3n universitaria, como de empresas energ\u00e9ticas del sector, como <a href=\"https:\/\/www.ekogar.com\/\" target=\"_blank\" rel=\"noreferrer noopener\">Ekogar<\/a>, <a href=\"https:\/\/www.omnismineria.com\/\" target=\"_blank\" rel=\"noreferrer noopener\">Omnis Miner\u00eda<\/a> o el <a href=\"https:\/\/www.hunosa.es\/\" target=\"_blank\" rel=\"noreferrer noopener\">Grupo HUNOSA<\/a>.<\/p>\n\n\n\n<pre class=\"wp-block-verse has-text-align-center\"><strong>\u00c9xito en la segunda edici\u00f3n del Curso de verano sobre Energ\u00eda Renovable Geot\u00e9rmica organizado por la C\u00e1tedra HUNOSA<\/strong><\/pre>\n\n\n\n<p>El curso se desarroll\u00f3 en un marco muy adecuado, el <strong>\u201cAula de la Geotermia\u201d de la C\u00e1tedra HUNOSA<\/strong>, que sirvi\u00f3 de ilustraci\u00f3n y base para una semana llena de ponencias diferentes. Desde la Universidad de Oviedo colaboraron profesores y profesoras cuyas investigaciones y contribuciones al desarrollo de la geotermia son especialmente notables:<\/p>\n\n\n\n<figure class=\"wp-block-gallery columns-1 is-cropped wp-block-gallery-1 is-layout-flex wp-block-gallery-is-layout-flex\"><ul class=\"blocks-gallery-grid\"><li class=\"blocks-gallery-item\"><figure><img loading=\"lazy\" decoding=\"async\" width=\"1024\" height=\"768\" src=\"https:\/\/www.unioviedo.es\/catedrahunosa\/wp-content\/uploads\/2022\/07\/1.-Inauguracion_corregida-1024x768.jpeg\" alt=\"curso verano\" data-id=\"16294\" data-full-url=\"https:\/\/www.unioviedo.es\/catedrahunosa\/wp-content\/uploads\/2022\/07\/1.-Inauguracion_corregida.jpeg\" data-link=\"https:\/\/www.unioviedo.es\/catedrahunosa\/?attachment_id=16294\" class=\"wp-image-16294\" srcset=\"https:\/\/www.unioviedo.es\/catedrahunosa\/wp-content\/uploads\/2022\/07\/1.-Inauguracion_corregida-1024x768.jpeg 1024w, https:\/\/www.unioviedo.es\/catedrahunosa\/wp-content\/uploads\/2022\/07\/1.-Inauguracion_corregida-300x225.jpeg 300w, https:\/\/www.unioviedo.es\/catedrahunosa\/wp-content\/uploads\/2022\/07\/1.-Inauguracion_corregida-768x576.jpeg 768w, https:\/\/www.unioviedo.es\/catedrahunosa\/wp-content\/uploads\/2022\/07\/1.-Inauguracion_corregida-1536x1152.jpeg 1536w, https:\/\/www.unioviedo.es\/catedrahunosa\/wp-content\/uploads\/2022\/07\/1.-Inauguracion_corregida.jpeg 2048w\" sizes=\"auto, (max-width: 706px) 89vw, (max-width: 767px) 82vw, 740px\" \/><figcaption class=\"blocks-gallery-item__caption\"><em>Inauguraci\u00f3n del curso de verano. De izquierda a derecha: D. Miguel Rey Ronco, D.\u00aa Mar\u00eda Lorenzo Conto, Directora de Energ\u00eda y Desarrollo de Negocio del Grupo HUNOSA, D.\u00aa Dolores Palacios Gonz\u00e1lez, Directora de \u00c1rea de Extensi\u00f3n Universitaria de la Universidad de Oviedo, D. \u00c1ngel Mart\u00edn Rodr\u00edguez, Director de la EPM y D.\u00aa Teresa Alonso, Directora de la C\u00e1tedra Hunosa .<\/em><\/figcaption><\/figure><\/li><\/ul><\/figure>\n\n\n\n<h2 class=\"wp-block-heading\">Ponencias del curso<\/h2>\n\n\n\n<h3 class=\"wp-block-heading\">Expertos de la Universidad de Oviedo<\/h3>\n\n\n\n<p><strong>Miguel Rey<\/strong> , como responsable del curso, realiz\u00f3 varias ponencias.  Present\u00f3 una visi\u00f3n general de la geotermia en la charla introductoria al curso adem\u00e1s de otras en las que repas\u00f3 los tipos de centrales geot\u00e9rmicas en el mundo.<\/p>\n\n\n\n<p><strong>Almudena Ord\u00f3\u00f1ez<\/strong>, Catedr\u00e1tica del \u00c1rea de Prospecci\u00f3n e Investigaci\u00f3n Minera, se centr\u00f3 en la caracterizaci\u00f3n hidrogeol\u00f3gica del embalse minero tras el cese de la actividad minera, especialmente relevante en el caso de la geotermia en Asturias, donde las instalaciones a partir <strong>de agua de mina<\/strong> son una realidad desde el a\u00f1o 2014. Otros ponentes tambi\u00e9n se centraron en esta tem\u00e1tica, como <strong>Paulino Fern\u00e1ndez, <\/strong> quien present\u00f3 su charla sobre modelizaci\u00f3n del flujo del agua subterr\u00e1nea en minas inundadas; o <strong>Rafael Rodr\u00edguez, <\/strong>del \u00e1rea de explotaci\u00f3n de minas, sobre el aprovechamiento aerot\u00e9rmico de espacios mineros subterr\u00e1neas.<\/p>\n\n\n\n<p><strong>Rodrigo \u00c1lvarez,<\/strong> coment\u00f3 la importancia de las distintas t\u00e9cnicas de caracterizaci\u00f3n de rocas y su relevancia en la geotermia. Pasando a un campo m\u00e1s aplicado, <strong>Pilar Castro, <\/strong>del Departamento de Energ\u00eda, habl\u00f3 sobre las certificaciones energ\u00e9ticas de edificios.<\/p>\n\n\n\n<p>El <strong>equipo de investigaci\u00f3n de la C\u00e1tedra<\/strong> tambi\u00e9n puso su granito de arena en el desarrollo del curso: <strong>Teresa Alonso S\u00e1nchez<\/strong>, Directora de la C\u00e1tedra y Profesora titular de la Universidad, imparti\u00f3 una charla sobre An\u00e1lisis t\u00e9rmico del subsuelo y el test de respuesta t\u00e9rmica (TRT). El resto del equipo, compuesto por <strong>Saul Norniella, M.\u00aa Teresa Fern\u00e1ndez <\/strong>y <strong>Laura Cordero <\/strong>impartieron sus respectivas ponencias en relaci\u00f3n a las \u00faltimas investigaciones que est\u00e1n llevando a cabo: \u201cUso del agua de mina en geotermia, Casos de \u00e9xito\u201d, \u201cRedes de Calor\u201d y \u201cAlmacenamiento de energ\u00eda solar estacional en el subsuelo\u201d<\/p>\n\n\n\n<figure class=\"wp-block-gallery alignwide columns-2 is-cropped wp-block-gallery-2 is-layout-flex wp-block-gallery-is-layout-flex\"><ul class=\"blocks-gallery-grid\"><li class=\"blocks-gallery-item\"><figure><img loading=\"lazy\" decoding=\"async\" width=\"1024\" height=\"576\" src=\"https:\/\/www.unioviedo.es\/catedrahunosa\/wp-content\/uploads\/2022\/07\/4.-miguel-rey_corregida-1024x576.jpeg\" alt=\"curso verano\" data-id=\"16297\" data-full-url=\"https:\/\/www.unioviedo.es\/catedrahunosa\/wp-content\/uploads\/2022\/07\/4.-miguel-rey_corregida.jpeg\" data-link=\"https:\/\/www.unioviedo.es\/catedrahunosa\/?attachment_id=16297\" class=\"wp-image-16297\" srcset=\"https:\/\/www.unioviedo.es\/catedrahunosa\/wp-content\/uploads\/2022\/07\/4.-miguel-rey_corregida-1024x576.jpeg 1024w, https:\/\/www.unioviedo.es\/catedrahunosa\/wp-content\/uploads\/2022\/07\/4.-miguel-rey_corregida-300x169.jpeg 300w, https:\/\/www.unioviedo.es\/catedrahunosa\/wp-content\/uploads\/2022\/07\/4.-miguel-rey_corregida-768x432.jpeg 768w, https:\/\/www.unioviedo.es\/catedrahunosa\/wp-content\/uploads\/2022\/07\/4.-miguel-rey_corregida-1536x864.jpeg 1536w, https:\/\/www.unioviedo.es\/catedrahunosa\/wp-content\/uploads\/2022\/07\/4.-miguel-rey_corregida.jpeg 1600w\" sizes=\"auto, (max-width: 706px) 89vw, (max-width: 767px) 82vw, 740px\" \/><figcaption class=\"blocks-gallery-item__caption\">Miguel Rey, charla inaugural sobre Fundamentos de la Geotermia<\/figcaption><\/figure><\/li><li class=\"blocks-gallery-item\"><figure><img loading=\"lazy\" decoding=\"async\" width=\"1024\" height=\"768\" src=\"https:\/\/www.unioviedo.es\/catedrahunosa\/wp-content\/uploads\/2022\/07\/2.-maqueta_corregida-1024x768.jpeg\" alt=\"curso verano\" data-id=\"16295\" data-full-url=\"https:\/\/www.unioviedo.es\/catedrahunosa\/wp-content\/uploads\/2022\/07\/2.-maqueta_corregida.jpeg\" data-link=\"https:\/\/www.unioviedo.es\/catedrahunosa\/?attachment_id=16295\" class=\"wp-image-16295\" srcset=\"https:\/\/www.unioviedo.es\/catedrahunosa\/wp-content\/uploads\/2022\/07\/2.-maqueta_corregida-1024x768.jpeg 1024w, https:\/\/www.unioviedo.es\/catedrahunosa\/wp-content\/uploads\/2022\/07\/2.-maqueta_corregida-300x225.jpeg 300w, https:\/\/www.unioviedo.es\/catedrahunosa\/wp-content\/uploads\/2022\/07\/2.-maqueta_corregida-768x576.jpeg 768w, https:\/\/www.unioviedo.es\/catedrahunosa\/wp-content\/uploads\/2022\/07\/2.-maqueta_corregida-1536x1152.jpeg 1536w, https:\/\/www.unioviedo.es\/catedrahunosa\/wp-content\/uploads\/2022\/07\/2.-maqueta_corregida.jpeg 2048w\" sizes=\"auto, (max-width: 706px) 89vw, (max-width: 767px) 82vw, 740px\" \/><figcaption class=\"blocks-gallery-item__caption\">Asistentes al curso en el Aula de la Geotermia<\/figcaption><\/figure><\/li><\/ul><\/figure>\n\n\n\n<h3 class=\"wp-block-heading\">Empresas energ\u00e9ticas<\/h3>\n\n\n\n<p><strong>Gonzalo Mayoral<\/strong>, Director de Proyecto y Director ejecutivo de <strong><em>Omnis Miner\u00eda<\/em><\/strong>, empresa de investigaci\u00f3n y desarrollo minero, ilustr\u00f3 alguna de las m\u00faltiples aplicaciones de la geotermia en el campo de la industria, exponiendo alguno de los casos m\u00e1s destacados en los que ha participado.<\/p>\n\n\n\n<p><strong>Ricardo Hevia-Aza Garc\u00eda,<\/strong> Fundador y Gerente de la empresa instalada en Victoria-Gasteiz \u201c<strong><em>Ekogar Ingenier\u00eda Geot\u00e9rmica\u201d,<\/em><\/strong> coment\u00f3 las aplicaciones dom\u00e9sticas de la geotermia, ilustr\u00e1ndolo con algunos de sus \u00faltimos proyectos e instalaciones. <\/p>\n\n\n\n<h2 class=\"wp-block-heading\">Las visitas del curso<\/h2>\n\n\n\n<p>La semana culmin\u00f3 con la exposici\u00f3n y visita del caso de \u00e9xito del Pozo Barredo, propiedad del <strong>grupo HUNOSA<\/strong>. El <strong><em>District Heating <\/em>del antiguo Pozo Barredo<\/strong>, en marcha desde el a\u00f1o 2014, con distintas fases que culminaron en el a\u00f1o 2020, constituye la mayor red de calor geot\u00e9rmica de Espa\u00f1a hasta la fecha, alcanzando una potencia total cercana a los 6MWt, y ha sido premiada por la Agencia Internacional de la Energ\u00eda en los \u201cGlobal District Energy Climate Adwards\u201d celebrados en 2019 en Islandia, capital mundial de la geotermia.<\/p>\n\n\n\n<p><strong>Pablo Fern\u00e1ndez<\/strong>, Jefe del Departamento de Energ\u00edas Renovables del Grupo HUNOSA y <strong>Noel Canto,<\/strong> Jefe del Departamento de Innovaci\u00f3n del <strong><em>Grupo HUNOSA, <\/em><\/strong>dirigieron durante esta \u00faltima jornada las visitas a las instalaciones y una visi\u00f3n general del caso tan particular de geotermia que abastece la localidad asturiana de Mieres y que recientemente se ha implantado tambi\u00e9n en la localidad de Langreo gracias a la cercan\u00eda del Pozo Fond\u00f3n y su nuevo proyecto geot\u00e9rmico.<\/p>\n\n\n\n<h2 class=\"wp-block-heading\">La organizaci\u00f3n<\/h2>\n\n\n\n<p>La <strong>C\u00e1tedra HUNOSA de la Universidad de Oviedo <\/strong>colabor\u00f3 en la organizaci\u00f3n del curso, ofreciendo el Aula de la Geotermia como marco para el desarrollo el curso, as\u00ed como con la financiaci\u00f3n parcial de las matr\u00edculas de los asistentes y otros gastos de patrocinio.<\/p>\n\n\n\n<p>La respuesta general de los asistentes al curso ha sido muy buena, obteniendo una puntuaci\u00f3n de 4.85 sobre 5 en cuanto al<strong> grado de satisfacci\u00f3n <\/strong>con el curso. Adem\u00e1s ha permitido divulgar los conocimientos sobre esta energ\u00eda renovable, cuya presencia en Asturias es una realidad con grandes perspectivas de crecimiento y que constituye una oportunidad que no debe pasar desapercibida en estos momentos de b\u00fasqueda de mayor autosuficiencia en materia energ\u00e9tica.<\/p>\n\n\n\n<p><\/p>\n","protected":false},"excerpt":{"rendered":"<p>\u00c9xito en la segunda edici\u00f3n del Curso de verano sobre Energ\u00eda Renovable Geot\u00e9rmica organizado por la C\u00e1tedra HUNOSA<\/p>\n","protected":false},"author":1,"featured_media":16296,"comment_status":"closed","ping_status":"closed","sticky":false,"template":"","format":"standard","meta":{"_monsterinsights_skip_tracking":false,"_monsterinsights_sitenote_active":false,"_monsterinsights_sitenote_note":"","_monsterinsights_sitenote_category":0,"footnotes":""},"categories":[22,4,1],"tags":[],"class_list":["post-16292","post","type-post","status-publish","format-standard","has-post-thumbnail","hentry","category-formacion","category-noticias","category-sin-categoria"],"yoast_head":"<!-- This site is optimized with the Yoast SEO plugin v27.5 - https:\/\/yoast.com\/product\/yoast-seo-wordpress\/ -->\n<title>2\u00aa Edici\u00f3n Curso de Verano sobre Geotermia | C\u00e1tedra Hunosa<\/title>\n<meta name=\"description\" content=\"\u00c9xito en la segunda edici\u00f3n del Curso de verano sobre Energ\u00eda Renovable Geot\u00e9rmica organizado por la C\u00e1tedra HUNOSA.\" \/>\n<meta name=\"robots\" content=\"index, follow, max-snippet:-1, max-image-preview:large, max-video-preview:-1\" \/>\n<link rel=\"canonical\" href=\"https:\/\/www.unioviedo.es\/catedrahunosa\/curso-de-verano-2022\/\" \/>\n<meta property=\"og:locale\" content=\"es_ES\" \/>\n<meta property=\"og:type\" content=\"article\" \/>\n<meta property=\"og:title\" content=\"2\u00aa Edici\u00f3n Curso de Verano sobre Geotermia | C\u00e1tedra Hunosa\" \/>\n<meta property=\"og:description\" content=\"\u00c9xito en la segunda edici\u00f3n del Curso de verano sobre Energ\u00eda Renovable Geot\u00e9rmica organizado por la C\u00e1tedra HUNOSA.\" \/>\n<meta property=\"og:url\" content=\"https:\/\/www.unioviedo.es\/catedrahunosa\/curso-de-verano-2022\/\" \/>\n<meta property=\"og:site_name\" content=\"C\u00e1tedra Hunosa\" \/>\n<meta property=\"article:publisher\" content=\"https:\/\/www.facebook.com\/CatedraHunosa\/\" \/>\n<meta property=\"article:published_time\" content=\"2022-07-20T10:10:49+00:00\" \/>\n<meta property=\"article:modified_time\" content=\"2022-07-20T10:10:51+00:00\" \/>\n<meta property=\"og:image\" content=\"https:\/\/www.unioviedo.es\/catedrahunosa\/wp-content\/uploads\/2022\/07\/3.-pozo-4_corregiga.jpeg\" \/>\n\t<meta property=\"og:image:width\" content=\"2016\" \/>\n\t<meta property=\"og:image:height\" content=\"908\" \/>\n\t<meta property=\"og:image:type\" content=\"image\/jpeg\" \/>\n<meta name=\"author\" content=\"Teresa Fern\u00e1ndez\" \/>\n<meta name=\"twitter:card\" content=\"summary_large_image\" \/>\n<meta name=\"twitter:label1\" content=\"Escrito por\" \/>\n\t<meta name=\"twitter:data1\" content=\"Teresa Fern\u00e1ndez\" \/>\n\t<meta name=\"twitter:label2\" content=\"Tiempo de lectura\" \/>\n\t<meta name=\"twitter:data2\" content=\"5 minutos\" \/>\n<script type=\"application\/ld+json\" class=\"yoast-schema-graph\">{\"@context\":\"https:\\\/\\\/schema.org\",\"@graph\":[{\"@type\":\"Article\",\"@id\":\"https:\\\/\\\/www.unioviedo.es\\\/catedrahunosa\\\/curso-de-verano-2022\\\/#article\",\"isPartOf\":{\"@id\":\"https:\\\/\\\/www.unioviedo.es\\\/catedrahunosa\\\/curso-de-verano-2022\\\/\"},\"author\":{\"name\":\"Teresa Fern\u00e1ndez\",\"@id\":\"https:\\\/\\\/www.unioviedo.es\\\/catedrahunosa\\\/#\\\/schema\\\/person\\\/00a8552266d1031c0a7fecbd5f96ca1e\"},\"headline\":\"2\u00aa Edici\u00f3n Curso de Verano sobre Geotermia\",\"datePublished\":\"2022-07-20T10:10:49+00:00\",\"dateModified\":\"2022-07-20T10:10:51+00:00\",\"mainEntityOfPage\":{\"@id\":\"https:\\\/\\\/www.unioviedo.es\\\/catedrahunosa\\\/curso-de-verano-2022\\\/\"},\"wordCount\":936,\"publisher\":{\"@id\":\"https:\\\/\\\/www.unioviedo.es\\\/catedrahunosa\\\/#organization\"},\"image\":{\"@id\":\"https:\\\/\\\/www.unioviedo.es\\\/catedrahunosa\\\/curso-de-verano-2022\\\/#primaryimage\"},\"thumbnailUrl\":\"https:\\\/\\\/www.unioviedo.es\\\/catedrahunosa\\\/wp-content\\\/uploads\\\/2022\\\/07\\\/3.-pozo-4_corregiga.jpeg\",\"articleSection\":[\"formaci\u00f3n\",\"Noticias\"],\"inLanguage\":\"es\"},{\"@type\":\"WebPage\",\"@id\":\"https:\\\/\\\/www.unioviedo.es\\\/catedrahunosa\\\/curso-de-verano-2022\\\/\",\"url\":\"https:\\\/\\\/www.unioviedo.es\\\/catedrahunosa\\\/curso-de-verano-2022\\\/\",\"name\":\"2\u00aa Edici\u00f3n Curso de Verano sobre Geotermia | C\u00e1tedra Hunosa\",\"isPartOf\":{\"@id\":\"https:\\\/\\\/www.unioviedo.es\\\/catedrahunosa\\\/#website\"},\"primaryImageOfPage\":{\"@id\":\"https:\\\/\\\/www.unioviedo.es\\\/catedrahunosa\\\/curso-de-verano-2022\\\/#primaryimage\"},\"image\":{\"@id\":\"https:\\\/\\\/www.unioviedo.es\\\/catedrahunosa\\\/curso-de-verano-2022\\\/#primaryimage\"},\"thumbnailUrl\":\"https:\\\/\\\/www.unioviedo.es\\\/catedrahunosa\\\/wp-content\\\/uploads\\\/2022\\\/07\\\/3.-pozo-4_corregiga.jpeg\",\"datePublished\":\"2022-07-20T10:10:49+00:00\",\"dateModified\":\"2022-07-20T10:10:51+00:00\",\"description\":\"\u00c9xito en la segunda edici\u00f3n del Curso de verano sobre Energ\u00eda Renovable Geot\u00e9rmica organizado por la C\u00e1tedra HUNOSA.\",\"breadcrumb\":{\"@id\":\"https:\\\/\\\/www.unioviedo.es\\\/catedrahunosa\\\/curso-de-verano-2022\\\/#breadcrumb\"},\"inLanguage\":\"es\",\"potentialAction\":[{\"@type\":\"ReadAction\",\"target\":[\"https:\\\/\\\/www.unioviedo.es\\\/catedrahunosa\\\/curso-de-verano-2022\\\/\"]}]},{\"@type\":\"ImageObject\",\"inLanguage\":\"es\",\"@id\":\"https:\\\/\\\/www.unioviedo.es\\\/catedrahunosa\\\/curso-de-verano-2022\\\/#primaryimage\",\"url\":\"https:\\\/\\\/www.unioviedo.es\\\/catedrahunosa\\\/wp-content\\\/uploads\\\/2022\\\/07\\\/3.-pozo-4_corregiga.jpeg\",\"contentUrl\":\"https:\\\/\\\/www.unioviedo.es\\\/catedrahunosa\\\/wp-content\\\/uploads\\\/2022\\\/07\\\/3.-pozo-4_corregiga.jpeg\",\"width\":2016,\"height\":908,\"caption\":\"curso verano\"},{\"@type\":\"BreadcrumbList\",\"@id\":\"https:\\\/\\\/www.unioviedo.es\\\/catedrahunosa\\\/curso-de-verano-2022\\\/#breadcrumb\",\"itemListElement\":[{\"@type\":\"ListItem\",\"position\":1,\"name\":\"Portada\",\"item\":\"https:\\\/\\\/www.unioviedo.es\\\/catedrahunosa\\\/\"},{\"@type\":\"ListItem\",\"position\":2,\"name\":\"2\u00aa Edici\u00f3n Curso de Verano sobre Geotermia\"}]},{\"@type\":\"WebSite\",\"@id\":\"https:\\\/\\\/www.unioviedo.es\\\/catedrahunosa\\\/#website\",\"url\":\"https:\\\/\\\/www.unioviedo.es\\\/catedrahunosa\\\/\",\"name\":\"C\u00e1tedra Hunosa\",\"description\":\"Energ\u00edas Renovables\",\"publisher\":{\"@id\":\"https:\\\/\\\/www.unioviedo.es\\\/catedrahunosa\\\/#organization\"},\"potentialAction\":[{\"@type\":\"SearchAction\",\"target\":{\"@type\":\"EntryPoint\",\"urlTemplate\":\"https:\\\/\\\/www.unioviedo.es\\\/catedrahunosa\\\/?s={search_term_string}\"},\"query-input\":{\"@type\":\"PropertyValueSpecification\",\"valueRequired\":true,\"valueName\":\"search_term_string\"}}],\"inLanguage\":\"es\"},{\"@type\":\"Organization\",\"@id\":\"https:\\\/\\\/www.unioviedo.es\\\/catedrahunosa\\\/#organization\",\"name\":\"C\u00e1tedra Hunosa\",\"url\":\"https:\\\/\\\/www.unioviedo.es\\\/catedrahunosa\\\/\",\"logo\":{\"@type\":\"ImageObject\",\"inLanguage\":\"es\",\"@id\":\"https:\\\/\\\/www.unioviedo.es\\\/catedrahunosa\\\/#\\\/schema\\\/logo\\\/image\\\/\",\"url\":\"https:\\\/\\\/www.unioviedo.es\\\/catedrahunosa\\\/wp-content\\\/uploads\\\/2021\\\/03\\\/cropped-ISOTIPO-CATEDRA-1.png\",\"contentUrl\":\"https:\\\/\\\/www.unioviedo.es\\\/catedrahunosa\\\/wp-content\\\/uploads\\\/2021\\\/03\\\/cropped-ISOTIPO-CATEDRA-1.png\",\"width\":633,\"height\":633,\"caption\":\"C\u00e1tedra Hunosa\"},\"image\":{\"@id\":\"https:\\\/\\\/www.unioviedo.es\\\/catedrahunosa\\\/#\\\/schema\\\/logo\\\/image\\\/\"},\"sameAs\":[\"https:\\\/\\\/www.facebook.com\\\/CatedraHunosa\\\/\",\"https:\\\/\\\/www.linkedin.com\\\/company\\\/c\u00e1tedra-hunosa-universidad-de-oviedo\"]},{\"@type\":\"Person\",\"@id\":\"https:\\\/\\\/www.unioviedo.es\\\/catedrahunosa\\\/#\\\/schema\\\/person\\\/00a8552266d1031c0a7fecbd5f96ca1e\",\"name\":\"Teresa Fern\u00e1ndez\",\"image\":{\"@type\":\"ImageObject\",\"inLanguage\":\"es\",\"@id\":\"https:\\\/\\\/secure.gravatar.com\\\/avatar\\\/f9878e6d60b2e781b2f08610ad94afcb07ed556164d6a1eeaada7bee32ad7699?s=96&d=mm&r=g\",\"url\":\"https:\\\/\\\/secure.gravatar.com\\\/avatar\\\/f9878e6d60b2e781b2f08610ad94afcb07ed556164d6a1eeaada7bee32ad7699?s=96&d=mm&r=g\",\"contentUrl\":\"https:\\\/\\\/secure.gravatar.com\\\/avatar\\\/f9878e6d60b2e781b2f08610ad94afcb07ed556164d6a1eeaada7bee32ad7699?s=96&d=mm&r=g\",\"caption\":\"Teresa Fern\u00e1ndez\"},\"description\":\"Usuario corporativo para administraci\u00f3n general de la p\u00e1gina.\"}]}<\/script>\n<!-- \/ Yoast SEO plugin. -->","yoast_head_json":{"title":"2\u00aa Edici\u00f3n Curso de Verano sobre Geotermia | C\u00e1tedra Hunosa","description":"\u00c9xito en la segunda edici\u00f3n del Curso de verano sobre Energ\u00eda Renovable Geot\u00e9rmica organizado por la C\u00e1tedra HUNOSA.","robots":{"index":"index","follow":"follow","max-snippet":"max-snippet:-1","max-image-preview":"max-image-preview:large","max-video-preview":"max-video-preview:-1"},"canonical":"https:\/\/www.unioviedo.es\/catedrahunosa\/curso-de-verano-2022\/","og_locale":"es_ES","og_type":"article","og_title":"2\u00aa Edici\u00f3n Curso de Verano sobre Geotermia | C\u00e1tedra Hunosa","og_description":"\u00c9xito en la segunda edici\u00f3n del Curso de verano sobre Energ\u00eda Renovable Geot\u00e9rmica organizado por la C\u00e1tedra HUNOSA.","og_url":"https:\/\/www.unioviedo.es\/catedrahunosa\/curso-de-verano-2022\/","og_site_name":"C\u00e1tedra Hunosa","article_publisher":"https:\/\/www.facebook.com\/CatedraHunosa\/","article_published_time":"2022-07-20T10:10:49+00:00","article_modified_time":"2022-07-20T10:10:51+00:00","og_image":[{"width":2016,"height":908,"url":"https:\/\/www.unioviedo.es\/catedrahunosa\/wp-content\/uploads\/2022\/07\/3.-pozo-4_corregiga.jpeg","type":"image\/jpeg"}],"author":"Teresa Fern\u00e1ndez","twitter_card":"summary_large_image","twitter_misc":{"Escrito por":"Teresa Fern\u00e1ndez","Tiempo de lectura":"5 minutos"},"schema":{"@context":"https:\/\/schema.org","@graph":[{"@type":"Article","@id":"https:\/\/www.unioviedo.es\/catedrahunosa\/curso-de-verano-2022\/#article","isPartOf":{"@id":"https:\/\/www.unioviedo.es\/catedrahunosa\/curso-de-verano-2022\/"},"author":{"name":"Teresa Fern\u00e1ndez","@id":"https:\/\/www.unioviedo.es\/catedrahunosa\/#\/schema\/person\/00a8552266d1031c0a7fecbd5f96ca1e"},"headline":"2\u00aa Edici\u00f3n Curso de Verano sobre Geotermia","datePublished":"2022-07-20T10:10:49+00:00","dateModified":"2022-07-20T10:10:51+00:00","mainEntityOfPage":{"@id":"https:\/\/www.unioviedo.es\/catedrahunosa\/curso-de-verano-2022\/"},"wordCount":936,"publisher":{"@id":"https:\/\/www.unioviedo.es\/catedrahunosa\/#organization"},"image":{"@id":"https:\/\/www.unioviedo.es\/catedrahunosa\/curso-de-verano-2022\/#primaryimage"},"thumbnailUrl":"https:\/\/www.unioviedo.es\/catedrahunosa\/wp-content\/uploads\/2022\/07\/3.-pozo-4_corregiga.jpeg","articleSection":["formaci\u00f3n","Noticias"],"inLanguage":"es"},{"@type":"WebPage","@id":"https:\/\/www.unioviedo.es\/catedrahunosa\/curso-de-verano-2022\/","url":"https:\/\/www.unioviedo.es\/catedrahunosa\/curso-de-verano-2022\/","name":"2\u00aa Edici\u00f3n Curso de Verano sobre Geotermia | C\u00e1tedra Hunosa","isPartOf":{"@id":"https:\/\/www.unioviedo.es\/catedrahunosa\/#website"},"primaryImageOfPage":{"@id":"https:\/\/www.unioviedo.es\/catedrahunosa\/curso-de-verano-2022\/#primaryimage"},"image":{"@id":"https:\/\/www.unioviedo.es\/catedrahunosa\/curso-de-verano-2022\/#primaryimage"},"thumbnailUrl":"https:\/\/www.unioviedo.es\/catedrahunosa\/wp-content\/uploads\/2022\/07\/3.-pozo-4_corregiga.jpeg","datePublished":"2022-07-20T10:10:49+00:00","dateModified":"2022-07-20T10:10:51+00:00","description":"\u00c9xito en la segunda edici\u00f3n del Curso de verano sobre Energ\u00eda Renovable Geot\u00e9rmica organizado por la C\u00e1tedra HUNOSA.","breadcrumb":{"@id":"https:\/\/www.unioviedo.es\/catedrahunosa\/curso-de-verano-2022\/#breadcrumb"},"inLanguage":"es","potentialAction":[{"@type":"ReadAction","target":["https:\/\/www.unioviedo.es\/catedrahunosa\/curso-de-verano-2022\/"]}]},{"@type":"ImageObject","inLanguage":"es","@id":"https:\/\/www.unioviedo.es\/catedrahunosa\/curso-de-verano-2022\/#primaryimage","url":"https:\/\/www.unioviedo.es\/catedrahunosa\/wp-content\/uploads\/2022\/07\/3.-pozo-4_corregiga.jpeg","contentUrl":"https:\/\/www.unioviedo.es\/catedrahunosa\/wp-content\/uploads\/2022\/07\/3.-pozo-4_corregiga.jpeg","width":2016,"height":908,"caption":"curso verano"},{"@type":"BreadcrumbList","@id":"https:\/\/www.unioviedo.es\/catedrahunosa\/curso-de-verano-2022\/#breadcrumb","itemListElement":[{"@type":"ListItem","position":1,"name":"Portada","item":"https:\/\/www.unioviedo.es\/catedrahunosa\/"},{"@type":"ListItem","position":2,"name":"2\u00aa Edici\u00f3n Curso de Verano sobre Geotermia"}]},{"@type":"WebSite","@id":"https:\/\/www.unioviedo.es\/catedrahunosa\/#website","url":"https:\/\/www.unioviedo.es\/catedrahunosa\/","name":"C\u00e1tedra Hunosa","description":"Energ\u00edas Renovables","publisher":{"@id":"https:\/\/www.unioviedo.es\/catedrahunosa\/#organization"},"potentialAction":[{"@type":"SearchAction","target":{"@type":"EntryPoint","urlTemplate":"https:\/\/www.unioviedo.es\/catedrahunosa\/?s={search_term_string}"},"query-input":{"@type":"PropertyValueSpecification","valueRequired":true,"valueName":"search_term_string"}}],"inLanguage":"es"},{"@type":"Organization","@id":"https:\/\/www.unioviedo.es\/catedrahunosa\/#organization","name":"C\u00e1tedra Hunosa","url":"https:\/\/www.unioviedo.es\/catedrahunosa\/","logo":{"@type":"ImageObject","inLanguage":"es","@id":"https:\/\/www.unioviedo.es\/catedrahunosa\/#\/schema\/logo\/image\/","url":"https:\/\/www.unioviedo.es\/catedrahunosa\/wp-content\/uploads\/2021\/03\/cropped-ISOTIPO-CATEDRA-1.png","contentUrl":"https:\/\/www.unioviedo.es\/catedrahunosa\/wp-content\/uploads\/2021\/03\/cropped-ISOTIPO-CATEDRA-1.png","width":633,"height":633,"caption":"C\u00e1tedra Hunosa"},"image":{"@id":"https:\/\/www.unioviedo.es\/catedrahunosa\/#\/schema\/logo\/image\/"},"sameAs":["https:\/\/www.facebook.com\/CatedraHunosa\/","https:\/\/www.linkedin.com\/company\/c\u00e1tedra-hunosa-universidad-de-oviedo"]},{"@type":"Person","@id":"https:\/\/www.unioviedo.es\/catedrahunosa\/#\/schema\/person\/00a8552266d1031c0a7fecbd5f96ca1e","name":"Teresa Fern\u00e1ndez","image":{"@type":"ImageObject","inLanguage":"es","@id":"https:\/\/secure.gravatar.com\/avatar\/f9878e6d60b2e781b2f08610ad94afcb07ed556164d6a1eeaada7bee32ad7699?s=96&d=mm&r=g","url":"https:\/\/secure.gravatar.com\/avatar\/f9878e6d60b2e781b2f08610ad94afcb07ed556164d6a1eeaada7bee32ad7699?s=96&d=mm&r=g","contentUrl":"https:\/\/secure.gravatar.com\/avatar\/f9878e6d60b2e781b2f08610ad94afcb07ed556164d6a1eeaada7bee32ad7699?s=96&d=mm&r=g","caption":"Teresa Fern\u00e1ndez"},"description":"Usuario corporativo para administraci\u00f3n general de la p\u00e1gina."}]}},"_links":{"self":[{"href":"https:\/\/www.unioviedo.es\/catedrahunosa\/wp-json\/wp\/v2\/posts\/16292","targetHints":{"allow":["GET"]}}],"collection":[{"href":"https:\/\/www.unioviedo.es\/catedrahunosa\/wp-json\/wp\/v2\/posts"}],"about":[{"href":"https:\/\/www.unioviedo.es\/catedrahunosa\/wp-json\/wp\/v2\/types\/post"}],"author":[{"embeddable":true,"href":"https:\/\/www.unioviedo.es\/catedrahunosa\/wp-json\/wp\/v2\/users\/1"}],"replies":[{"embeddable":true,"href":"https:\/\/www.unioviedo.es\/catedrahunosa\/wp-json\/wp\/v2\/comments?post=16292"}],"version-history":[{"count":7,"href":"https:\/\/www.unioviedo.es\/catedrahunosa\/wp-json\/wp\/v2\/posts\/16292\/revisions"}],"predecessor-version":[{"id":16306,"href":"https:\/\/www.unioviedo.es\/catedrahunosa\/wp-json\/wp\/v2\/posts\/16292\/revisions\/16306"}],"wp:featuredmedia":[{"embeddable":true,"href":"https:\/\/www.unioviedo.es\/catedrahunosa\/wp-json\/wp\/v2\/media\/16296"}],"wp:attachment":[{"href":"https:\/\/www.unioviedo.es\/catedrahunosa\/wp-json\/wp\/v2\/media?parent=16292"}],"wp:term":[{"taxonomy":"category","embeddable":true,"href":"https:\/\/www.unioviedo.es\/catedrahunosa\/wp-json\/wp\/v2\/categories?post=16292"},{"taxonomy":"post_tag","embeddable":true,"href":"https:\/\/www.unioviedo.es\/catedrahunosa\/wp-json\/wp\/v2\/tags?post=16292"}],"curies":[{"name":"wp","href":"https:\/\/api.w.org\/{rel}","templated":true}]}}