{"id":16317,"date":"2022-11-15T13:44:05","date_gmt":"2022-11-15T12:44:05","guid":{"rendered":"https:\/\/www.unioviedo.es\/catedrahunosa\/?p=16317"},"modified":"2022-12-21T12:50:49","modified_gmt":"2022-12-21T11:50:49","slug":"transicion-justa-europea","status":"publish","type":"post","link":"https:\/\/www.unioviedo.es\/catedrahunosa\/transicion-justa-europea\/","title":{"rendered":"Fondos de Transici\u00f3n Justa Europeos"},"content":{"rendered":"\n<p>El 6 de Octubre visitaron las instalaciones geot\u00e9rmicas del Pozo Barredo representantes de los Fondos de Transici\u00f3n Justa Europeos. <\/p>\n\n\n\n<p>El grupo, formado por representantes de Silesia (Polonia), la Plataforma de Transici\u00f3n Justa de la Comisi\u00f3n Europea, acompa\u00f1ados por representantes de la Direcci\u00f3n General de Miner\u00eda del Principado de Asturias, la Fundaci\u00f3n Asturiana de la Energ\u00eda (FAEN) y el Grupo Hunosa, pudieron conocer las instalaciones del Pozo Barredo, as\u00ed como la FAEN. <\/p>\n\n\n\n<p>Los representantes de la delegaci\u00f3n han podido conocer el proyecto de distric heating de la compa\u00f1\u00eda que aprovecha el agua de mina para la generaci\u00f3n de una red de calor urbana que ha contado con el respaldo financiero del Principado de Asturias y es una de las instalaciones pioneras a nivel mundial en el campo del aprovechamiento energ\u00e9tico de activos mineros en desuso.<\/p>\n\n\n\n<p>Tambi\u00e9n han sido informados de los desarrollos y proyectos que est\u00e1 coordinando FAEN para el impulso y la promoci\u00f3n de las energ\u00edas renovables en Asturias en \u00e1mbitos como la movilidad sostenible, las comunidades energ\u00e9ticas y el hidr\u00f3geno verde.<\/p>\n\n\n\n<p>La delegaci\u00f3n polaca ha estado acompa\u00f1ada por los directores generales de Energ\u00eda e Industria,&nbsp;Miny D\u00edaz Aguado&nbsp;y&nbsp;Juan Carlos Aguilera Folgueiras, respectivamente, y por el director general de Faen,&nbsp;Carlos Garc\u00eda S\u00e1nzhez; as\u00ed como por Pablo Fern\u00e1ndez Mart\u00ednez, Jefe del Departamento de Energ\u00edas Renovables, y Noel Canto Toimil, Jefe del Departamento de Innovaci\u00f3n del Grupo HUNOSA. <\/p>\n\n\n\n<figure class=\"wp-block-image size-large\"><img loading=\"lazy\" decoding=\"async\" width=\"1024\" height=\"768\" src=\"https:\/\/www.unioviedo.es\/catedrahunosa\/wp-content\/uploads\/2022\/11\/Aula-Geotermia_transicion-justa-1024x768.jpg\" alt=\"transicion justa \" class=\"wp-image-16318\" srcset=\"https:\/\/www.unioviedo.es\/catedrahunosa\/wp-content\/uploads\/2022\/11\/Aula-Geotermia_transicion-justa-1024x768.jpg 1024w, https:\/\/www.unioviedo.es\/catedrahunosa\/wp-content\/uploads\/2022\/11\/Aula-Geotermia_transicion-justa-300x225.jpg 300w, https:\/\/www.unioviedo.es\/catedrahunosa\/wp-content\/uploads\/2022\/11\/Aula-Geotermia_transicion-justa-768x576.jpg 768w, https:\/\/www.unioviedo.es\/catedrahunosa\/wp-content\/uploads\/2022\/11\/Aula-Geotermia_transicion-justa-1536x1152.jpg 1536w, https:\/\/www.unioviedo.es\/catedrahunosa\/wp-content\/uploads\/2022\/11\/Aula-Geotermia_transicion-justa.jpg 1600w\" sizes=\"auto, (max-width: 706px) 89vw, (max-width: 767px) 82vw, 740px\" \/><\/figure>\n","protected":false},"excerpt":{"rendered":"<p>El 6 de Octubre visitaron las instalaciones geot\u00e9rmicas del Pozo Barredo representantes de los Fondos de Transici\u00f3n Justa Europeos. El grupo, formado por representantes de Silesia (Polonia), la Plataforma de Transici\u00f3n Justa de la Comisi\u00f3n Europea, acompa\u00f1ados por representantes de la Direcci\u00f3n General de Miner\u00eda del Principado de Asturias, la Fundaci\u00f3n Asturiana de la Energ\u00eda &hellip; <\/p>\n<p class=\"link-more\"><a href=\"https:\/\/www.unioviedo.es\/catedrahunosa\/transicion-justa-europea\/\" class=\"more-link\">Continuar leyendo<span class=\"screen-reader-text\"> \u00abFondos de Transici\u00f3n Justa Europeos\u00bb<\/span><\/a><\/p>\n","protected":false},"author":1,"featured_media":16319,"comment_status":"closed","ping_status":"closed","sticky":false,"template":"","format":"standard","meta":{"_monsterinsights_skip_tracking":false,"_monsterinsights_sitenote_active":false,"_monsterinsights_sitenote_note":"","_monsterinsights_sitenote_category":0,"footnotes":""},"categories":[4],"tags":[],"class_list":["post-16317","post","type-post","status-publish","format-standard","has-post-thumbnail","hentry","category-noticias"],"yoast_head":"<!-- This site is optimized with the Yoast SEO plugin v27.5 - https:\/\/yoast.com\/product\/yoast-seo-wordpress\/ -->\n<title>Fondos de Transici\u00f3n Justa Europeos | C\u00e1tedra Hunosa<\/title>\n<meta name=\"robots\" content=\"index, follow, max-snippet:-1, max-image-preview:large, max-video-preview:-1\" \/>\n<link rel=\"canonical\" href=\"https:\/\/www.unioviedo.es\/catedrahunosa\/transicion-justa-europea\/\" \/>\n<meta property=\"og:locale\" content=\"es_ES\" \/>\n<meta property=\"og:type\" content=\"article\" \/>\n<meta property=\"og:title\" content=\"Fondos de Transici\u00f3n Justa Europeos | C\u00e1tedra Hunosa\" \/>\n<meta property=\"og:description\" content=\"El 6 de Octubre visitaron las instalaciones geot\u00e9rmicas del Pozo Barredo representantes de los Fondos de Transici\u00f3n Justa Europeos. El grupo, formado por representantes de Silesia (Polonia), la Plataforma de Transici\u00f3n Justa de la Comisi\u00f3n Europea, acompa\u00f1ados por representantes de la Direcci\u00f3n General de Miner\u00eda del Principado de Asturias, la Fundaci\u00f3n Asturiana de la Energ\u00eda &hellip; Continuar leyendo &quot;Fondos de Transici\u00f3n Justa Europeos&quot;\" \/>\n<meta property=\"og:url\" content=\"https:\/\/www.unioviedo.es\/catedrahunosa\/transicion-justa-europea\/\" \/>\n<meta property=\"og:site_name\" content=\"C\u00e1tedra Hunosa\" \/>\n<meta property=\"article:publisher\" content=\"https:\/\/www.facebook.com\/CatedraHunosa\/\" \/>\n<meta property=\"article:published_time\" content=\"2022-11-15T12:44:05+00:00\" \/>\n<meta property=\"article:modified_time\" content=\"2022-12-21T11:50:49+00:00\" \/>\n<meta property=\"og:image\" content=\"https:\/\/www.unioviedo.es\/catedrahunosa\/wp-content\/uploads\/2022\/11\/Pozo-Barredo_transicion-justa.jpg\" \/>\n\t<meta property=\"og:image:width\" content=\"1200\" \/>\n\t<meta property=\"og:image:height\" content=\"1600\" \/>\n\t<meta property=\"og:image:type\" content=\"image\/jpeg\" \/>\n<meta name=\"author\" content=\"Teresa Fern\u00e1ndez\" \/>\n<meta name=\"twitter:card\" content=\"summary_large_image\" \/>\n<meta name=\"twitter:label1\" content=\"Escrito por\" \/>\n\t<meta name=\"twitter:data1\" content=\"Teresa Fern\u00e1ndez\" \/>\n\t<meta name=\"twitter:label2\" content=\"Tiempo de lectura\" \/>\n\t<meta name=\"twitter:data2\" content=\"2 minutos\" \/>\n<script type=\"application\/ld+json\" class=\"yoast-schema-graph\">{\"@context\":\"https:\\\/\\\/schema.org\",\"@graph\":[{\"@type\":\"Article\",\"@id\":\"https:\\\/\\\/www.unioviedo.es\\\/catedrahunosa\\\/transicion-justa-europea\\\/#article\",\"isPartOf\":{\"@id\":\"https:\\\/\\\/www.unioviedo.es\\\/catedrahunosa\\\/transicion-justa-europea\\\/\"},\"author\":{\"name\":\"Teresa Fern\u00e1ndez\",\"@id\":\"https:\\\/\\\/www.unioviedo.es\\\/catedrahunosa\\\/#\\\/schema\\\/person\\\/00a8552266d1031c0a7fecbd5f96ca1e\"},\"headline\":\"Fondos de Transici\u00f3n Justa Europeos\",\"datePublished\":\"2022-11-15T12:44:05+00:00\",\"dateModified\":\"2022-12-21T11:50:49+00:00\",\"mainEntityOfPage\":{\"@id\":\"https:\\\/\\\/www.unioviedo.es\\\/catedrahunosa\\\/transicion-justa-europea\\\/\"},\"wordCount\":266,\"publisher\":{\"@id\":\"https:\\\/\\\/www.unioviedo.es\\\/catedrahunosa\\\/#organization\"},\"image\":{\"@id\":\"https:\\\/\\\/www.unioviedo.es\\\/catedrahunosa\\\/transicion-justa-europea\\\/#primaryimage\"},\"thumbnailUrl\":\"https:\\\/\\\/www.unioviedo.es\\\/catedrahunosa\\\/wp-content\\\/uploads\\\/2022\\\/11\\\/Pozo-Barredo_transicion-justa.jpg\",\"articleSection\":[\"Noticias\"],\"inLanguage\":\"es\"},{\"@type\":\"WebPage\",\"@id\":\"https:\\\/\\\/www.unioviedo.es\\\/catedrahunosa\\\/transicion-justa-europea\\\/\",\"url\":\"https:\\\/\\\/www.unioviedo.es\\\/catedrahunosa\\\/transicion-justa-europea\\\/\",\"name\":\"Fondos de Transici\u00f3n Justa Europeos | C\u00e1tedra Hunosa\",\"isPartOf\":{\"@id\":\"https:\\\/\\\/www.unioviedo.es\\\/catedrahunosa\\\/#website\"},\"primaryImageOfPage\":{\"@id\":\"https:\\\/\\\/www.unioviedo.es\\\/catedrahunosa\\\/transicion-justa-europea\\\/#primaryimage\"},\"image\":{\"@id\":\"https:\\\/\\\/www.unioviedo.es\\\/catedrahunosa\\\/transicion-justa-europea\\\/#primaryimage\"},\"thumbnailUrl\":\"https:\\\/\\\/www.unioviedo.es\\\/catedrahunosa\\\/wp-content\\\/uploads\\\/2022\\\/11\\\/Pozo-Barredo_transicion-justa.jpg\",\"datePublished\":\"2022-11-15T12:44:05+00:00\",\"dateModified\":\"2022-12-21T11:50:49+00:00\",\"breadcrumb\":{\"@id\":\"https:\\\/\\\/www.unioviedo.es\\\/catedrahunosa\\\/transicion-justa-europea\\\/#breadcrumb\"},\"inLanguage\":\"es\",\"potentialAction\":[{\"@type\":\"ReadAction\",\"target\":[\"https:\\\/\\\/www.unioviedo.es\\\/catedrahunosa\\\/transicion-justa-europea\\\/\"]}]},{\"@type\":\"ImageObject\",\"inLanguage\":\"es\",\"@id\":\"https:\\\/\\\/www.unioviedo.es\\\/catedrahunosa\\\/transicion-justa-europea\\\/#primaryimage\",\"url\":\"https:\\\/\\\/www.unioviedo.es\\\/catedrahunosa\\\/wp-content\\\/uploads\\\/2022\\\/11\\\/Pozo-Barredo_transicion-justa.jpg\",\"contentUrl\":\"https:\\\/\\\/www.unioviedo.es\\\/catedrahunosa\\\/wp-content\\\/uploads\\\/2022\\\/11\\\/Pozo-Barredo_transicion-justa.jpg\",\"width\":1200,\"height\":1600},{\"@type\":\"BreadcrumbList\",\"@id\":\"https:\\\/\\\/www.unioviedo.es\\\/catedrahunosa\\\/transicion-justa-europea\\\/#breadcrumb\",\"itemListElement\":[{\"@type\":\"ListItem\",\"position\":1,\"name\":\"Portada\",\"item\":\"https:\\\/\\\/www.unioviedo.es\\\/catedrahunosa\\\/\"},{\"@type\":\"ListItem\",\"position\":2,\"name\":\"Fondos de Transici\u00f3n Justa Europeos\"}]},{\"@type\":\"WebSite\",\"@id\":\"https:\\\/\\\/www.unioviedo.es\\\/catedrahunosa\\\/#website\",\"url\":\"https:\\\/\\\/www.unioviedo.es\\\/catedrahunosa\\\/\",\"name\":\"C\u00e1tedra Hunosa\",\"description\":\"Energ\u00edas Renovables\",\"publisher\":{\"@id\":\"https:\\\/\\\/www.unioviedo.es\\\/catedrahunosa\\\/#organization\"},\"potentialAction\":[{\"@type\":\"SearchAction\",\"target\":{\"@type\":\"EntryPoint\",\"urlTemplate\":\"https:\\\/\\\/www.unioviedo.es\\\/catedrahunosa\\\/?s={search_term_string}\"},\"query-input\":{\"@type\":\"PropertyValueSpecification\",\"valueRequired\":true,\"valueName\":\"search_term_string\"}}],\"inLanguage\":\"es\"},{\"@type\":\"Organization\",\"@id\":\"https:\\\/\\\/www.unioviedo.es\\\/catedrahunosa\\\/#organization\",\"name\":\"C\u00e1tedra Hunosa\",\"url\":\"https:\\\/\\\/www.unioviedo.es\\\/catedrahunosa\\\/\",\"logo\":{\"@type\":\"ImageObject\",\"inLanguage\":\"es\",\"@id\":\"https:\\\/\\\/www.unioviedo.es\\\/catedrahunosa\\\/#\\\/schema\\\/logo\\\/image\\\/\",\"url\":\"https:\\\/\\\/www.unioviedo.es\\\/catedrahunosa\\\/wp-content\\\/uploads\\\/2021\\\/03\\\/cropped-ISOTIPO-CATEDRA-1.png\",\"contentUrl\":\"https:\\\/\\\/www.unioviedo.es\\\/catedrahunosa\\\/wp-content\\\/uploads\\\/2021\\\/03\\\/cropped-ISOTIPO-CATEDRA-1.png\",\"width\":633,\"height\":633,\"caption\":\"C\u00e1tedra Hunosa\"},\"image\":{\"@id\":\"https:\\\/\\\/www.unioviedo.es\\\/catedrahunosa\\\/#\\\/schema\\\/logo\\\/image\\\/\"},\"sameAs\":[\"https:\\\/\\\/www.facebook.com\\\/CatedraHunosa\\\/\",\"https:\\\/\\\/www.linkedin.com\\\/company\\\/c\u00e1tedra-hunosa-universidad-de-oviedo\"]},{\"@type\":\"Person\",\"@id\":\"https:\\\/\\\/www.unioviedo.es\\\/catedrahunosa\\\/#\\\/schema\\\/person\\\/00a8552266d1031c0a7fecbd5f96ca1e\",\"name\":\"Teresa Fern\u00e1ndez\",\"image\":{\"@type\":\"ImageObject\",\"inLanguage\":\"es\",\"@id\":\"https:\\\/\\\/secure.gravatar.com\\\/avatar\\\/f9878e6d60b2e781b2f08610ad94afcb07ed556164d6a1eeaada7bee32ad7699?s=96&d=mm&r=g\",\"url\":\"https:\\\/\\\/secure.gravatar.com\\\/avatar\\\/f9878e6d60b2e781b2f08610ad94afcb07ed556164d6a1eeaada7bee32ad7699?s=96&d=mm&r=g\",\"contentUrl\":\"https:\\\/\\\/secure.gravatar.com\\\/avatar\\\/f9878e6d60b2e781b2f08610ad94afcb07ed556164d6a1eeaada7bee32ad7699?s=96&d=mm&r=g\",\"caption\":\"Teresa Fern\u00e1ndez\"},\"description\":\"Usuario corporativo para administraci\u00f3n general de la p\u00e1gina.\"}]}<\/script>\n<!-- \/ Yoast SEO plugin. -->","yoast_head_json":{"title":"Fondos de Transici\u00f3n Justa Europeos | C\u00e1tedra Hunosa","robots":{"index":"index","follow":"follow","max-snippet":"max-snippet:-1","max-image-preview":"max-image-preview:large","max-video-preview":"max-video-preview:-1"},"canonical":"https:\/\/www.unioviedo.es\/catedrahunosa\/transicion-justa-europea\/","og_locale":"es_ES","og_type":"article","og_title":"Fondos de Transici\u00f3n Justa Europeos | C\u00e1tedra Hunosa","og_description":"El 6 de Octubre visitaron las instalaciones geot\u00e9rmicas del Pozo Barredo representantes de los Fondos de Transici\u00f3n Justa Europeos. El grupo, formado por representantes de Silesia (Polonia), la Plataforma de Transici\u00f3n Justa de la Comisi\u00f3n Europea, acompa\u00f1ados por representantes de la Direcci\u00f3n General de Miner\u00eda del Principado de Asturias, la Fundaci\u00f3n Asturiana de la Energ\u00eda &hellip; Continuar leyendo \"Fondos de Transici\u00f3n Justa Europeos\"","og_url":"https:\/\/www.unioviedo.es\/catedrahunosa\/transicion-justa-europea\/","og_site_name":"C\u00e1tedra Hunosa","article_publisher":"https:\/\/www.facebook.com\/CatedraHunosa\/","article_published_time":"2022-11-15T12:44:05+00:00","article_modified_time":"2022-12-21T11:50:49+00:00","og_image":[{"width":1200,"height":1600,"url":"https:\/\/www.unioviedo.es\/catedrahunosa\/wp-content\/uploads\/2022\/11\/Pozo-Barredo_transicion-justa.jpg","type":"image\/jpeg"}],"author":"Teresa Fern\u00e1ndez","twitter_card":"summary_large_image","twitter_misc":{"Escrito por":"Teresa Fern\u00e1ndez","Tiempo de lectura":"2 minutos"},"schema":{"@context":"https:\/\/schema.org","@graph":[{"@type":"Article","@id":"https:\/\/www.unioviedo.es\/catedrahunosa\/transicion-justa-europea\/#article","isPartOf":{"@id":"https:\/\/www.unioviedo.es\/catedrahunosa\/transicion-justa-europea\/"},"author":{"name":"Teresa Fern\u00e1ndez","@id":"https:\/\/www.unioviedo.es\/catedrahunosa\/#\/schema\/person\/00a8552266d1031c0a7fecbd5f96ca1e"},"headline":"Fondos de Transici\u00f3n Justa Europeos","datePublished":"2022-11-15T12:44:05+00:00","dateModified":"2022-12-21T11:50:49+00:00","mainEntityOfPage":{"@id":"https:\/\/www.unioviedo.es\/catedrahunosa\/transicion-justa-europea\/"},"wordCount":266,"publisher":{"@id":"https:\/\/www.unioviedo.es\/catedrahunosa\/#organization"},"image":{"@id":"https:\/\/www.unioviedo.es\/catedrahunosa\/transicion-justa-europea\/#primaryimage"},"thumbnailUrl":"https:\/\/www.unioviedo.es\/catedrahunosa\/wp-content\/uploads\/2022\/11\/Pozo-Barredo_transicion-justa.jpg","articleSection":["Noticias"],"inLanguage":"es"},{"@type":"WebPage","@id":"https:\/\/www.unioviedo.es\/catedrahunosa\/transicion-justa-europea\/","url":"https:\/\/www.unioviedo.es\/catedrahunosa\/transicion-justa-europea\/","name":"Fondos de Transici\u00f3n Justa Europeos | C\u00e1tedra Hunosa","isPartOf":{"@id":"https:\/\/www.unioviedo.es\/catedrahunosa\/#website"},"primaryImageOfPage":{"@id":"https:\/\/www.unioviedo.es\/catedrahunosa\/transicion-justa-europea\/#primaryimage"},"image":{"@id":"https:\/\/www.unioviedo.es\/catedrahunosa\/transicion-justa-europea\/#primaryimage"},"thumbnailUrl":"https:\/\/www.unioviedo.es\/catedrahunosa\/wp-content\/uploads\/2022\/11\/Pozo-Barredo_transicion-justa.jpg","datePublished":"2022-11-15T12:44:05+00:00","dateModified":"2022-12-21T11:50:49+00:00","breadcrumb":{"@id":"https:\/\/www.unioviedo.es\/catedrahunosa\/transicion-justa-europea\/#breadcrumb"},"inLanguage":"es","potentialAction":[{"@type":"ReadAction","target":["https:\/\/www.unioviedo.es\/catedrahunosa\/transicion-justa-europea\/"]}]},{"@type":"ImageObject","inLanguage":"es","@id":"https:\/\/www.unioviedo.es\/catedrahunosa\/transicion-justa-europea\/#primaryimage","url":"https:\/\/www.unioviedo.es\/catedrahunosa\/wp-content\/uploads\/2022\/11\/Pozo-Barredo_transicion-justa.jpg","contentUrl":"https:\/\/www.unioviedo.es\/catedrahunosa\/wp-content\/uploads\/2022\/11\/Pozo-Barredo_transicion-justa.jpg","width":1200,"height":1600},{"@type":"BreadcrumbList","@id":"https:\/\/www.unioviedo.es\/catedrahunosa\/transicion-justa-europea\/#breadcrumb","itemListElement":[{"@type":"ListItem","position":1,"name":"Portada","item":"https:\/\/www.unioviedo.es\/catedrahunosa\/"},{"@type":"ListItem","position":2,"name":"Fondos de Transici\u00f3n Justa Europeos"}]},{"@type":"WebSite","@id":"https:\/\/www.unioviedo.es\/catedrahunosa\/#website","url":"https:\/\/www.unioviedo.es\/catedrahunosa\/","name":"C\u00e1tedra Hunosa","description":"Energ\u00edas Renovables","publisher":{"@id":"https:\/\/www.unioviedo.es\/catedrahunosa\/#organization"},"potentialAction":[{"@type":"SearchAction","target":{"@type":"EntryPoint","urlTemplate":"https:\/\/www.unioviedo.es\/catedrahunosa\/?s={search_term_string}"},"query-input":{"@type":"PropertyValueSpecification","valueRequired":true,"valueName":"search_term_string"}}],"inLanguage":"es"},{"@type":"Organization","@id":"https:\/\/www.unioviedo.es\/catedrahunosa\/#organization","name":"C\u00e1tedra Hunosa","url":"https:\/\/www.unioviedo.es\/catedrahunosa\/","logo":{"@type":"ImageObject","inLanguage":"es","@id":"https:\/\/www.unioviedo.es\/catedrahunosa\/#\/schema\/logo\/image\/","url":"https:\/\/www.unioviedo.es\/catedrahunosa\/wp-content\/uploads\/2021\/03\/cropped-ISOTIPO-CATEDRA-1.png","contentUrl":"https:\/\/www.unioviedo.es\/catedrahunosa\/wp-content\/uploads\/2021\/03\/cropped-ISOTIPO-CATEDRA-1.png","width":633,"height":633,"caption":"C\u00e1tedra Hunosa"},"image":{"@id":"https:\/\/www.unioviedo.es\/catedrahunosa\/#\/schema\/logo\/image\/"},"sameAs":["https:\/\/www.facebook.com\/CatedraHunosa\/","https:\/\/www.linkedin.com\/company\/c\u00e1tedra-hunosa-universidad-de-oviedo"]},{"@type":"Person","@id":"https:\/\/www.unioviedo.es\/catedrahunosa\/#\/schema\/person\/00a8552266d1031c0a7fecbd5f96ca1e","name":"Teresa Fern\u00e1ndez","image":{"@type":"ImageObject","inLanguage":"es","@id":"https:\/\/secure.gravatar.com\/avatar\/f9878e6d60b2e781b2f08610ad94afcb07ed556164d6a1eeaada7bee32ad7699?s=96&d=mm&r=g","url":"https:\/\/secure.gravatar.com\/avatar\/f9878e6d60b2e781b2f08610ad94afcb07ed556164d6a1eeaada7bee32ad7699?s=96&d=mm&r=g","contentUrl":"https:\/\/secure.gravatar.com\/avatar\/f9878e6d60b2e781b2f08610ad94afcb07ed556164d6a1eeaada7bee32ad7699?s=96&d=mm&r=g","caption":"Teresa Fern\u00e1ndez"},"description":"Usuario corporativo para administraci\u00f3n general de la p\u00e1gina."}]}},"_links":{"self":[{"href":"https:\/\/www.unioviedo.es\/catedrahunosa\/wp-json\/wp\/v2\/posts\/16317","targetHints":{"allow":["GET"]}}],"collection":[{"href":"https:\/\/www.unioviedo.es\/catedrahunosa\/wp-json\/wp\/v2\/posts"}],"about":[{"href":"https:\/\/www.unioviedo.es\/catedrahunosa\/wp-json\/wp\/v2\/types\/post"}],"author":[{"embeddable":true,"href":"https:\/\/www.unioviedo.es\/catedrahunosa\/wp-json\/wp\/v2\/users\/1"}],"replies":[{"embeddable":true,"href":"https:\/\/www.unioviedo.es\/catedrahunosa\/wp-json\/wp\/v2\/comments?post=16317"}],"version-history":[{"count":2,"href":"https:\/\/www.unioviedo.es\/catedrahunosa\/wp-json\/wp\/v2\/posts\/16317\/revisions"}],"predecessor-version":[{"id":16454,"href":"https:\/\/www.unioviedo.es\/catedrahunosa\/wp-json\/wp\/v2\/posts\/16317\/revisions\/16454"}],"wp:featuredmedia":[{"embeddable":true,"href":"https:\/\/www.unioviedo.es\/catedrahunosa\/wp-json\/wp\/v2\/media\/16319"}],"wp:attachment":[{"href":"https:\/\/www.unioviedo.es\/catedrahunosa\/wp-json\/wp\/v2\/media?parent=16317"}],"wp:term":[{"taxonomy":"category","embeddable":true,"href":"https:\/\/www.unioviedo.es\/catedrahunosa\/wp-json\/wp\/v2\/categories?post=16317"},{"taxonomy":"post_tag","embeddable":true,"href":"https:\/\/www.unioviedo.es\/catedrahunosa\/wp-json\/wp\/v2\/tags?post=16317"}],"curies":[{"name":"wp","href":"https:\/\/api.w.org\/{rel}","templated":true}]}}