{"id":16391,"date":"2022-12-16T13:16:29","date_gmt":"2022-12-16T12:16:29","guid":{"rendered":"https:\/\/www.unioviedo.es\/catedrahunosa\/?p=16391"},"modified":"2022-12-16T13:17:55","modified_gmt":"2022-12-16T12:17:55","slug":"colegio-san-fernando","status":"publish","type":"post","link":"https:\/\/www.unioviedo.es\/catedrahunosa\/colegio-san-fernando\/","title":{"rendered":"Recibimos al Colegio San Fernando, \u00a1repiten su visita!"},"content":{"rendered":"\n<p>Un a\u00f1o m\u00e1s contamos con la visita del <a href=\"https:\/\/www.sanfer.es\/\" target=\"_blank\" rel=\"noreferrer noopener\">Colegio Internacional San Fernando Avil\u00e9s<\/a> <\/p>\n\n\n\n<p>Adjuntamos algunas de las fotos de la visita, en la que los alumnos de 1\u00ba de Bachillerato pudieron conocer los secretos de la energ\u00eda geot\u00e9rmica que hay en nuestra regi\u00f3n asturiana gracias al Aula de la Geotermia. Acompa\u00f1aron su visita con la visita a las instalaciones del antiguo pozo minero de Barredo, para ver in situ la potencia y alcance de los<a href=\"https:\/\/www.unioviedo.es\/catedrahunosa\/index.php\/2021\/06\/21\/practicas-catedra-hunosa\/\"> 6MW <\/a>que se distribuyen.<\/p>\n\n\n\n<p>Tambi\u00e9n complementaron ma\u00f1ana en Mieres con la visita a la<a href=\"https:\/\/epm.uniovi.es\/\" target=\"_blank\" rel=\"noreferrer noopener\"> Escuela Polit\u00e9cnica de Mieres<\/a>, d\u00f3nde les recibi\u00f3 su director y conocieron los grados y salidas formativas que ofrece la Universidad de Oviedo en el Campus de Mieres para sus pr\u00f3ximas etapas formativas.<\/p>\n\n\n\n<p>Gracias a Laureano \u00c1lvarez L\u00f3pez por dejarnos tan buena recomendaci\u00f3n &#x2b50; y por contar con nosotros un a\u00f1o m\u00e1s, ya que el Colegio San Fernando repite como visitante. <\/p>\n\n\n\n<figure class=\"wp-block-gallery columns-2 is-cropped wp-block-gallery-1 is-layout-flex wp-block-gallery-is-layout-flex\"><ul class=\"blocks-gallery-grid\"><li class=\"blocks-gallery-item\"><figure><img loading=\"lazy\" decoding=\"async\" width=\"1024\" height=\"576\" src=\"https:\/\/www.unioviedo.es\/catedrahunosa\/wp-content\/uploads\/2022\/12\/visita-s-fernando-buena-1024x576.jpeg\" alt=\"colegio san fernando\" data-id=\"16397\" data-full-url=\"https:\/\/www.unioviedo.es\/catedrahunosa\/wp-content\/uploads\/2022\/12\/visita-s-fernando-buena.jpeg\" data-link=\"https:\/\/www.unioviedo.es\/catedrahunosa\/?attachment_id=16397\" class=\"wp-image-16397\" srcset=\"https:\/\/www.unioviedo.es\/catedrahunosa\/wp-content\/uploads\/2022\/12\/visita-s-fernando-buena-1024x576.jpeg 1024w, https:\/\/www.unioviedo.es\/catedrahunosa\/wp-content\/uploads\/2022\/12\/visita-s-fernando-buena-300x169.jpeg 300w, https:\/\/www.unioviedo.es\/catedrahunosa\/wp-content\/uploads\/2022\/12\/visita-s-fernando-buena-768x432.jpeg 768w, https:\/\/www.unioviedo.es\/catedrahunosa\/wp-content\/uploads\/2022\/12\/visita-s-fernando-buena-1536x864.jpeg 1536w, https:\/\/www.unioviedo.es\/catedrahunosa\/wp-content\/uploads\/2022\/12\/visita-s-fernando-buena.jpeg 1600w\" sizes=\"auto, (max-width: 706px) 89vw, (max-width: 767px) 82vw, 740px\" \/><\/figure><\/li><li class=\"blocks-gallery-item\"><figure><img loading=\"lazy\" decoding=\"async\" width=\"1024\" height=\"768\" src=\"https:\/\/www.unioviedo.es\/catedrahunosa\/wp-content\/uploads\/2022\/12\/San-fernando-6-1024x768.jpeg\" alt=\"colegio san fernando\" data-id=\"16393\" data-full-url=\"https:\/\/www.unioviedo.es\/catedrahunosa\/wp-content\/uploads\/2022\/12\/San-fernando-6.jpeg\" data-link=\"https:\/\/www.unioviedo.es\/catedrahunosa\/?attachment_id=16393\" class=\"wp-image-16393\" srcset=\"https:\/\/www.unioviedo.es\/catedrahunosa\/wp-content\/uploads\/2022\/12\/San-fernando-6-1024x768.jpeg 1024w, https:\/\/www.unioviedo.es\/catedrahunosa\/wp-content\/uploads\/2022\/12\/San-fernando-6-300x225.jpeg 300w, https:\/\/www.unioviedo.es\/catedrahunosa\/wp-content\/uploads\/2022\/12\/San-fernando-6-768x576.jpeg 768w, https:\/\/www.unioviedo.es\/catedrahunosa\/wp-content\/uploads\/2022\/12\/San-fernando-6-1536x1152.jpeg 1536w, https:\/\/www.unioviedo.es\/catedrahunosa\/wp-content\/uploads\/2022\/12\/San-fernando-6.jpeg 1945w\" sizes=\"auto, (max-width: 706px) 89vw, (max-width: 767px) 82vw, 740px\" \/><\/figure><\/li><\/ul><\/figure>\n\n\n\n<p><\/p>\n","protected":false},"excerpt":{"rendered":"<p>Un a\u00f1o m\u00e1s contamos con la visita del Colegio Internacional San Fernando Avil\u00e9s Adjuntamos algunas de las fotos de la visita, en la que los alumnos de 1\u00ba de Bachillerato pudieron conocer los secretos de la energ\u00eda geot\u00e9rmica que hay en nuestra regi\u00f3n asturiana gracias al Aula de la Geotermia. Acompa\u00f1aron su visita con la &hellip; <\/p>\n<p class=\"link-more\"><a href=\"https:\/\/www.unioviedo.es\/catedrahunosa\/colegio-san-fernando\/\" class=\"more-link\">Continuar leyendo<span class=\"screen-reader-text\"> \u00abRecibimos al Colegio San Fernando, \u00a1repiten su visita!\u00bb<\/span><\/a><\/p>\n","protected":false},"author":1,"featured_media":16392,"comment_status":"closed","ping_status":"closed","sticky":false,"template":"","format":"standard","meta":{"_monsterinsights_skip_tracking":false,"_monsterinsights_sitenote_active":false,"_monsterinsights_sitenote_note":"","_monsterinsights_sitenote_category":0,"footnotes":""},"categories":[1],"tags":[],"class_list":["post-16391","post","type-post","status-publish","format-standard","has-post-thumbnail","hentry","category-sin-categoria"],"yoast_head":"<!-- This site is optimized with the Yoast SEO plugin v27.5 - https:\/\/yoast.com\/product\/yoast-seo-wordpress\/ -->\n<title>Recibimos al Colegio San Fernando, \u00a1repiten su visita! | C\u00e1tedra Hunosa<\/title>\n<meta name=\"description\" content=\"Un a\u00f1o m\u00e1s contamos con la visita del Colegio Internacional San Fernando Avil\u00e9s al aula de la geotermia, as\u00ed como a la Escuela Polit\u00e9cnica.\" \/>\n<meta name=\"robots\" content=\"index, follow, max-snippet:-1, max-image-preview:large, max-video-preview:-1\" \/>\n<link rel=\"canonical\" href=\"https:\/\/www.unioviedo.es\/catedrahunosa\/colegio-san-fernando\/\" \/>\n<meta property=\"og:locale\" content=\"es_ES\" \/>\n<meta property=\"og:type\" content=\"article\" \/>\n<meta property=\"og:title\" content=\"Recibimos al Colegio San Fernando, \u00a1repiten su visita! | C\u00e1tedra Hunosa\" \/>\n<meta property=\"og:description\" content=\"Un a\u00f1o m\u00e1s contamos con la visita del Colegio Internacional San Fernando Avil\u00e9s al aula de la geotermia, as\u00ed como a la Escuela Polit\u00e9cnica.\" \/>\n<meta property=\"og:url\" content=\"https:\/\/www.unioviedo.es\/catedrahunosa\/colegio-san-fernando\/\" \/>\n<meta property=\"og:site_name\" content=\"C\u00e1tedra Hunosa\" \/>\n<meta property=\"article:publisher\" content=\"https:\/\/www.facebook.com\/CatedraHunosa\/\" \/>\n<meta property=\"article:published_time\" content=\"2022-12-16T12:16:29+00:00\" \/>\n<meta property=\"article:modified_time\" content=\"2022-12-16T12:17:55+00:00\" \/>\n<meta property=\"og:image\" content=\"https:\/\/www.unioviedo.es\/catedrahunosa\/wp-content\/uploads\/2022\/12\/visita-col-s-fernando-EPM.jpeg\" \/>\n\t<meta property=\"og:image:width\" content=\"800\" \/>\n\t<meta property=\"og:image:height\" content=\"800\" \/>\n\t<meta property=\"og:image:type\" content=\"image\/jpeg\" \/>\n<meta name=\"author\" content=\"Teresa Fern\u00e1ndez\" \/>\n<meta name=\"twitter:card\" content=\"summary_large_image\" \/>\n<meta name=\"twitter:label1\" content=\"Escrito por\" \/>\n\t<meta name=\"twitter:data1\" content=\"Teresa Fern\u00e1ndez\" \/>\n\t<meta name=\"twitter:label2\" content=\"Tiempo de lectura\" \/>\n\t<meta name=\"twitter:data2\" content=\"2 minutos\" \/>\n<script type=\"application\/ld+json\" class=\"yoast-schema-graph\">{\"@context\":\"https:\\\/\\\/schema.org\",\"@graph\":[{\"@type\":\"Article\",\"@id\":\"https:\\\/\\\/www.unioviedo.es\\\/catedrahunosa\\\/colegio-san-fernando\\\/#article\",\"isPartOf\":{\"@id\":\"https:\\\/\\\/www.unioviedo.es\\\/catedrahunosa\\\/colegio-san-fernando\\\/\"},\"author\":{\"name\":\"Teresa Fern\u00e1ndez\",\"@id\":\"https:\\\/\\\/www.unioviedo.es\\\/catedrahunosa\\\/#\\\/schema\\\/person\\\/00a8552266d1031c0a7fecbd5f96ca1e\"},\"headline\":\"Recibimos al Colegio San Fernando, \u00a1repiten su visita!\",\"datePublished\":\"2022-12-16T12:16:29+00:00\",\"dateModified\":\"2022-12-16T12:17:55+00:00\",\"mainEntityOfPage\":{\"@id\":\"https:\\\/\\\/www.unioviedo.es\\\/catedrahunosa\\\/colegio-san-fernando\\\/\"},\"wordCount\":173,\"publisher\":{\"@id\":\"https:\\\/\\\/www.unioviedo.es\\\/catedrahunosa\\\/#organization\"},\"image\":{\"@id\":\"https:\\\/\\\/www.unioviedo.es\\\/catedrahunosa\\\/colegio-san-fernando\\\/#primaryimage\"},\"thumbnailUrl\":\"https:\\\/\\\/www.unioviedo.es\\\/catedrahunosa\\\/wp-content\\\/uploads\\\/2022\\\/12\\\/visita-col-s-fernando-EPM.jpeg\",\"inLanguage\":\"es\"},{\"@type\":\"WebPage\",\"@id\":\"https:\\\/\\\/www.unioviedo.es\\\/catedrahunosa\\\/colegio-san-fernando\\\/\",\"url\":\"https:\\\/\\\/www.unioviedo.es\\\/catedrahunosa\\\/colegio-san-fernando\\\/\",\"name\":\"Recibimos al Colegio San Fernando, \u00a1repiten su visita! | C\u00e1tedra Hunosa\",\"isPartOf\":{\"@id\":\"https:\\\/\\\/www.unioviedo.es\\\/catedrahunosa\\\/#website\"},\"primaryImageOfPage\":{\"@id\":\"https:\\\/\\\/www.unioviedo.es\\\/catedrahunosa\\\/colegio-san-fernando\\\/#primaryimage\"},\"image\":{\"@id\":\"https:\\\/\\\/www.unioviedo.es\\\/catedrahunosa\\\/colegio-san-fernando\\\/#primaryimage\"},\"thumbnailUrl\":\"https:\\\/\\\/www.unioviedo.es\\\/catedrahunosa\\\/wp-content\\\/uploads\\\/2022\\\/12\\\/visita-col-s-fernando-EPM.jpeg\",\"datePublished\":\"2022-12-16T12:16:29+00:00\",\"dateModified\":\"2022-12-16T12:17:55+00:00\",\"description\":\"Un a\u00f1o m\u00e1s contamos con la visita del Colegio Internacional San Fernando Avil\u00e9s al aula de la geotermia, as\u00ed como a la Escuela Polit\u00e9cnica.\",\"breadcrumb\":{\"@id\":\"https:\\\/\\\/www.unioviedo.es\\\/catedrahunosa\\\/colegio-san-fernando\\\/#breadcrumb\"},\"inLanguage\":\"es\",\"potentialAction\":[{\"@type\":\"ReadAction\",\"target\":[\"https:\\\/\\\/www.unioviedo.es\\\/catedrahunosa\\\/colegio-san-fernando\\\/\"]}]},{\"@type\":\"ImageObject\",\"inLanguage\":\"es\",\"@id\":\"https:\\\/\\\/www.unioviedo.es\\\/catedrahunosa\\\/colegio-san-fernando\\\/#primaryimage\",\"url\":\"https:\\\/\\\/www.unioviedo.es\\\/catedrahunosa\\\/wp-content\\\/uploads\\\/2022\\\/12\\\/visita-col-s-fernando-EPM.jpeg\",\"contentUrl\":\"https:\\\/\\\/www.unioviedo.es\\\/catedrahunosa\\\/wp-content\\\/uploads\\\/2022\\\/12\\\/visita-col-s-fernando-EPM.jpeg\",\"width\":800,\"height\":800},{\"@type\":\"BreadcrumbList\",\"@id\":\"https:\\\/\\\/www.unioviedo.es\\\/catedrahunosa\\\/colegio-san-fernando\\\/#breadcrumb\",\"itemListElement\":[{\"@type\":\"ListItem\",\"position\":1,\"name\":\"Portada\",\"item\":\"https:\\\/\\\/www.unioviedo.es\\\/catedrahunosa\\\/\"},{\"@type\":\"ListItem\",\"position\":2,\"name\":\"Recibimos al Colegio San Fernando, \u00a1repiten su visita!\"}]},{\"@type\":\"WebSite\",\"@id\":\"https:\\\/\\\/www.unioviedo.es\\\/catedrahunosa\\\/#website\",\"url\":\"https:\\\/\\\/www.unioviedo.es\\\/catedrahunosa\\\/\",\"name\":\"C\u00e1tedra Hunosa\",\"description\":\"Energ\u00edas Renovables\",\"publisher\":{\"@id\":\"https:\\\/\\\/www.unioviedo.es\\\/catedrahunosa\\\/#organization\"},\"potentialAction\":[{\"@type\":\"SearchAction\",\"target\":{\"@type\":\"EntryPoint\",\"urlTemplate\":\"https:\\\/\\\/www.unioviedo.es\\\/catedrahunosa\\\/?s={search_term_string}\"},\"query-input\":{\"@type\":\"PropertyValueSpecification\",\"valueRequired\":true,\"valueName\":\"search_term_string\"}}],\"inLanguage\":\"es\"},{\"@type\":\"Organization\",\"@id\":\"https:\\\/\\\/www.unioviedo.es\\\/catedrahunosa\\\/#organization\",\"name\":\"C\u00e1tedra Hunosa\",\"url\":\"https:\\\/\\\/www.unioviedo.es\\\/catedrahunosa\\\/\",\"logo\":{\"@type\":\"ImageObject\",\"inLanguage\":\"es\",\"@id\":\"https:\\\/\\\/www.unioviedo.es\\\/catedrahunosa\\\/#\\\/schema\\\/logo\\\/image\\\/\",\"url\":\"https:\\\/\\\/www.unioviedo.es\\\/catedrahunosa\\\/wp-content\\\/uploads\\\/2021\\\/03\\\/cropped-ISOTIPO-CATEDRA-1.png\",\"contentUrl\":\"https:\\\/\\\/www.unioviedo.es\\\/catedrahunosa\\\/wp-content\\\/uploads\\\/2021\\\/03\\\/cropped-ISOTIPO-CATEDRA-1.png\",\"width\":633,\"height\":633,\"caption\":\"C\u00e1tedra Hunosa\"},\"image\":{\"@id\":\"https:\\\/\\\/www.unioviedo.es\\\/catedrahunosa\\\/#\\\/schema\\\/logo\\\/image\\\/\"},\"sameAs\":[\"https:\\\/\\\/www.facebook.com\\\/CatedraHunosa\\\/\",\"https:\\\/\\\/www.linkedin.com\\\/company\\\/c\u00e1tedra-hunosa-universidad-de-oviedo\"]},{\"@type\":\"Person\",\"@id\":\"https:\\\/\\\/www.unioviedo.es\\\/catedrahunosa\\\/#\\\/schema\\\/person\\\/00a8552266d1031c0a7fecbd5f96ca1e\",\"name\":\"Teresa Fern\u00e1ndez\",\"image\":{\"@type\":\"ImageObject\",\"inLanguage\":\"es\",\"@id\":\"https:\\\/\\\/secure.gravatar.com\\\/avatar\\\/f9878e6d60b2e781b2f08610ad94afcb07ed556164d6a1eeaada7bee32ad7699?s=96&d=mm&r=g\",\"url\":\"https:\\\/\\\/secure.gravatar.com\\\/avatar\\\/f9878e6d60b2e781b2f08610ad94afcb07ed556164d6a1eeaada7bee32ad7699?s=96&d=mm&r=g\",\"contentUrl\":\"https:\\\/\\\/secure.gravatar.com\\\/avatar\\\/f9878e6d60b2e781b2f08610ad94afcb07ed556164d6a1eeaada7bee32ad7699?s=96&d=mm&r=g\",\"caption\":\"Teresa Fern\u00e1ndez\"},\"description\":\"Usuario corporativo para administraci\u00f3n general de la p\u00e1gina.\"}]}<\/script>\n<!-- \/ Yoast SEO plugin. -->","yoast_head_json":{"title":"Recibimos al Colegio San Fernando, \u00a1repiten su visita! | C\u00e1tedra Hunosa","description":"Un a\u00f1o m\u00e1s contamos con la visita del Colegio Internacional San Fernando Avil\u00e9s al aula de la geotermia, as\u00ed como a la Escuela Polit\u00e9cnica.","robots":{"index":"index","follow":"follow","max-snippet":"max-snippet:-1","max-image-preview":"max-image-preview:large","max-video-preview":"max-video-preview:-1"},"canonical":"https:\/\/www.unioviedo.es\/catedrahunosa\/colegio-san-fernando\/","og_locale":"es_ES","og_type":"article","og_title":"Recibimos al Colegio San Fernando, \u00a1repiten su visita! | C\u00e1tedra Hunosa","og_description":"Un a\u00f1o m\u00e1s contamos con la visita del Colegio Internacional San Fernando Avil\u00e9s al aula de la geotermia, as\u00ed como a la Escuela Polit\u00e9cnica.","og_url":"https:\/\/www.unioviedo.es\/catedrahunosa\/colegio-san-fernando\/","og_site_name":"C\u00e1tedra Hunosa","article_publisher":"https:\/\/www.facebook.com\/CatedraHunosa\/","article_published_time":"2022-12-16T12:16:29+00:00","article_modified_time":"2022-12-16T12:17:55+00:00","og_image":[{"width":800,"height":800,"url":"https:\/\/www.unioviedo.es\/catedrahunosa\/wp-content\/uploads\/2022\/12\/visita-col-s-fernando-EPM.jpeg","type":"image\/jpeg"}],"author":"Teresa Fern\u00e1ndez","twitter_card":"summary_large_image","twitter_misc":{"Escrito por":"Teresa Fern\u00e1ndez","Tiempo de lectura":"2 minutos"},"schema":{"@context":"https:\/\/schema.org","@graph":[{"@type":"Article","@id":"https:\/\/www.unioviedo.es\/catedrahunosa\/colegio-san-fernando\/#article","isPartOf":{"@id":"https:\/\/www.unioviedo.es\/catedrahunosa\/colegio-san-fernando\/"},"author":{"name":"Teresa Fern\u00e1ndez","@id":"https:\/\/www.unioviedo.es\/catedrahunosa\/#\/schema\/person\/00a8552266d1031c0a7fecbd5f96ca1e"},"headline":"Recibimos al Colegio San Fernando, \u00a1repiten su visita!","datePublished":"2022-12-16T12:16:29+00:00","dateModified":"2022-12-16T12:17:55+00:00","mainEntityOfPage":{"@id":"https:\/\/www.unioviedo.es\/catedrahunosa\/colegio-san-fernando\/"},"wordCount":173,"publisher":{"@id":"https:\/\/www.unioviedo.es\/catedrahunosa\/#organization"},"image":{"@id":"https:\/\/www.unioviedo.es\/catedrahunosa\/colegio-san-fernando\/#primaryimage"},"thumbnailUrl":"https:\/\/www.unioviedo.es\/catedrahunosa\/wp-content\/uploads\/2022\/12\/visita-col-s-fernando-EPM.jpeg","inLanguage":"es"},{"@type":"WebPage","@id":"https:\/\/www.unioviedo.es\/catedrahunosa\/colegio-san-fernando\/","url":"https:\/\/www.unioviedo.es\/catedrahunosa\/colegio-san-fernando\/","name":"Recibimos al Colegio San Fernando, \u00a1repiten su visita! | C\u00e1tedra Hunosa","isPartOf":{"@id":"https:\/\/www.unioviedo.es\/catedrahunosa\/#website"},"primaryImageOfPage":{"@id":"https:\/\/www.unioviedo.es\/catedrahunosa\/colegio-san-fernando\/#primaryimage"},"image":{"@id":"https:\/\/www.unioviedo.es\/catedrahunosa\/colegio-san-fernando\/#primaryimage"},"thumbnailUrl":"https:\/\/www.unioviedo.es\/catedrahunosa\/wp-content\/uploads\/2022\/12\/visita-col-s-fernando-EPM.jpeg","datePublished":"2022-12-16T12:16:29+00:00","dateModified":"2022-12-16T12:17:55+00:00","description":"Un a\u00f1o m\u00e1s contamos con la visita del Colegio Internacional San Fernando Avil\u00e9s al aula de la geotermia, as\u00ed como a la Escuela Polit\u00e9cnica.","breadcrumb":{"@id":"https:\/\/www.unioviedo.es\/catedrahunosa\/colegio-san-fernando\/#breadcrumb"},"inLanguage":"es","potentialAction":[{"@type":"ReadAction","target":["https:\/\/www.unioviedo.es\/catedrahunosa\/colegio-san-fernando\/"]}]},{"@type":"ImageObject","inLanguage":"es","@id":"https:\/\/www.unioviedo.es\/catedrahunosa\/colegio-san-fernando\/#primaryimage","url":"https:\/\/www.unioviedo.es\/catedrahunosa\/wp-content\/uploads\/2022\/12\/visita-col-s-fernando-EPM.jpeg","contentUrl":"https:\/\/www.unioviedo.es\/catedrahunosa\/wp-content\/uploads\/2022\/12\/visita-col-s-fernando-EPM.jpeg","width":800,"height":800},{"@type":"BreadcrumbList","@id":"https:\/\/www.unioviedo.es\/catedrahunosa\/colegio-san-fernando\/#breadcrumb","itemListElement":[{"@type":"ListItem","position":1,"name":"Portada","item":"https:\/\/www.unioviedo.es\/catedrahunosa\/"},{"@type":"ListItem","position":2,"name":"Recibimos al Colegio San Fernando, \u00a1repiten su visita!"}]},{"@type":"WebSite","@id":"https:\/\/www.unioviedo.es\/catedrahunosa\/#website","url":"https:\/\/www.unioviedo.es\/catedrahunosa\/","name":"C\u00e1tedra Hunosa","description":"Energ\u00edas Renovables","publisher":{"@id":"https:\/\/www.unioviedo.es\/catedrahunosa\/#organization"},"potentialAction":[{"@type":"SearchAction","target":{"@type":"EntryPoint","urlTemplate":"https:\/\/www.unioviedo.es\/catedrahunosa\/?s={search_term_string}"},"query-input":{"@type":"PropertyValueSpecification","valueRequired":true,"valueName":"search_term_string"}}],"inLanguage":"es"},{"@type":"Organization","@id":"https:\/\/www.unioviedo.es\/catedrahunosa\/#organization","name":"C\u00e1tedra Hunosa","url":"https:\/\/www.unioviedo.es\/catedrahunosa\/","logo":{"@type":"ImageObject","inLanguage":"es","@id":"https:\/\/www.unioviedo.es\/catedrahunosa\/#\/schema\/logo\/image\/","url":"https:\/\/www.unioviedo.es\/catedrahunosa\/wp-content\/uploads\/2021\/03\/cropped-ISOTIPO-CATEDRA-1.png","contentUrl":"https:\/\/www.unioviedo.es\/catedrahunosa\/wp-content\/uploads\/2021\/03\/cropped-ISOTIPO-CATEDRA-1.png","width":633,"height":633,"caption":"C\u00e1tedra Hunosa"},"image":{"@id":"https:\/\/www.unioviedo.es\/catedrahunosa\/#\/schema\/logo\/image\/"},"sameAs":["https:\/\/www.facebook.com\/CatedraHunosa\/","https:\/\/www.linkedin.com\/company\/c\u00e1tedra-hunosa-universidad-de-oviedo"]},{"@type":"Person","@id":"https:\/\/www.unioviedo.es\/catedrahunosa\/#\/schema\/person\/00a8552266d1031c0a7fecbd5f96ca1e","name":"Teresa Fern\u00e1ndez","image":{"@type":"ImageObject","inLanguage":"es","@id":"https:\/\/secure.gravatar.com\/avatar\/f9878e6d60b2e781b2f08610ad94afcb07ed556164d6a1eeaada7bee32ad7699?s=96&d=mm&r=g","url":"https:\/\/secure.gravatar.com\/avatar\/f9878e6d60b2e781b2f08610ad94afcb07ed556164d6a1eeaada7bee32ad7699?s=96&d=mm&r=g","contentUrl":"https:\/\/secure.gravatar.com\/avatar\/f9878e6d60b2e781b2f08610ad94afcb07ed556164d6a1eeaada7bee32ad7699?s=96&d=mm&r=g","caption":"Teresa Fern\u00e1ndez"},"description":"Usuario corporativo para administraci\u00f3n general de la p\u00e1gina."}]}},"_links":{"self":[{"href":"https:\/\/www.unioviedo.es\/catedrahunosa\/wp-json\/wp\/v2\/posts\/16391","targetHints":{"allow":["GET"]}}],"collection":[{"href":"https:\/\/www.unioviedo.es\/catedrahunosa\/wp-json\/wp\/v2\/posts"}],"about":[{"href":"https:\/\/www.unioviedo.es\/catedrahunosa\/wp-json\/wp\/v2\/types\/post"}],"author":[{"embeddable":true,"href":"https:\/\/www.unioviedo.es\/catedrahunosa\/wp-json\/wp\/v2\/users\/1"}],"replies":[{"embeddable":true,"href":"https:\/\/www.unioviedo.es\/catedrahunosa\/wp-json\/wp\/v2\/comments?post=16391"}],"version-history":[{"count":4,"href":"https:\/\/www.unioviedo.es\/catedrahunosa\/wp-json\/wp\/v2\/posts\/16391\/revisions"}],"predecessor-version":[{"id":16403,"href":"https:\/\/www.unioviedo.es\/catedrahunosa\/wp-json\/wp\/v2\/posts\/16391\/revisions\/16403"}],"wp:featuredmedia":[{"embeddable":true,"href":"https:\/\/www.unioviedo.es\/catedrahunosa\/wp-json\/wp\/v2\/media\/16392"}],"wp:attachment":[{"href":"https:\/\/www.unioviedo.es\/catedrahunosa\/wp-json\/wp\/v2\/media?parent=16391"}],"wp:term":[{"taxonomy":"category","embeddable":true,"href":"https:\/\/www.unioviedo.es\/catedrahunosa\/wp-json\/wp\/v2\/categories?post=16391"},{"taxonomy":"post_tag","embeddable":true,"href":"https:\/\/www.unioviedo.es\/catedrahunosa\/wp-json\/wp\/v2\/tags?post=16391"}],"curies":[{"name":"wp","href":"https:\/\/api.w.org\/{rel}","templated":true}]}}