{"id":16404,"date":"2022-12-16T13:53:01","date_gmt":"2022-12-16T12:53:01","guid":{"rendered":"https:\/\/www.unioviedo.es\/catedrahunosa\/?p=16404"},"modified":"2022-12-16T13:59:04","modified_gmt":"2022-12-16T12:59:04","slug":"visita-institucional","status":"publish","type":"post","link":"https:\/\/www.unioviedo.es\/catedrahunosa\/visita-institucional\/","title":{"rendered":"Visita institucional a las instalaciones energ\u00e9ticas de Mieres"},"content":{"rendered":"\n<p>Visita institucional del secretario general de Industria y Peque\u00f1a y Mediana Empresa, Ra\u00fal Blanco, a las instalaciones del <a href=\"https:\/\/www.hunosa.es\/\" target=\"_blank\" rel=\"noreferrer noopener\">Grupo HUNOSA<\/a> en Mieres, la Central de la Pereda y la geotermia del <a href=\"https:\/\/www.unioviedo.es\/catedrahunosa\/index.php\/geotermia-agua-mina\/\" target=\"_blank\" rel=\"noreferrer noopener\">Pozo Barredo<\/a>. Acompa\u00f1ados del presidente de Hunosa, Gregorio Rabanal Martinez, el director del \u00c1rea de Industria de la Delegaci\u00f3n del Gobierno en Asturias, Gonzalo Mesa \u00c1lvarez, y otros directivos de Hunosa, pudieron conocer las instalaciones en su visita a Asturias.<\/p>\n\n\n\n<p>Tambi\u00e9n pudieron acercarse a conocer los proyectos y actividades de la C\u00e1tedra Hunosa &#8211; Universidad de Oviedo con su directora, Teresa Alonso.<\/p>\n\n\n\n<p>En palabras del SG de Industria los proyectos de HUNOSA \u00abmuestran c\u00f3mo aplicar el conocimiento acumulado con la #miner\u00eda en proyectos de energ\u00eda e industrializaci\u00f3n claves para el futuro de Asturias\u00bb.<\/p>\n\n\n\n<figure class=\"wp-block-gallery aligncenter columns-1 is-cropped wp-block-gallery-1 is-layout-flex wp-block-gallery-is-layout-flex\"><ul class=\"blocks-gallery-grid\"><li class=\"blocks-gallery-item\"><figure><img loading=\"lazy\" decoding=\"async\" width=\"1024\" height=\"576\" src=\"https:\/\/www.unioviedo.es\/catedrahunosa\/wp-content\/uploads\/2022\/12\/WhatsApp-Image-2022-11-18-at-14.04.35-1024x576.jpeg\" alt=\"institucional\" data-id=\"16406\" data-full-url=\"https:\/\/www.unioviedo.es\/catedrahunosa\/wp-content\/uploads\/2022\/12\/WhatsApp-Image-2022-11-18-at-14.04.35.jpeg\" data-link=\"https:\/\/www.unioviedo.es\/catedrahunosa\/?attachment_id=16406\" class=\"wp-image-16406\" srcset=\"https:\/\/www.unioviedo.es\/catedrahunosa\/wp-content\/uploads\/2022\/12\/WhatsApp-Image-2022-11-18-at-14.04.35-1024x576.jpeg 1024w, https:\/\/www.unioviedo.es\/catedrahunosa\/wp-content\/uploads\/2022\/12\/WhatsApp-Image-2022-11-18-at-14.04.35-300x169.jpeg 300w, https:\/\/www.unioviedo.es\/catedrahunosa\/wp-content\/uploads\/2022\/12\/WhatsApp-Image-2022-11-18-at-14.04.35-768x432.jpeg 768w, https:\/\/www.unioviedo.es\/catedrahunosa\/wp-content\/uploads\/2022\/12\/WhatsApp-Image-2022-11-18-at-14.04.35-1536x864.jpeg 1536w, https:\/\/www.unioviedo.es\/catedrahunosa\/wp-content\/uploads\/2022\/12\/WhatsApp-Image-2022-11-18-at-14.04.35.jpeg 1600w\" sizes=\"auto, (max-width: 706px) 89vw, (max-width: 767px) 82vw, 740px\" \/><\/figure><\/li><\/ul><\/figure>\n\n\n\n<p><br><\/p>\n","protected":false},"excerpt":{"rendered":"<p>Visita institucional del secretario general de Industria y Peque\u00f1a y Mediana Empresa, Ra\u00fal Blanco, a las instalaciones del Grupo HUNOSA<\/p>\n","protected":false},"author":1,"featured_media":16405,"comment_status":"closed","ping_status":"closed","sticky":false,"template":"","format":"standard","meta":{"_monsterinsights_skip_tracking":false,"_monsterinsights_sitenote_active":false,"_monsterinsights_sitenote_note":"","_monsterinsights_sitenote_category":0,"footnotes":""},"categories":[4],"tags":[],"class_list":["post-16404","post","type-post","status-publish","format-standard","has-post-thumbnail","hentry","category-noticias"],"yoast_head":"<!-- This site is optimized with the Yoast SEO plugin v27.5 - https:\/\/yoast.com\/product\/yoast-seo-wordpress\/ -->\n<title>Visita institucional Secretario General de Industria | C\u00e1tedra HUNOSA<\/title>\n<meta name=\"description\" content=\"Visita institucional del secretario general de Industria y Peque\u00f1a y Mediana Empresa, Ra\u00fal Blanco, a las instalaciones del Grupo HUNOSA\" \/>\n<meta name=\"robots\" content=\"index, follow, max-snippet:-1, max-image-preview:large, max-video-preview:-1\" \/>\n<link rel=\"canonical\" href=\"https:\/\/www.unioviedo.es\/catedrahunosa\/visita-institucional\/\" \/>\n<meta property=\"og:locale\" content=\"es_ES\" \/>\n<meta property=\"og:type\" content=\"article\" \/>\n<meta property=\"og:title\" content=\"Visita institucional Secretario General de Industria | C\u00e1tedra HUNOSA\" \/>\n<meta property=\"og:description\" content=\"Visita institucional del secretario general de Industria y Peque\u00f1a y Mediana Empresa, Ra\u00fal Blanco, a las instalaciones del Grupo HUNOSA\" \/>\n<meta property=\"og:url\" content=\"https:\/\/www.unioviedo.es\/catedrahunosa\/visita-institucional\/\" \/>\n<meta property=\"og:site_name\" content=\"C\u00e1tedra Hunosa\" \/>\n<meta property=\"article:publisher\" content=\"https:\/\/www.facebook.com\/CatedraHunosa\/\" \/>\n<meta property=\"article:published_time\" content=\"2022-12-16T12:53:01+00:00\" \/>\n<meta property=\"article:modified_time\" content=\"2022-12-16T12:59:04+00:00\" \/>\n<meta property=\"og:image\" content=\"https:\/\/www.unioviedo.es\/catedrahunosa\/wp-content\/uploads\/2022\/12\/1668806478822.jpeg\" \/>\n\t<meta property=\"og:image:width\" content=\"800\" \/>\n\t<meta property=\"og:image:height\" content=\"1066\" \/>\n\t<meta property=\"og:image:type\" content=\"image\/jpeg\" \/>\n<meta name=\"author\" content=\"Teresa Fern\u00e1ndez\" \/>\n<meta name=\"twitter:card\" content=\"summary_large_image\" \/>\n<meta name=\"twitter:label1\" content=\"Escrito por\" \/>\n\t<meta name=\"twitter:data1\" content=\"Teresa Fern\u00e1ndez\" \/>\n\t<meta name=\"twitter:label2\" content=\"Tiempo de lectura\" \/>\n\t<meta name=\"twitter:data2\" content=\"1 minuto\" \/>\n<script type=\"application\/ld+json\" class=\"yoast-schema-graph\">{\"@context\":\"https:\\\/\\\/schema.org\",\"@graph\":[{\"@type\":\"Article\",\"@id\":\"https:\\\/\\\/www.unioviedo.es\\\/catedrahunosa\\\/visita-institucional\\\/#article\",\"isPartOf\":{\"@id\":\"https:\\\/\\\/www.unioviedo.es\\\/catedrahunosa\\\/visita-institucional\\\/\"},\"author\":{\"name\":\"Teresa Fern\u00e1ndez\",\"@id\":\"https:\\\/\\\/www.unioviedo.es\\\/catedrahunosa\\\/#\\\/schema\\\/person\\\/00a8552266d1031c0a7fecbd5f96ca1e\"},\"headline\":\"Visita institucional a las instalaciones energ\u00e9ticas de Mieres\",\"datePublished\":\"2022-12-16T12:53:01+00:00\",\"dateModified\":\"2022-12-16T12:59:04+00:00\",\"mainEntityOfPage\":{\"@id\":\"https:\\\/\\\/www.unioviedo.es\\\/catedrahunosa\\\/visita-institucional\\\/\"},\"wordCount\":143,\"publisher\":{\"@id\":\"https:\\\/\\\/www.unioviedo.es\\\/catedrahunosa\\\/#organization\"},\"image\":{\"@id\":\"https:\\\/\\\/www.unioviedo.es\\\/catedrahunosa\\\/visita-institucional\\\/#primaryimage\"},\"thumbnailUrl\":\"https:\\\/\\\/www.unioviedo.es\\\/catedrahunosa\\\/wp-content\\\/uploads\\\/2022\\\/12\\\/1668806478822.jpeg\",\"articleSection\":[\"Noticias\"],\"inLanguage\":\"es\"},{\"@type\":\"WebPage\",\"@id\":\"https:\\\/\\\/www.unioviedo.es\\\/catedrahunosa\\\/visita-institucional\\\/\",\"url\":\"https:\\\/\\\/www.unioviedo.es\\\/catedrahunosa\\\/visita-institucional\\\/\",\"name\":\"Visita institucional Secretario General de Industria | C\u00e1tedra HUNOSA\",\"isPartOf\":{\"@id\":\"https:\\\/\\\/www.unioviedo.es\\\/catedrahunosa\\\/#website\"},\"primaryImageOfPage\":{\"@id\":\"https:\\\/\\\/www.unioviedo.es\\\/catedrahunosa\\\/visita-institucional\\\/#primaryimage\"},\"image\":{\"@id\":\"https:\\\/\\\/www.unioviedo.es\\\/catedrahunosa\\\/visita-institucional\\\/#primaryimage\"},\"thumbnailUrl\":\"https:\\\/\\\/www.unioviedo.es\\\/catedrahunosa\\\/wp-content\\\/uploads\\\/2022\\\/12\\\/1668806478822.jpeg\",\"datePublished\":\"2022-12-16T12:53:01+00:00\",\"dateModified\":\"2022-12-16T12:59:04+00:00\",\"description\":\"Visita institucional del secretario general de Industria y Peque\u00f1a y Mediana Empresa, Ra\u00fal Blanco, a las instalaciones del Grupo HUNOSA\",\"breadcrumb\":{\"@id\":\"https:\\\/\\\/www.unioviedo.es\\\/catedrahunosa\\\/visita-institucional\\\/#breadcrumb\"},\"inLanguage\":\"es\",\"potentialAction\":[{\"@type\":\"ReadAction\",\"target\":[\"https:\\\/\\\/www.unioviedo.es\\\/catedrahunosa\\\/visita-institucional\\\/\"]}]},{\"@type\":\"ImageObject\",\"inLanguage\":\"es\",\"@id\":\"https:\\\/\\\/www.unioviedo.es\\\/catedrahunosa\\\/visita-institucional\\\/#primaryimage\",\"url\":\"https:\\\/\\\/www.unioviedo.es\\\/catedrahunosa\\\/wp-content\\\/uploads\\\/2022\\\/12\\\/1668806478822.jpeg\",\"contentUrl\":\"https:\\\/\\\/www.unioviedo.es\\\/catedrahunosa\\\/wp-content\\\/uploads\\\/2022\\\/12\\\/1668806478822.jpeg\",\"width\":800,\"height\":1066,\"caption\":\"institucional\"},{\"@type\":\"BreadcrumbList\",\"@id\":\"https:\\\/\\\/www.unioviedo.es\\\/catedrahunosa\\\/visita-institucional\\\/#breadcrumb\",\"itemListElement\":[{\"@type\":\"ListItem\",\"position\":1,\"name\":\"Portada\",\"item\":\"https:\\\/\\\/www.unioviedo.es\\\/catedrahunosa\\\/\"},{\"@type\":\"ListItem\",\"position\":2,\"name\":\"Visita institucional a las instalaciones energ\u00e9ticas de Mieres\"}]},{\"@type\":\"WebSite\",\"@id\":\"https:\\\/\\\/www.unioviedo.es\\\/catedrahunosa\\\/#website\",\"url\":\"https:\\\/\\\/www.unioviedo.es\\\/catedrahunosa\\\/\",\"name\":\"C\u00e1tedra Hunosa\",\"description\":\"Energ\u00edas Renovables\",\"publisher\":{\"@id\":\"https:\\\/\\\/www.unioviedo.es\\\/catedrahunosa\\\/#organization\"},\"potentialAction\":[{\"@type\":\"SearchAction\",\"target\":{\"@type\":\"EntryPoint\",\"urlTemplate\":\"https:\\\/\\\/www.unioviedo.es\\\/catedrahunosa\\\/?s={search_term_string}\"},\"query-input\":{\"@type\":\"PropertyValueSpecification\",\"valueRequired\":true,\"valueName\":\"search_term_string\"}}],\"inLanguage\":\"es\"},{\"@type\":\"Organization\",\"@id\":\"https:\\\/\\\/www.unioviedo.es\\\/catedrahunosa\\\/#organization\",\"name\":\"C\u00e1tedra Hunosa\",\"url\":\"https:\\\/\\\/www.unioviedo.es\\\/catedrahunosa\\\/\",\"logo\":{\"@type\":\"ImageObject\",\"inLanguage\":\"es\",\"@id\":\"https:\\\/\\\/www.unioviedo.es\\\/catedrahunosa\\\/#\\\/schema\\\/logo\\\/image\\\/\",\"url\":\"https:\\\/\\\/www.unioviedo.es\\\/catedrahunosa\\\/wp-content\\\/uploads\\\/2021\\\/03\\\/cropped-ISOTIPO-CATEDRA-1.png\",\"contentUrl\":\"https:\\\/\\\/www.unioviedo.es\\\/catedrahunosa\\\/wp-content\\\/uploads\\\/2021\\\/03\\\/cropped-ISOTIPO-CATEDRA-1.png\",\"width\":633,\"height\":633,\"caption\":\"C\u00e1tedra Hunosa\"},\"image\":{\"@id\":\"https:\\\/\\\/www.unioviedo.es\\\/catedrahunosa\\\/#\\\/schema\\\/logo\\\/image\\\/\"},\"sameAs\":[\"https:\\\/\\\/www.facebook.com\\\/CatedraHunosa\\\/\",\"https:\\\/\\\/www.linkedin.com\\\/company\\\/c\u00e1tedra-hunosa-universidad-de-oviedo\"]},{\"@type\":\"Person\",\"@id\":\"https:\\\/\\\/www.unioviedo.es\\\/catedrahunosa\\\/#\\\/schema\\\/person\\\/00a8552266d1031c0a7fecbd5f96ca1e\",\"name\":\"Teresa Fern\u00e1ndez\",\"image\":{\"@type\":\"ImageObject\",\"inLanguage\":\"es\",\"@id\":\"https:\\\/\\\/secure.gravatar.com\\\/avatar\\\/f9878e6d60b2e781b2f08610ad94afcb07ed556164d6a1eeaada7bee32ad7699?s=96&d=mm&r=g\",\"url\":\"https:\\\/\\\/secure.gravatar.com\\\/avatar\\\/f9878e6d60b2e781b2f08610ad94afcb07ed556164d6a1eeaada7bee32ad7699?s=96&d=mm&r=g\",\"contentUrl\":\"https:\\\/\\\/secure.gravatar.com\\\/avatar\\\/f9878e6d60b2e781b2f08610ad94afcb07ed556164d6a1eeaada7bee32ad7699?s=96&d=mm&r=g\",\"caption\":\"Teresa Fern\u00e1ndez\"},\"description\":\"Usuario corporativo para administraci\u00f3n general de la p\u00e1gina.\"}]}<\/script>\n<!-- \/ Yoast SEO plugin. -->","yoast_head_json":{"title":"Visita institucional Secretario General de Industria | C\u00e1tedra HUNOSA","description":"Visita institucional del secretario general de Industria y Peque\u00f1a y Mediana Empresa, Ra\u00fal Blanco, a las instalaciones del Grupo HUNOSA","robots":{"index":"index","follow":"follow","max-snippet":"max-snippet:-1","max-image-preview":"max-image-preview:large","max-video-preview":"max-video-preview:-1"},"canonical":"https:\/\/www.unioviedo.es\/catedrahunosa\/visita-institucional\/","og_locale":"es_ES","og_type":"article","og_title":"Visita institucional Secretario General de Industria | C\u00e1tedra HUNOSA","og_description":"Visita institucional del secretario general de Industria y Peque\u00f1a y Mediana Empresa, Ra\u00fal Blanco, a las instalaciones del Grupo HUNOSA","og_url":"https:\/\/www.unioviedo.es\/catedrahunosa\/visita-institucional\/","og_site_name":"C\u00e1tedra Hunosa","article_publisher":"https:\/\/www.facebook.com\/CatedraHunosa\/","article_published_time":"2022-12-16T12:53:01+00:00","article_modified_time":"2022-12-16T12:59:04+00:00","og_image":[{"width":800,"height":1066,"url":"https:\/\/www.unioviedo.es\/catedrahunosa\/wp-content\/uploads\/2022\/12\/1668806478822.jpeg","type":"image\/jpeg"}],"author":"Teresa Fern\u00e1ndez","twitter_card":"summary_large_image","twitter_misc":{"Escrito por":"Teresa Fern\u00e1ndez","Tiempo de lectura":"1 minuto"},"schema":{"@context":"https:\/\/schema.org","@graph":[{"@type":"Article","@id":"https:\/\/www.unioviedo.es\/catedrahunosa\/visita-institucional\/#article","isPartOf":{"@id":"https:\/\/www.unioviedo.es\/catedrahunosa\/visita-institucional\/"},"author":{"name":"Teresa Fern\u00e1ndez","@id":"https:\/\/www.unioviedo.es\/catedrahunosa\/#\/schema\/person\/00a8552266d1031c0a7fecbd5f96ca1e"},"headline":"Visita institucional a las instalaciones energ\u00e9ticas de Mieres","datePublished":"2022-12-16T12:53:01+00:00","dateModified":"2022-12-16T12:59:04+00:00","mainEntityOfPage":{"@id":"https:\/\/www.unioviedo.es\/catedrahunosa\/visita-institucional\/"},"wordCount":143,"publisher":{"@id":"https:\/\/www.unioviedo.es\/catedrahunosa\/#organization"},"image":{"@id":"https:\/\/www.unioviedo.es\/catedrahunosa\/visita-institucional\/#primaryimage"},"thumbnailUrl":"https:\/\/www.unioviedo.es\/catedrahunosa\/wp-content\/uploads\/2022\/12\/1668806478822.jpeg","articleSection":["Noticias"],"inLanguage":"es"},{"@type":"WebPage","@id":"https:\/\/www.unioviedo.es\/catedrahunosa\/visita-institucional\/","url":"https:\/\/www.unioviedo.es\/catedrahunosa\/visita-institucional\/","name":"Visita institucional Secretario General de Industria | C\u00e1tedra HUNOSA","isPartOf":{"@id":"https:\/\/www.unioviedo.es\/catedrahunosa\/#website"},"primaryImageOfPage":{"@id":"https:\/\/www.unioviedo.es\/catedrahunosa\/visita-institucional\/#primaryimage"},"image":{"@id":"https:\/\/www.unioviedo.es\/catedrahunosa\/visita-institucional\/#primaryimage"},"thumbnailUrl":"https:\/\/www.unioviedo.es\/catedrahunosa\/wp-content\/uploads\/2022\/12\/1668806478822.jpeg","datePublished":"2022-12-16T12:53:01+00:00","dateModified":"2022-12-16T12:59:04+00:00","description":"Visita institucional del secretario general de Industria y Peque\u00f1a y Mediana Empresa, Ra\u00fal Blanco, a las instalaciones del Grupo HUNOSA","breadcrumb":{"@id":"https:\/\/www.unioviedo.es\/catedrahunosa\/visita-institucional\/#breadcrumb"},"inLanguage":"es","potentialAction":[{"@type":"ReadAction","target":["https:\/\/www.unioviedo.es\/catedrahunosa\/visita-institucional\/"]}]},{"@type":"ImageObject","inLanguage":"es","@id":"https:\/\/www.unioviedo.es\/catedrahunosa\/visita-institucional\/#primaryimage","url":"https:\/\/www.unioviedo.es\/catedrahunosa\/wp-content\/uploads\/2022\/12\/1668806478822.jpeg","contentUrl":"https:\/\/www.unioviedo.es\/catedrahunosa\/wp-content\/uploads\/2022\/12\/1668806478822.jpeg","width":800,"height":1066,"caption":"institucional"},{"@type":"BreadcrumbList","@id":"https:\/\/www.unioviedo.es\/catedrahunosa\/visita-institucional\/#breadcrumb","itemListElement":[{"@type":"ListItem","position":1,"name":"Portada","item":"https:\/\/www.unioviedo.es\/catedrahunosa\/"},{"@type":"ListItem","position":2,"name":"Visita institucional a las instalaciones energ\u00e9ticas de Mieres"}]},{"@type":"WebSite","@id":"https:\/\/www.unioviedo.es\/catedrahunosa\/#website","url":"https:\/\/www.unioviedo.es\/catedrahunosa\/","name":"C\u00e1tedra Hunosa","description":"Energ\u00edas Renovables","publisher":{"@id":"https:\/\/www.unioviedo.es\/catedrahunosa\/#organization"},"potentialAction":[{"@type":"SearchAction","target":{"@type":"EntryPoint","urlTemplate":"https:\/\/www.unioviedo.es\/catedrahunosa\/?s={search_term_string}"},"query-input":{"@type":"PropertyValueSpecification","valueRequired":true,"valueName":"search_term_string"}}],"inLanguage":"es"},{"@type":"Organization","@id":"https:\/\/www.unioviedo.es\/catedrahunosa\/#organization","name":"C\u00e1tedra Hunosa","url":"https:\/\/www.unioviedo.es\/catedrahunosa\/","logo":{"@type":"ImageObject","inLanguage":"es","@id":"https:\/\/www.unioviedo.es\/catedrahunosa\/#\/schema\/logo\/image\/","url":"https:\/\/www.unioviedo.es\/catedrahunosa\/wp-content\/uploads\/2021\/03\/cropped-ISOTIPO-CATEDRA-1.png","contentUrl":"https:\/\/www.unioviedo.es\/catedrahunosa\/wp-content\/uploads\/2021\/03\/cropped-ISOTIPO-CATEDRA-1.png","width":633,"height":633,"caption":"C\u00e1tedra Hunosa"},"image":{"@id":"https:\/\/www.unioviedo.es\/catedrahunosa\/#\/schema\/logo\/image\/"},"sameAs":["https:\/\/www.facebook.com\/CatedraHunosa\/","https:\/\/www.linkedin.com\/company\/c\u00e1tedra-hunosa-universidad-de-oviedo"]},{"@type":"Person","@id":"https:\/\/www.unioviedo.es\/catedrahunosa\/#\/schema\/person\/00a8552266d1031c0a7fecbd5f96ca1e","name":"Teresa Fern\u00e1ndez","image":{"@type":"ImageObject","inLanguage":"es","@id":"https:\/\/secure.gravatar.com\/avatar\/f9878e6d60b2e781b2f08610ad94afcb07ed556164d6a1eeaada7bee32ad7699?s=96&d=mm&r=g","url":"https:\/\/secure.gravatar.com\/avatar\/f9878e6d60b2e781b2f08610ad94afcb07ed556164d6a1eeaada7bee32ad7699?s=96&d=mm&r=g","contentUrl":"https:\/\/secure.gravatar.com\/avatar\/f9878e6d60b2e781b2f08610ad94afcb07ed556164d6a1eeaada7bee32ad7699?s=96&d=mm&r=g","caption":"Teresa Fern\u00e1ndez"},"description":"Usuario corporativo para administraci\u00f3n general de la p\u00e1gina."}]}},"_links":{"self":[{"href":"https:\/\/www.unioviedo.es\/catedrahunosa\/wp-json\/wp\/v2\/posts\/16404","targetHints":{"allow":["GET"]}}],"collection":[{"href":"https:\/\/www.unioviedo.es\/catedrahunosa\/wp-json\/wp\/v2\/posts"}],"about":[{"href":"https:\/\/www.unioviedo.es\/catedrahunosa\/wp-json\/wp\/v2\/types\/post"}],"author":[{"embeddable":true,"href":"https:\/\/www.unioviedo.es\/catedrahunosa\/wp-json\/wp\/v2\/users\/1"}],"replies":[{"embeddable":true,"href":"https:\/\/www.unioviedo.es\/catedrahunosa\/wp-json\/wp\/v2\/comments?post=16404"}],"version-history":[{"count":5,"href":"https:\/\/www.unioviedo.es\/catedrahunosa\/wp-json\/wp\/v2\/posts\/16404\/revisions"}],"predecessor-version":[{"id":16412,"href":"https:\/\/www.unioviedo.es\/catedrahunosa\/wp-json\/wp\/v2\/posts\/16404\/revisions\/16412"}],"wp:featuredmedia":[{"embeddable":true,"href":"https:\/\/www.unioviedo.es\/catedrahunosa\/wp-json\/wp\/v2\/media\/16405"}],"wp:attachment":[{"href":"https:\/\/www.unioviedo.es\/catedrahunosa\/wp-json\/wp\/v2\/media?parent=16404"}],"wp:term":[{"taxonomy":"category","embeddable":true,"href":"https:\/\/www.unioviedo.es\/catedrahunosa\/wp-json\/wp\/v2\/categories?post=16404"},{"taxonomy":"post_tag","embeddable":true,"href":"https:\/\/www.unioviedo.es\/catedrahunosa\/wp-json\/wp\/v2\/tags?post=16404"}],"curies":[{"name":"wp","href":"https:\/\/api.w.org\/{rel}","templated":true}]}}