{"id":16438,"date":"2022-12-19T12:45:35","date_gmt":"2022-12-19T11:45:35","guid":{"rendered":"https:\/\/www.unioviedo.es\/catedrahunosa\/?p=16438"},"modified":"2022-12-19T12:45:36","modified_gmt":"2022-12-19T11:45:36","slug":"jornada-catedras","status":"publish","type":"post","link":"https:\/\/www.unioviedo.es\/catedrahunosa\/jornada-catedras\/","title":{"rendered":"La C\u00e1tedra HUNOSA presente en las IV Jornadas de encuentro"},"content":{"rendered":"\n<h3 class=\"has-vivid-cyan-blue-color has-text-color wp-block-heading\"><br>IV Jornada de C\u00e1tedras Institucionales y de Empresa de la Universidad de Oviedo<\/h3>\n\n\n\n<p>El Vicerrectorado de Transferencia y Relaciones con la Empresa organiz\u00f3 la IV Jornada de C\u00e1tedras Institucionales y de Empresa, que tuvo lugar la ma\u00f1ana del 14 de diciembre en el Aula Magna del Edificio Hist\u00f3rico de la Universidad. En esta jornada se muestran los resultados de la colaboraci\u00f3n entre las entidades promotoras de las c\u00e1tedras y la Universidad, as\u00ed como su contribuci\u00f3n a la sociedad en diferentes \u00e1mbitos. <\/p>\n\n\n\n<p>\u00abEs un instrumento flexible, novedoso. Ganamos todos porque permite que la empresa llegue a la Universidad y que en la Universidad lleguemos a las empresas\u00bb, indicaba Bego\u00f1a Cueto, vicerrectora de Transferencia y Relaciones con la empresa. <\/p>\n\n\n\n<p>Desde la C\u00e1tedra Hunosa aplaudimos la colaboraci\u00f3n entre la universidad y las empresas como medio de colaboraci\u00f3n estrat\u00e9gica entre ambas. A trav\u00e9s del perfil <a href=\"https:\/\/www.linkedin.com\/company\/talentuoviedo\/\">TalentUO<\/a> se fomentar\u00e1 el contacto entre las instituciones con el alumnado. <\/p>\n\n\n\n<p>La\u00a0<a href=\"https:\/\/www.linkedin.com\/company\/catedrahunosa\/\">C\u00e1tedra Hunosa &#8211; Universidad de Oviedo<\/a>\u00a0es una de las m\u00e1s antiguas de la Universidad, habi\u00e9ndose fundado en el a\u00f1o 2009. Actualmente la cifra de c\u00e1tedras de empresa llega a 40 y estamos seguros que seguir\u00e1 creciendo . Os invitamos a conocer nuestros objetivos y proyectos en <a href=\"https:\/\/www.unioviedo.es\/catedrahunosa\/\" target=\"_blank\" rel=\"noreferrer noopener\">nuestra web<\/a><\/p>\n\n\n\n<p>Agradecemos la organizaci\u00f3n del evento y de nuestros colaboradores\u00a0<a href=\"https:\/\/www.linkedin.com\/company\/grupohunosa\/\">Grupo HUNOSA<\/a>\u00a0as\u00ed como a la\u00a0<a href=\"https:\/\/www.linkedin.com\/company\/fundaci%C3%B3n-universidad-de-oviedo-fuo-\/\">Fundaci\u00f3n Universidad de Oviedo (FUO)<\/a>\u00a0por su ayuda inigualable con la gesti\u00f3n de la C\u00e1tedra.<\/p>\n\n\n\n<h3 class=\"has-vivid-cyan-blue-color has-text-color wp-block-heading\">Programa<\/h3>\n\n\n\n<p>9:00-9:10: Inauguraci\u00f3n Institucional<br>\u2022 D. Ignacio Villaverde Men\u00e9ndez (Rector de la Universidad de Oviedo)<br>\u2022 D\u00f1a. Cristina Gonz\u00e1lez Mor\u00e1n (Directora General de Universidad, Consejer\u00eda de Ciencia, Innovaci\u00f3n y Universidad del Principado de Asturias)<br>\u2022 D. Bego\u00f1a Cueto Iglesias (Vicerrectora de Transferencia y Relaciones con la Empresa)<\/p>\n\n\n\n<p><br>9:10\u20139:25: El Modelo de C\u00e1tedra Institucional y de Empresa en el contexto de las colaboraciones p\u00fablicoprivadas.<br>\u2022 D. Javier S\u00e1enz de Jubera (Presidente de Total Energies)<\/p>\n\n\n\n<p><br>9:25-9:45: Transferencia de conocimiento y herramientas de Colaboraci\u00f3n P\u00fablico-Privada<br>\u2022 D. Jaime Fern\u00e1ndez Cuesta (Responsable del \u00c1rea de I+D+i Empresarial, IDEPA)<br><\/p>\n\n\n\n<p>9.45-10.00: Retos de la Colaboraci\u00f3n entre sectores p\u00fablico y privado en el \u00e1mbito de la Inteligencia Artificial<br>\u2022 D. Antonio Bahamonde (Catedr\u00e1tico de Universidad del \u00e1rea de Ciencias de la Computaci\u00f3n e Inteligencia Artificial de la Universidad de Oviedo)<\/p>\n\n\n\n<p>Mesa redonda 10:00-10:45<br>\u2022 D. Bego\u00f1a Cueto Iglesias (Vicerrectora de Transferencia y Relaciones con la Empresa)<br>\u2022 D. Jaime Fern\u00e1ndez Cuesta (Responsable del \u00c1rea de I+D+i Empresarial, IDEPA)<br>\u2022 D. Antonio Bahamonde (Catedr\u00e1tico de Universidad del \u00e1rea de Ciencias de la Computaci\u00f3n e Inteligencia Artificial de la Universidad de Oviedo)<\/p>\n\n\n\n<p>10:45 \u2013 11:15 Caf\u00e9 \u2013 Networking<\/p>\n\n\n\n<p><\/p>\n\n\n\n<p><\/p>\n\n\n\n<p><\/p>\n\n\n\n<ul class=\"wp-block-list\"><li><strong>Noticia<\/strong> LNE <a href=\"https:\/\/www.lne.es\/asturias\/2022\/12\/15\/cuarenta-catedras-avalan-cooperacion-alza-79983688.html\" target=\"_blank\" rel=\"noreferrer noopener\">\u00abCuarenta c\u00e1tedras avalan la cooperaci\u00f3n al alza entre la Universidad y las empresas\u00bb  <\/a><\/li><\/ul>\n","protected":false},"excerpt":{"rendered":"<p>IV Jornada de C\u00e1tedras Institucionales y de Empresa de la Universidad de Oviedo El Vicerrectorado de Transferencia y Relaciones con la Empresa organiz\u00f3 la IV Jornada de C\u00e1tedras Institucionales y de Empresa, que tuvo lugar la ma\u00f1ana del 14 de diciembre en el Aula Magna del Edificio Hist\u00f3rico de la Universidad. En esta jornada se &hellip; <\/p>\n<p class=\"link-more\"><a href=\"https:\/\/www.unioviedo.es\/catedrahunosa\/jornada-catedras\/\" class=\"more-link\">Continuar leyendo<span class=\"screen-reader-text\"> \u00abLa C\u00e1tedra HUNOSA presente en las IV Jornadas de encuentro\u00bb<\/span><\/a><\/p>\n","protected":false},"author":1,"featured_media":16439,"comment_status":"closed","ping_status":"closed","sticky":false,"template":"","format":"standard","meta":{"_monsterinsights_skip_tracking":false,"_monsterinsights_sitenote_active":false,"_monsterinsights_sitenote_note":"","_monsterinsights_sitenote_category":0,"footnotes":""},"categories":[4],"tags":[],"class_list":["post-16438","post","type-post","status-publish","format-standard","has-post-thumbnail","hentry","category-noticias"],"yoast_head":"<!-- This site is optimized with the Yoast SEO plugin v27.5 - https:\/\/yoast.com\/product\/yoast-seo-wordpress\/ -->\n<title>IV Jornada C\u00e1tedras Institucionales y de Empresa | C\u00e1tedra Hunosa<\/title>\n<meta name=\"description\" content=\"El 14 de diciembre tuvo lugar la IV jornada de encuentro de las C\u00e1tedras Institucionales y de Empresa de la Universidad de Oviedo\" \/>\n<meta name=\"robots\" content=\"index, follow, max-snippet:-1, max-image-preview:large, max-video-preview:-1\" \/>\n<link rel=\"canonical\" href=\"https:\/\/www.unioviedo.es\/catedrahunosa\/jornada-catedras\/\" \/>\n<meta property=\"og:locale\" content=\"es_ES\" \/>\n<meta property=\"og:type\" content=\"article\" \/>\n<meta property=\"og:title\" content=\"IV Jornada C\u00e1tedras Institucionales y de Empresa | C\u00e1tedra Hunosa\" \/>\n<meta property=\"og:description\" content=\"El 14 de diciembre tuvo lugar la IV jornada de encuentro de las C\u00e1tedras Institucionales y de Empresa de la Universidad de Oviedo\" \/>\n<meta property=\"og:url\" content=\"https:\/\/www.unioviedo.es\/catedrahunosa\/jornada-catedras\/\" \/>\n<meta property=\"og:site_name\" content=\"C\u00e1tedra Hunosa\" \/>\n<meta property=\"article:publisher\" content=\"https:\/\/www.facebook.com\/CatedraHunosa\/\" \/>\n<meta property=\"article:published_time\" content=\"2022-12-19T11:45:35+00:00\" \/>\n<meta property=\"article:modified_time\" content=\"2022-12-19T11:45:36+00:00\" \/>\n<meta property=\"og:image\" content=\"https:\/\/www.unioviedo.es\/catedrahunosa\/wp-content\/uploads\/2022\/12\/jornada-catedras-22.png\" \/>\n\t<meta property=\"og:image:width\" content=\"1282\" \/>\n\t<meta property=\"og:image:height\" content=\"548\" \/>\n\t<meta property=\"og:image:type\" content=\"image\/png\" \/>\n<meta name=\"author\" content=\"Teresa Fern\u00e1ndez\" \/>\n<meta name=\"twitter:card\" content=\"summary_large_image\" \/>\n<meta name=\"twitter:label1\" content=\"Escrito por\" \/>\n\t<meta name=\"twitter:data1\" content=\"Teresa Fern\u00e1ndez\" \/>\n\t<meta name=\"twitter:label2\" content=\"Tiempo de lectura\" \/>\n\t<meta name=\"twitter:data2\" content=\"2 minutos\" \/>\n<script type=\"application\/ld+json\" class=\"yoast-schema-graph\">{\"@context\":\"https:\\\/\\\/schema.org\",\"@graph\":[{\"@type\":\"Article\",\"@id\":\"https:\\\/\\\/www.unioviedo.es\\\/catedrahunosa\\\/jornada-catedras\\\/#article\",\"isPartOf\":{\"@id\":\"https:\\\/\\\/www.unioviedo.es\\\/catedrahunosa\\\/jornada-catedras\\\/\"},\"author\":{\"name\":\"Teresa Fern\u00e1ndez\",\"@id\":\"https:\\\/\\\/www.unioviedo.es\\\/catedrahunosa\\\/#\\\/schema\\\/person\\\/00a8552266d1031c0a7fecbd5f96ca1e\"},\"headline\":\"La C\u00e1tedra HUNOSA presente en las IV Jornadas de encuentro\",\"datePublished\":\"2022-12-19T11:45:35+00:00\",\"dateModified\":\"2022-12-19T11:45:36+00:00\",\"mainEntityOfPage\":{\"@id\":\"https:\\\/\\\/www.unioviedo.es\\\/catedrahunosa\\\/jornada-catedras\\\/\"},\"wordCount\":479,\"publisher\":{\"@id\":\"https:\\\/\\\/www.unioviedo.es\\\/catedrahunosa\\\/#organization\"},\"image\":{\"@id\":\"https:\\\/\\\/www.unioviedo.es\\\/catedrahunosa\\\/jornada-catedras\\\/#primaryimage\"},\"thumbnailUrl\":\"https:\\\/\\\/www.unioviedo.es\\\/catedrahunosa\\\/wp-content\\\/uploads\\\/2022\\\/12\\\/jornada-catedras-22.png\",\"articleSection\":[\"Noticias\"],\"inLanguage\":\"es\"},{\"@type\":\"WebPage\",\"@id\":\"https:\\\/\\\/www.unioviedo.es\\\/catedrahunosa\\\/jornada-catedras\\\/\",\"url\":\"https:\\\/\\\/www.unioviedo.es\\\/catedrahunosa\\\/jornada-catedras\\\/\",\"name\":\"IV Jornada C\u00e1tedras Institucionales y de Empresa | C\u00e1tedra Hunosa\",\"isPartOf\":{\"@id\":\"https:\\\/\\\/www.unioviedo.es\\\/catedrahunosa\\\/#website\"},\"primaryImageOfPage\":{\"@id\":\"https:\\\/\\\/www.unioviedo.es\\\/catedrahunosa\\\/jornada-catedras\\\/#primaryimage\"},\"image\":{\"@id\":\"https:\\\/\\\/www.unioviedo.es\\\/catedrahunosa\\\/jornada-catedras\\\/#primaryimage\"},\"thumbnailUrl\":\"https:\\\/\\\/www.unioviedo.es\\\/catedrahunosa\\\/wp-content\\\/uploads\\\/2022\\\/12\\\/jornada-catedras-22.png\",\"datePublished\":\"2022-12-19T11:45:35+00:00\",\"dateModified\":\"2022-12-19T11:45:36+00:00\",\"description\":\"El 14 de diciembre tuvo lugar la IV jornada de encuentro de las C\u00e1tedras Institucionales y de Empresa de la Universidad de Oviedo\",\"breadcrumb\":{\"@id\":\"https:\\\/\\\/www.unioviedo.es\\\/catedrahunosa\\\/jornada-catedras\\\/#breadcrumb\"},\"inLanguage\":\"es\",\"potentialAction\":[{\"@type\":\"ReadAction\",\"target\":[\"https:\\\/\\\/www.unioviedo.es\\\/catedrahunosa\\\/jornada-catedras\\\/\"]}]},{\"@type\":\"ImageObject\",\"inLanguage\":\"es\",\"@id\":\"https:\\\/\\\/www.unioviedo.es\\\/catedrahunosa\\\/jornada-catedras\\\/#primaryimage\",\"url\":\"https:\\\/\\\/www.unioviedo.es\\\/catedrahunosa\\\/wp-content\\\/uploads\\\/2022\\\/12\\\/jornada-catedras-22.png\",\"contentUrl\":\"https:\\\/\\\/www.unioviedo.es\\\/catedrahunosa\\\/wp-content\\\/uploads\\\/2022\\\/12\\\/jornada-catedras-22.png\",\"width\":1282,\"height\":548,\"caption\":\"jornada c\u00e1tedras 22\"},{\"@type\":\"BreadcrumbList\",\"@id\":\"https:\\\/\\\/www.unioviedo.es\\\/catedrahunosa\\\/jornada-catedras\\\/#breadcrumb\",\"itemListElement\":[{\"@type\":\"ListItem\",\"position\":1,\"name\":\"Portada\",\"item\":\"https:\\\/\\\/www.unioviedo.es\\\/catedrahunosa\\\/\"},{\"@type\":\"ListItem\",\"position\":2,\"name\":\"La C\u00e1tedra HUNOSA presente en las IV Jornadas de encuentro\"}]},{\"@type\":\"WebSite\",\"@id\":\"https:\\\/\\\/www.unioviedo.es\\\/catedrahunosa\\\/#website\",\"url\":\"https:\\\/\\\/www.unioviedo.es\\\/catedrahunosa\\\/\",\"name\":\"C\u00e1tedra Hunosa\",\"description\":\"Energ\u00edas Renovables\",\"publisher\":{\"@id\":\"https:\\\/\\\/www.unioviedo.es\\\/catedrahunosa\\\/#organization\"},\"potentialAction\":[{\"@type\":\"SearchAction\",\"target\":{\"@type\":\"EntryPoint\",\"urlTemplate\":\"https:\\\/\\\/www.unioviedo.es\\\/catedrahunosa\\\/?s={search_term_string}\"},\"query-input\":{\"@type\":\"PropertyValueSpecification\",\"valueRequired\":true,\"valueName\":\"search_term_string\"}}],\"inLanguage\":\"es\"},{\"@type\":\"Organization\",\"@id\":\"https:\\\/\\\/www.unioviedo.es\\\/catedrahunosa\\\/#organization\",\"name\":\"C\u00e1tedra Hunosa\",\"url\":\"https:\\\/\\\/www.unioviedo.es\\\/catedrahunosa\\\/\",\"logo\":{\"@type\":\"ImageObject\",\"inLanguage\":\"es\",\"@id\":\"https:\\\/\\\/www.unioviedo.es\\\/catedrahunosa\\\/#\\\/schema\\\/logo\\\/image\\\/\",\"url\":\"https:\\\/\\\/www.unioviedo.es\\\/catedrahunosa\\\/wp-content\\\/uploads\\\/2021\\\/03\\\/cropped-ISOTIPO-CATEDRA-1.png\",\"contentUrl\":\"https:\\\/\\\/www.unioviedo.es\\\/catedrahunosa\\\/wp-content\\\/uploads\\\/2021\\\/03\\\/cropped-ISOTIPO-CATEDRA-1.png\",\"width\":633,\"height\":633,\"caption\":\"C\u00e1tedra Hunosa\"},\"image\":{\"@id\":\"https:\\\/\\\/www.unioviedo.es\\\/catedrahunosa\\\/#\\\/schema\\\/logo\\\/image\\\/\"},\"sameAs\":[\"https:\\\/\\\/www.facebook.com\\\/CatedraHunosa\\\/\",\"https:\\\/\\\/www.linkedin.com\\\/company\\\/c\u00e1tedra-hunosa-universidad-de-oviedo\"]},{\"@type\":\"Person\",\"@id\":\"https:\\\/\\\/www.unioviedo.es\\\/catedrahunosa\\\/#\\\/schema\\\/person\\\/00a8552266d1031c0a7fecbd5f96ca1e\",\"name\":\"Teresa Fern\u00e1ndez\",\"image\":{\"@type\":\"ImageObject\",\"inLanguage\":\"es\",\"@id\":\"https:\\\/\\\/secure.gravatar.com\\\/avatar\\\/f9878e6d60b2e781b2f08610ad94afcb07ed556164d6a1eeaada7bee32ad7699?s=96&d=mm&r=g\",\"url\":\"https:\\\/\\\/secure.gravatar.com\\\/avatar\\\/f9878e6d60b2e781b2f08610ad94afcb07ed556164d6a1eeaada7bee32ad7699?s=96&d=mm&r=g\",\"contentUrl\":\"https:\\\/\\\/secure.gravatar.com\\\/avatar\\\/f9878e6d60b2e781b2f08610ad94afcb07ed556164d6a1eeaada7bee32ad7699?s=96&d=mm&r=g\",\"caption\":\"Teresa Fern\u00e1ndez\"},\"description\":\"Usuario corporativo para administraci\u00f3n general de la p\u00e1gina.\"}]}<\/script>\n<!-- \/ Yoast SEO plugin. -->","yoast_head_json":{"title":"IV Jornada C\u00e1tedras Institucionales y de Empresa | C\u00e1tedra Hunosa","description":"El 14 de diciembre tuvo lugar la IV jornada de encuentro de las C\u00e1tedras Institucionales y de Empresa de la Universidad de Oviedo","robots":{"index":"index","follow":"follow","max-snippet":"max-snippet:-1","max-image-preview":"max-image-preview:large","max-video-preview":"max-video-preview:-1"},"canonical":"https:\/\/www.unioviedo.es\/catedrahunosa\/jornada-catedras\/","og_locale":"es_ES","og_type":"article","og_title":"IV Jornada C\u00e1tedras Institucionales y de Empresa | C\u00e1tedra Hunosa","og_description":"El 14 de diciembre tuvo lugar la IV jornada de encuentro de las C\u00e1tedras Institucionales y de Empresa de la Universidad de Oviedo","og_url":"https:\/\/www.unioviedo.es\/catedrahunosa\/jornada-catedras\/","og_site_name":"C\u00e1tedra Hunosa","article_publisher":"https:\/\/www.facebook.com\/CatedraHunosa\/","article_published_time":"2022-12-19T11:45:35+00:00","article_modified_time":"2022-12-19T11:45:36+00:00","og_image":[{"width":1282,"height":548,"url":"https:\/\/www.unioviedo.es\/catedrahunosa\/wp-content\/uploads\/2022\/12\/jornada-catedras-22.png","type":"image\/png"}],"author":"Teresa Fern\u00e1ndez","twitter_card":"summary_large_image","twitter_misc":{"Escrito por":"Teresa Fern\u00e1ndez","Tiempo de lectura":"2 minutos"},"schema":{"@context":"https:\/\/schema.org","@graph":[{"@type":"Article","@id":"https:\/\/www.unioviedo.es\/catedrahunosa\/jornada-catedras\/#article","isPartOf":{"@id":"https:\/\/www.unioviedo.es\/catedrahunosa\/jornada-catedras\/"},"author":{"name":"Teresa Fern\u00e1ndez","@id":"https:\/\/www.unioviedo.es\/catedrahunosa\/#\/schema\/person\/00a8552266d1031c0a7fecbd5f96ca1e"},"headline":"La C\u00e1tedra HUNOSA presente en las IV Jornadas de encuentro","datePublished":"2022-12-19T11:45:35+00:00","dateModified":"2022-12-19T11:45:36+00:00","mainEntityOfPage":{"@id":"https:\/\/www.unioviedo.es\/catedrahunosa\/jornada-catedras\/"},"wordCount":479,"publisher":{"@id":"https:\/\/www.unioviedo.es\/catedrahunosa\/#organization"},"image":{"@id":"https:\/\/www.unioviedo.es\/catedrahunosa\/jornada-catedras\/#primaryimage"},"thumbnailUrl":"https:\/\/www.unioviedo.es\/catedrahunosa\/wp-content\/uploads\/2022\/12\/jornada-catedras-22.png","articleSection":["Noticias"],"inLanguage":"es"},{"@type":"WebPage","@id":"https:\/\/www.unioviedo.es\/catedrahunosa\/jornada-catedras\/","url":"https:\/\/www.unioviedo.es\/catedrahunosa\/jornada-catedras\/","name":"IV Jornada C\u00e1tedras Institucionales y de Empresa | C\u00e1tedra Hunosa","isPartOf":{"@id":"https:\/\/www.unioviedo.es\/catedrahunosa\/#website"},"primaryImageOfPage":{"@id":"https:\/\/www.unioviedo.es\/catedrahunosa\/jornada-catedras\/#primaryimage"},"image":{"@id":"https:\/\/www.unioviedo.es\/catedrahunosa\/jornada-catedras\/#primaryimage"},"thumbnailUrl":"https:\/\/www.unioviedo.es\/catedrahunosa\/wp-content\/uploads\/2022\/12\/jornada-catedras-22.png","datePublished":"2022-12-19T11:45:35+00:00","dateModified":"2022-12-19T11:45:36+00:00","description":"El 14 de diciembre tuvo lugar la IV jornada de encuentro de las C\u00e1tedras Institucionales y de Empresa de la Universidad de Oviedo","breadcrumb":{"@id":"https:\/\/www.unioviedo.es\/catedrahunosa\/jornada-catedras\/#breadcrumb"},"inLanguage":"es","potentialAction":[{"@type":"ReadAction","target":["https:\/\/www.unioviedo.es\/catedrahunosa\/jornada-catedras\/"]}]},{"@type":"ImageObject","inLanguage":"es","@id":"https:\/\/www.unioviedo.es\/catedrahunosa\/jornada-catedras\/#primaryimage","url":"https:\/\/www.unioviedo.es\/catedrahunosa\/wp-content\/uploads\/2022\/12\/jornada-catedras-22.png","contentUrl":"https:\/\/www.unioviedo.es\/catedrahunosa\/wp-content\/uploads\/2022\/12\/jornada-catedras-22.png","width":1282,"height":548,"caption":"jornada c\u00e1tedras 22"},{"@type":"BreadcrumbList","@id":"https:\/\/www.unioviedo.es\/catedrahunosa\/jornada-catedras\/#breadcrumb","itemListElement":[{"@type":"ListItem","position":1,"name":"Portada","item":"https:\/\/www.unioviedo.es\/catedrahunosa\/"},{"@type":"ListItem","position":2,"name":"La C\u00e1tedra HUNOSA presente en las IV Jornadas de encuentro"}]},{"@type":"WebSite","@id":"https:\/\/www.unioviedo.es\/catedrahunosa\/#website","url":"https:\/\/www.unioviedo.es\/catedrahunosa\/","name":"C\u00e1tedra Hunosa","description":"Energ\u00edas Renovables","publisher":{"@id":"https:\/\/www.unioviedo.es\/catedrahunosa\/#organization"},"potentialAction":[{"@type":"SearchAction","target":{"@type":"EntryPoint","urlTemplate":"https:\/\/www.unioviedo.es\/catedrahunosa\/?s={search_term_string}"},"query-input":{"@type":"PropertyValueSpecification","valueRequired":true,"valueName":"search_term_string"}}],"inLanguage":"es"},{"@type":"Organization","@id":"https:\/\/www.unioviedo.es\/catedrahunosa\/#organization","name":"C\u00e1tedra Hunosa","url":"https:\/\/www.unioviedo.es\/catedrahunosa\/","logo":{"@type":"ImageObject","inLanguage":"es","@id":"https:\/\/www.unioviedo.es\/catedrahunosa\/#\/schema\/logo\/image\/","url":"https:\/\/www.unioviedo.es\/catedrahunosa\/wp-content\/uploads\/2021\/03\/cropped-ISOTIPO-CATEDRA-1.png","contentUrl":"https:\/\/www.unioviedo.es\/catedrahunosa\/wp-content\/uploads\/2021\/03\/cropped-ISOTIPO-CATEDRA-1.png","width":633,"height":633,"caption":"C\u00e1tedra Hunosa"},"image":{"@id":"https:\/\/www.unioviedo.es\/catedrahunosa\/#\/schema\/logo\/image\/"},"sameAs":["https:\/\/www.facebook.com\/CatedraHunosa\/","https:\/\/www.linkedin.com\/company\/c\u00e1tedra-hunosa-universidad-de-oviedo"]},{"@type":"Person","@id":"https:\/\/www.unioviedo.es\/catedrahunosa\/#\/schema\/person\/00a8552266d1031c0a7fecbd5f96ca1e","name":"Teresa Fern\u00e1ndez","image":{"@type":"ImageObject","inLanguage":"es","@id":"https:\/\/secure.gravatar.com\/avatar\/f9878e6d60b2e781b2f08610ad94afcb07ed556164d6a1eeaada7bee32ad7699?s=96&d=mm&r=g","url":"https:\/\/secure.gravatar.com\/avatar\/f9878e6d60b2e781b2f08610ad94afcb07ed556164d6a1eeaada7bee32ad7699?s=96&d=mm&r=g","contentUrl":"https:\/\/secure.gravatar.com\/avatar\/f9878e6d60b2e781b2f08610ad94afcb07ed556164d6a1eeaada7bee32ad7699?s=96&d=mm&r=g","caption":"Teresa Fern\u00e1ndez"},"description":"Usuario corporativo para administraci\u00f3n general de la p\u00e1gina."}]}},"_links":{"self":[{"href":"https:\/\/www.unioviedo.es\/catedrahunosa\/wp-json\/wp\/v2\/posts\/16438","targetHints":{"allow":["GET"]}}],"collection":[{"href":"https:\/\/www.unioviedo.es\/catedrahunosa\/wp-json\/wp\/v2\/posts"}],"about":[{"href":"https:\/\/www.unioviedo.es\/catedrahunosa\/wp-json\/wp\/v2\/types\/post"}],"author":[{"embeddable":true,"href":"https:\/\/www.unioviedo.es\/catedrahunosa\/wp-json\/wp\/v2\/users\/1"}],"replies":[{"embeddable":true,"href":"https:\/\/www.unioviedo.es\/catedrahunosa\/wp-json\/wp\/v2\/comments?post=16438"}],"version-history":[{"count":5,"href":"https:\/\/www.unioviedo.es\/catedrahunosa\/wp-json\/wp\/v2\/posts\/16438\/revisions"}],"predecessor-version":[{"id":16444,"href":"https:\/\/www.unioviedo.es\/catedrahunosa\/wp-json\/wp\/v2\/posts\/16438\/revisions\/16444"}],"wp:featuredmedia":[{"embeddable":true,"href":"https:\/\/www.unioviedo.es\/catedrahunosa\/wp-json\/wp\/v2\/media\/16439"}],"wp:attachment":[{"href":"https:\/\/www.unioviedo.es\/catedrahunosa\/wp-json\/wp\/v2\/media?parent=16438"}],"wp:term":[{"taxonomy":"category","embeddable":true,"href":"https:\/\/www.unioviedo.es\/catedrahunosa\/wp-json\/wp\/v2\/categories?post=16438"},{"taxonomy":"post_tag","embeddable":true,"href":"https:\/\/www.unioviedo.es\/catedrahunosa\/wp-json\/wp\/v2\/tags?post=16438"}],"curies":[{"name":"wp","href":"https:\/\/api.w.org\/{rel}","templated":true}]}}