{"id":4892,"date":"2025-07-07T11:50:02","date_gmt":"2025-07-07T09:50:02","guid":{"rendered":"https:\/\/www.unioviedo.es\/ccuniovi\/?p=4892"},"modified":"2025-07-25T09:17:02","modified_gmt":"2025-07-25T07:17:02","slug":"jornada-de-presentacion-del-programa-de-formacion-permanente-en-ciberseguridad","status":"publish","type":"post","link":"https:\/\/www.unioviedo.es\/ccuniovi\/jornada-de-presentacion-del-programa-de-formacion-permanente-en-ciberseguridad\/","title":{"rendered":"Jornada de Presentaci\u00f3n del Programa de Formaci\u00f3n Permanente en Ciberseguridad"},"content":{"rendered":"<p style=\"font-weight: 400;\">El pr\u00f3ximo <strong>lunes, 14 de julio, de 10:00 a 12:30 horas, el Aula Magna del Edificio Hist\u00f3rico de la Universidad de Oviedo<\/strong> (Calle San Francisco 3, 33003, Oviedo), acoger\u00e1 una <a href=\"https:\/\/www.unioviedo.es\/ccuniovi\/jpc_2025\/\"><strong>Jornada de Presentaci\u00f3n del Programa de Formaci\u00f3n Permanente en Ciberseguridad<\/strong><\/a>, al que tenemos el placer de invitarte. Se presentar\u00e1 la oferta de trece microcredenciales universitarias, financiadas por la <strong>C\u00e1tedra Internacional de Ciberseguridad e Inteligencia Artificial Universidad de Oviedo-INCIBE<\/strong>, con el apoyo del\u00a0<strong>Instituto Nacional de Ciberseguridad (INCIBE)<\/strong>, dependiente del Ministerio para la Transformaci\u00f3n Digital y de la Funci\u00f3n P\u00fablica a trav\u00e9s de la Secretar\u00eda de Estado de Telecomunicaciones e Infraestructuras Digitales.<\/p>\n<p style=\"font-weight: 400;\">Estas formaciones, de car\u00e1cter altamente especializado y corta duraci\u00f3n, permitir\u00e1n a profesionales y estudiantes acceder a contenidos actualizados y directamente aplicables en \u00e1reas clave como el an\u00e1lisis forense, la seguridad ofensiva, el desarrollo seguro o la gesti\u00f3n del riesgo digital. Este bloque formativo est\u00e1 incluido en el programa de C\u00e1tedras de Ciberseguridad en Espa\u00f1a, en el marco del <strong>Plan de Recuperaci\u00f3n, Transformaci\u00f3n y Resiliencia<\/strong>, con la financiaci\u00f3n de los Fondos NexGenerationEU.<\/p>\n<p style=\"font-weight: 400;\">El acto contar\u00e1 con la presencia de representantes institucionales, expertos del sector, responsables acad\u00e9micos, como el profesor Jos\u00e9 Manuel Redondo, y agentes claves del ecosistema digital asturiano, entre ellos el <strong>Cl\u00faster TIC de Asturias<\/strong> y el <strong>Colegio Oficial de Ingenieros en Inform\u00e1tica del Principado de Asturias (COIIPA)<\/strong>, entidades colaboradoras en el desarrollo y difusi\u00f3n de esta iniciativa formativa.<\/p>\n<p>M\u00e1s informaci\u00f3n en <a href=\"https:\/\/www.unioviedo.es\/ccuniovi\/jpc_2025\/\">https:\/\/www.unioviedo.es\/ccuniovi\/jpc_2025\/<\/a><\/p>\n","protected":false},"excerpt":{"rendered":"<p>El pr\u00f3ximo lunes, 14 de julio, de 10:00 a 12:30 horas, el Aula Magna del Edificio Hist\u00f3rico de la Universidad de Oviedo (Calle San Francisco 3, 33003, Oviedo), acoger\u00e1 una Jornada de Presentaci\u00f3n del Programa de Formaci\u00f3n Permanente en Ciberseguridad, al que tenemos el placer de invitarte. Se presentar\u00e1 la<\/p>\n","protected":false},"author":1,"featured_media":0,"comment_status":"open","ping_status":"open","sticky":false,"template":"","format":"standard","meta":{"footnotes":""},"categories":[1],"tags":[],"class_list":["post-4892","post","type-post","status-publish","format-standard","hentry","category-sin-categoria"],"_links":{"self":[{"href":"https:\/\/www.unioviedo.es\/ccuniovi\/wp-json\/wp\/v2\/posts\/4892","targetHints":{"allow":["GET"]}}],"collection":[{"href":"https:\/\/www.unioviedo.es\/ccuniovi\/wp-json\/wp\/v2\/posts"}],"about":[{"href":"https:\/\/www.unioviedo.es\/ccuniovi\/wp-json\/wp\/v2\/types\/post"}],"author":[{"embeddable":true,"href":"https:\/\/www.unioviedo.es\/ccuniovi\/wp-json\/wp\/v2\/users\/1"}],"replies":[{"embeddable":true,"href":"https:\/\/www.unioviedo.es\/ccuniovi\/wp-json\/wp\/v2\/comments?post=4892"}],"version-history":[{"count":5,"href":"https:\/\/www.unioviedo.es\/ccuniovi\/wp-json\/wp\/v2\/posts\/4892\/revisions"}],"predecessor-version":[{"id":4951,"href":"https:\/\/www.unioviedo.es\/ccuniovi\/wp-json\/wp\/v2\/posts\/4892\/revisions\/4951"}],"wp:attachment":[{"href":"https:\/\/www.unioviedo.es\/ccuniovi\/wp-json\/wp\/v2\/media?parent=4892"}],"wp:term":[{"taxonomy":"category","embeddable":true,"href":"https:\/\/www.unioviedo.es\/ccuniovi\/wp-json\/wp\/v2\/categories?post=4892"},{"taxonomy":"post_tag","embeddable":true,"href":"https:\/\/www.unioviedo.es\/ccuniovi\/wp-json\/wp\/v2\/tags?post=4892"}],"curies":[{"name":"wp","href":"https:\/\/api.w.org\/{rel}","templated":true}]}}