{"id":5053,"date":"2025-11-12T12:15:48","date_gmt":"2025-11-12T11:15:48","guid":{"rendered":"https:\/\/www.unioviedo.es\/ccuniovi\/?p=5053"},"modified":"2025-11-24T12:02:23","modified_gmt":"2025-11-24T11:02:23","slug":"ciclo-de-charlas-sobre-ciberseguridad","status":"publish","type":"post","link":"https:\/\/www.unioviedo.es\/ccuniovi\/ciclo-de-charlas-sobre-ciberseguridad\/","title":{"rendered":"Ciclo de charlas sobre Ciberseguridad"},"content":{"rendered":"\t\t<div data-elementor-type=\"wp-post\" data-elementor-id=\"5053\" class=\"elementor elementor-5053\">\n\t\t\t\t\t\t<section class=\"elementor-section elementor-top-section elementor-element elementor-element-342bfbd8 elementor-section-boxed elementor-section-height-default elementor-section-height-default\" data-id=\"342bfbd8\" data-element_type=\"section\">\n\t\t\t\t\t\t<div class=\"elementor-container elementor-column-gap-default\">\n\t\t\t\t\t<div class=\"elementor-column elementor-col-100 elementor-top-column elementor-element elementor-element-349bdb5a\" data-id=\"349bdb5a\" data-element_type=\"column\">\n\t\t\t<div class=\"elementor-widget-wrap elementor-element-populated\">\n\t\t\t\t\t\t<div class=\"elementor-element elementor-element-7d72e612 elementor-widget elementor-widget-text-editor\" data-id=\"7d72e612\" data-element_type=\"widget\" data-widget_type=\"text-editor.default\">\n\t\t\t\t<div class=\"elementor-widget-container\">\n\t\t\t\t\t\t\t<p data-start=\"380\" data-end=\"752\">La\u00a0<strong data-start=\"383\" data-end=\"466\">C\u00e1tedra de Ciberseguridad e Inteligencia Artificial de la Universidad de Oviedo e INCIBE<\/strong>, en el marco de las actividades financiadas por el\u00a0<strong>PRTR \u00a0\u2013 Next Generation EU<\/strong>, organiza en colaboraci\u00f3n con ClusterTIC Asturias un\u00a0<strong data-start=\"616\" data-end=\"675\">Ciclo de Conferencias Divulgativas sobre Ciberseguridad<\/strong>, que se celebrar\u00e1 durante las pr\u00f3ximas semanas.\u00a0Este ciclo tiene como objetivo\u00a0<strong data-start=\"785\" data-end=\"846\">acercar el conocimiento y la cultura de la ciberseguridad<\/strong>\u00a0a la comunidad universitaria y a otros colectivos formativos, promoviendo la sensibilizaci\u00f3n, la formaci\u00f3n y la colaboraci\u00f3n entre la universidad y el sector empresarial. A lo largo de\u00a0<strong data-start=\"1033\" data-end=\"1057\">varias<\/strong><strong data-start=\"1033\" data-end=\"1057\">\u00a0sesiones<\/strong>, expertos procedentes del \u00e1mbito acad\u00e9mico, empresarial e institucional abordar\u00e1n temas clave como la\u00a0<strong data-start=\"1160\" data-end=\"1181\">identidad digital<\/strong>, la\u00a0<strong data-start=\"1186\" data-end=\"1233\">protecci\u00f3n de datos personales y privacidad<\/strong>, las\u00a0<strong data-start=\"1239\" data-end=\"1262\">amenazas emergentes<\/strong>, el\u00a0<strong data-start=\"1267\" data-end=\"1293\">cumplimiento normativo<\/strong>\u00a0o la\u00a0<strong data-start=\"1299\" data-end=\"1334\">protecci\u00f3n de activos digitales<\/strong>.<\/p><hr \/><h4 data-start=\"380\" data-end=\"752\">Conferencias programadas:<\/h4><ul><li data-start=\"1339\" data-end=\"1376\"><p style=\"font-weight: 400;\"><span style=\"color: #993300;\"><strong>M\u00e1s All\u00e1 de la Ciberseguridad: Construyendo Organizaciones Ciber Resilientes.<\/strong><\/span><\/p><ul><li data-start=\"1339\" data-end=\"1376\"><div><b>Jueves, 13 de noviembre, a las 12:00h<\/b><\/div><\/li><li data-start=\"1339\" data-end=\"1376\">Centro de Servicios Universitarios de Avil\u00e9s (c\/ La Ferrer\u00eda, 7-9 33402 AVILES)<\/li><li data-start=\"1339\" data-end=\"1376\"><b><a href=\"https:\/\/www.linkedin.com\/in\/pabloblancoantuna\/\">Pablo Blanco Antu\u00f1a,<\/a><\/b> director de Sistemas y Ciberseguridad de <a href=\"https:\/\/www.linkedin.com\/company\/futuver\/\" target=\"_self\"><b>FUTUVER GRUPO<\/b><\/a><\/li><li data-start=\"1339\" data-end=\"1376\">No es obligatoria la inscripci\u00f3n, pero para los que quieran inscribirse pueden hacerlo aqu\u00ed: <a href=\"https:\/\/forms.gle\/x27eVid7HUry2xkC6\">https:\/\/forms.gle\/x27eVid7HUry2xkC6<\/a><\/li><\/ul><\/li><\/ul><hr \/><ul><li><b style=\"color: #993300; font-size: 18px;\">M\u00e1s ENS y NIS2 sin CyberITAM: \u00a1Misi\u00f3n Imposible!<\/b><\/li><li style=\"list-style-type: none;\"><ul><li data-start=\"1339\" data-end=\"1376\"><div><b>Viernes, 14 de noviembre, a las 12:00h<\/b><\/div><\/li><li data-start=\"1339\" data-end=\"1376\">\u00a0Sala de Juntas del Aulario Sur de la <strong>Escuela Polit\u00e9cnica de Ingenier\u00eda de Gij\u00f3n<\/strong><\/li><li data-start=\"1339\" data-end=\"1376\"><strong>Alejandro Castro<\/strong>, CPO, director de producto de <strong>Proactivanet.<\/strong><\/li><li data-start=\"1339\" data-end=\"1376\">No es obligatoria la inscripci\u00f3n, pero para los que quieran inscribirse pueden hacerlo aqu\u00ed: <a href=\"https:\/\/forms.gle\/QEZfnVEfSuyq3UGY8\">https:\/\/forms.gle\/QEZfnVEfSuyq3UGY8<\/a><\/li><\/ul><\/li><\/ul><hr \/><ul><li><span style=\"color: #993300;\"><b>Inteligencia de Amenazas en Acci\u00f3n, de los Datos a la Protecci\u00f3n<\/b><\/span><ul><li><div><b>Lunes 17 de noviembre, a las 12:30h,<\/b><\/div><\/li><li><div><b><\/b>Aula 03 del Aulario 1, <strong>Facultad de Econom\u00eda y Empresa de la Universidad de Oviedo<\/strong><\/div><\/li><li><strong>Pablo Cuesta,<\/strong> SOC &amp; Threat Hunter Engineer en <a href=\"https:\/\/www.linkedin.com\/company\/dsm-firmenich\/\" target=\"_self\"><b>dsm-firmenich<\/b><\/a><\/li><li><div><span style=\"font-size: 18px;\">No es obligatoria la inscripci\u00f3n, pero para los que quieran inscribirse pueden hacerlo aqu\u00ed: <\/span><a style=\"font-size: 18px;\" href=\"https:\/\/forms.gle\/d46yBjFhAMPF4fLd6\">https:\/\/forms.gle\/d46yBjFhAMPF4fLd6<\/a><\/div><\/li><\/ul><\/li><\/ul><ul style=\"font-weight: 400;\"><li><span style=\"color: #993300;\"><strong>La importancia del talento en escenarios digitales apocal\u00edpticos<\/strong><\/span><ul><li><strong>Viernes 21 de noviembre, a las 12:30h<\/strong>.<\/li><li><strong>Aula Escalonada Edifico Hist\u00f3rico<\/strong> Universidad de Oviedo.<\/li><li><strong>Xabier Mitxelena,<\/strong> presidente AEI Cyberlur, presidente Cybasque, fundador y CEO de CYBERTIX.<\/li><li><strong>No es obligatoria la inscripci\u00f3n, pero para los que quieran inscribirse pueden hacerlo aqu\u00ed:<\/strong> <a href=\"https:\/\/urldefense.com\/v3\/__https:\/\/forms.gle\/C9RA4B6j7p73q7yY8__;!!D9dNQwwGXtA!U80pL3Mr1rWZrNilA4q_o6HENs2bZ5J1ogeE5z_qd25IQIngsyva8qHIyDqnbZN1F3h95LXn58Wu8Co157RV_-7_B5s_$\" data-outlook-id=\"5d8e830a-475b-4a59-bf77-fa15c925f756\">https:\/\/forms.gle\/C9RA4B6j7p73q7yY8<\/a><\/li><\/ul><\/li><\/ul><ul style=\"font-weight: 400;\"><li><span style=\"color: #993300;\"><strong>Identidad Digital Autogestionada: Tu identidad bajo tu control<\/strong><\/span><ul><li><strong>Mi\u00e9rcoles 26 de noviembre, a las 12:00h<\/strong>.<\/li><li><strong>Sal\u00f3n de Actos Edificio de Investigaci\u00f3n &#8211; Escuela Polit\u00e9cnica de Mieres.<\/strong><\/li><li><strong>Daniel Chasco Aristimu\u00f1o<\/strong>, Director de Inetum Technologies \u2013 Asturias | CyL.<\/li><li><strong>No es obligatoria la inscripci\u00f3n, pero para los que quieran inscribirse pueden hacerlo aqu\u00ed<\/strong>: <a href=\"https:\/\/urldefense.com\/v3\/__https:\/\/forms.gle\/ZzFBhnrZsbGkdLMW6__;!!D9dNQwwGXtA!U80pL3Mr1rWZrNilA4q_o6HENs2bZ5J1ogeE5z_qd25IQIngsyva8qHIyDqnbZN1F3h95LXn58Wu8Co157RV__74MMoc$\" data-outlook-id=\"ccb58bf6-09bb-42cd-ba04-4998f770882b\">https:\/\/forms.gle\/ZzFBhnrZsbGkdLMW6<\/a><\/li><\/ul><\/li><\/ul><ul style=\"font-weight: 400;\"><li><span style=\"color: #993300;\"><strong>Hackea tu Futuro \u00bfQu\u00e9 perfiles profesionales nos interesan a las empresas de ciberseguridad?<\/strong><\/span><ul><li><strong>Jueves 27 de noviembre, a las 12:00h<\/strong>.<\/li><li><strong>Sala de Juntas Aulario Sur de la EPI Gij\u00f3n.<\/strong><\/li><li><strong>Angel A. Nu\u00f1ez<\/strong>, CSO-CISO de Hack by Security.<\/li><li><strong>No es obligatoria la inscripci\u00f3n, pero para los que quieran inscribirse pueden hacerlo aqu\u00ed<\/strong>: <a href=\"https:\/\/urldefense.com\/v3\/__https:\/\/forms.gle\/opiSyg76j4xqKeqn7__;!!D9dNQwwGXtA!U80pL3Mr1rWZrNilA4q_o6HENs2bZ5J1ogeE5z_qd25IQIngsyva8qHIyDqnbZN1F3h95LXn58Wu8Co157RV_zy6Lntp$\" data-outlook-id=\"758992f6-123f-407c-9ed6-22af38b2a32b\">https:\/\/forms.gle\/opiSyg76j4xqKeqn7<\/a><\/li><\/ul><\/li><\/ul><ul style=\"font-weight: 400;\"><li><span style=\"color: #993300;\"><strong>Hackeando cerebros: ingenier\u00eda social y manipulaci\u00f3n digital<\/strong><\/span><ul style=\"font-weight: 400;\"><li><strong>Mi\u00e9rcoles 10 de diciembre, a las 12:00h.<\/strong><\/li><li><strong>Sal\u00f3n de Actos Escuela de Ingenier\u00eda Inform\u00e1tica, Oviedo<\/strong>.<\/li><li><strong>Juan Manuel Rodr\u00edguez Cueto<\/strong>, Responsable de Ciberseguridad de ASAC.<\/li><li><strong>No es obligatoria la inscripci\u00f3n, pero para los que quieran inscribirse pueden hacerlo aqu\u00ed<\/strong>: <a href=\"https:\/\/urldefense.com\/v3\/__https:\/\/forms.gle\/GdpLjGuVda4STdsF8__;!!D9dNQwwGXtA!U80pL3Mr1rWZrNilA4q_o6HENs2bZ5J1ogeE5z_qd25IQIngsyva8qHIyDqnbZN1F3h95LXn58Wu8Co157RV_6p6NpGl$\" data-outlook-id=\"41b82066-4cb5-44b3-b3ed-528d0d7253d1\">https:\/\/forms.gle\/GdpLjGuVda4STdsF8<\/a><\/li><\/ul><\/li><\/ul><hr \/><p data-start=\"1339\" data-end=\"1376\">Las conferencias estar\u00e1n orientadas a p\u00fablico en general, y son de especial inter\u00e9s para estudiantado universitarios de todas las ramas, especialmente de ciencias, ingenier\u00eda y ciencias jur\u00eddico-sociales; personal docente, investigador y t\u00e9cnico, de gesti\u00f3n y administraci\u00f3n (PDI y PTGAS) de la Universidad as\u00ed como estudiantado de Formaci\u00f3n Profesional y de programas de formaci\u00f3n continua interesados en la materia.\u00a0<\/p>\t\t\t\t\t\t<\/div>\n\t\t\t\t<\/div>\n\t\t\t\t\t<\/div>\n\t\t<\/div>\n\t\t\t\t\t<\/div>\n\t\t<\/section>\n\t\t\t\t<section class=\"elementor-section elementor-top-section elementor-element elementor-element-11773f7 elementor-section-boxed elementor-section-height-default elementor-section-height-default\" data-id=\"11773f7\" data-element_type=\"section\">\n\t\t\t\t\t\t<div class=\"elementor-container elementor-column-gap-default\">\n\t\t\t\t\t<div class=\"elementor-column elementor-col-100 elementor-top-column elementor-element elementor-element-9961e17\" data-id=\"9961e17\" data-element_type=\"column\">\n\t\t\t<div class=\"elementor-widget-wrap elementor-element-populated\">\n\t\t\t\t\t\t<div class=\"elementor-element elementor-element-e91e62a elementor-widget elementor-widget-image\" data-id=\"e91e62a\" data-element_type=\"widget\" data-widget_type=\"image.default\">\n\t\t\t\t<div class=\"elementor-widget-container\">\n\t\t\t\t\t\t\t\t\t\t\t\t\t<img fetchpriority=\"high\" decoding=\"async\" width=\"1024\" height=\"84\" src=\"https:\/\/www.unioviedo.es\/ccuniovi\/wp-content\/uploads\/2025\/07\/2025Logos-1024x84.png\" class=\"attachment-large size-large wp-image-4905\" alt=\"\" srcset=\"https:\/\/www.unioviedo.es\/ccuniovi\/wp-content\/uploads\/2025\/07\/2025Logos-1024x84.png 1024w, https:\/\/www.unioviedo.es\/ccuniovi\/wp-content\/uploads\/2025\/07\/2025Logos-300x25.png 300w, https:\/\/www.unioviedo.es\/ccuniovi\/wp-content\/uploads\/2025\/07\/2025Logos-768x63.png 768w, https:\/\/www.unioviedo.es\/ccuniovi\/wp-content\/uploads\/2025\/07\/2025Logos-1536x126.png 1536w, https:\/\/www.unioviedo.es\/ccuniovi\/wp-content\/uploads\/2025\/07\/2025Logos-2048x168.png 2048w\" sizes=\"(max-width: 1024px) 100vw, 1024px\" \/>\t\t\t\t\t\t\t\t\t\t\t\t\t<\/div>\n\t\t\t\t<\/div>\n\t\t\t\t\t<\/div>\n\t\t<\/div>\n\t\t\t\t\t<\/div>\n\t\t<\/section>\n\t\t\t\t<\/div>\n\t\t","protected":false},"excerpt":{"rendered":"<p>La\u00a0C\u00e1tedra de Ciberseguridad e Inteligencia Artificial de la Universidad de Oviedo e INCIBE, en el marco de las actividades financiadas por el\u00a0PRTR \u00a0\u2013 Next Generation EU, organiza en colaboraci\u00f3n con ClusterTIC Asturias un\u00a0Ciclo de Conferencias Divulgativas sobre Ciberseguridad, que se celebrar\u00e1 durante las pr\u00f3ximas semanas.\u00a0Este ciclo tiene como objetivo\u00a0acercar el<\/p>\n","protected":false},"author":1,"featured_media":0,"comment_status":"open","ping_status":"open","sticky":false,"template":"","format":"standard","meta":{"footnotes":""},"categories":[1],"tags":[],"class_list":["post-5053","post","type-post","status-publish","format-standard","hentry","category-sin-categoria"],"_links":{"self":[{"href":"https:\/\/www.unioviedo.es\/ccuniovi\/wp-json\/wp\/v2\/posts\/5053","targetHints":{"allow":["GET"]}}],"collection":[{"href":"https:\/\/www.unioviedo.es\/ccuniovi\/wp-json\/wp\/v2\/posts"}],"about":[{"href":"https:\/\/www.unioviedo.es\/ccuniovi\/wp-json\/wp\/v2\/types\/post"}],"author":[{"embeddable":true,"href":"https:\/\/www.unioviedo.es\/ccuniovi\/wp-json\/wp\/v2\/users\/1"}],"replies":[{"embeddable":true,"href":"https:\/\/www.unioviedo.es\/ccuniovi\/wp-json\/wp\/v2\/comments?post=5053"}],"version-history":[{"count":23,"href":"https:\/\/www.unioviedo.es\/ccuniovi\/wp-json\/wp\/v2\/posts\/5053\/revisions"}],"predecessor-version":[{"id":5200,"href":"https:\/\/www.unioviedo.es\/ccuniovi\/wp-json\/wp\/v2\/posts\/5053\/revisions\/5200"}],"wp:attachment":[{"href":"https:\/\/www.unioviedo.es\/ccuniovi\/wp-json\/wp\/v2\/media?parent=5053"}],"wp:term":[{"taxonomy":"category","embeddable":true,"href":"https:\/\/www.unioviedo.es\/ccuniovi\/wp-json\/wp\/v2\/categories?post=5053"},{"taxonomy":"post_tag","embeddable":true,"href":"https:\/\/www.unioviedo.es\/ccuniovi\/wp-json\/wp\/v2\/tags?post=5053"}],"curies":[{"name":"wp","href":"https:\/\/api.w.org\/{rel}","templated":true}]}}