{"id":405,"date":"2024-07-03T08:18:15","date_gmt":"2024-07-03T08:18:15","guid":{"rendered":"https:\/\/www.unioviedo.es\/cecodet\/?p=405"},"modified":"2024-07-03T08:18:15","modified_gmt":"2024-07-03T08:18:15","slug":"comienza-el-cgi-sela-2024","status":"publish","type":"post","link":"https:\/\/www.unioviedo.es\/cecodet\/index.php\/2024\/07\/03\/comienza-el-cgi-sela-2024\/","title":{"rendered":"Comienza el CGI Sela 2024"},"content":{"rendered":"\n<p>El 2 de julio arranc\u00f3 desde Xomezana Riba el CGI Sela 2024. Hasta el d\u00eda 5, m\u00e1s de treinta participantes recorrer\u00e1n a pie el entorno de las Ubi\u00f1as para profundizar en el conocimiento del territorio y su historia. Seguir\u00e1n as\u00ed los pasos de Francisco Giner, Aniceto Sela y Bartolom\u00e9 Coss\u00edo, quienes, hace 140 a\u00f1os, anduvieron esos mismos lugares y sentaron las bases de la Extensi\u00f3n Universitaria, esa gran aportaci\u00f3n educativa de la Universidad de  Oviedo. <\/p>\n\n\n\n<figure class=\"wp-block-image size-large\"><img fetchpriority=\"high\" decoding=\"async\" width=\"2048\" height=\"864\" src=\"https:\/\/www.unioviedo.es\/cecodet\/wp-content\/uploads\/2024\/07\/Arranque-CGI-2024-edited.jpg\" alt=\"\" class=\"wp-image-407\" srcset=\"https:\/\/www.unioviedo.es\/cecodet\/wp-content\/uploads\/2024\/07\/Arranque-CGI-2024-edited.jpg 2048w, https:\/\/www.unioviedo.es\/cecodet\/wp-content\/uploads\/2024\/07\/Arranque-CGI-2024-edited-1536x648.jpg 1536w\" sizes=\"(max-width: 767px) 89vw, (max-width: 1000px) 54vw, (max-width: 1071px) 543px, 580px\" \/><\/figure>\n","protected":false},"excerpt":{"rendered":"<p>El 2 de julio arranc\u00f3 desde Xomezana Riba el CGI Sela 2024. Hasta el d\u00eda 5, m\u00e1s de treinta participantes recorrer\u00e1n a pie el entorno de las Ubi\u00f1as para profundizar en el conocimiento del territorio y su historia. Seguir\u00e1n as\u00ed los pasos de Francisco Giner, Aniceto Sela y Bartolom\u00e9 Coss\u00edo, quienes, hace 140 a\u00f1os, anduvieron &hellip; <\/p>\n<p class=\"link-more\"><a href=\"https:\/\/www.unioviedo.es\/cecodet\/index.php\/2024\/07\/03\/comienza-el-cgi-sela-2024\/\" class=\"more-link\">Continuar leyendo<span class=\"screen-reader-text\"> \u00abComienza el CGI Sela 2024\u00bb<\/span><\/a><\/p>\n","protected":false},"author":1,"featured_media":0,"comment_status":"open","ping_status":"open","sticky":false,"template":"","format":"standard","meta":{"footnotes":""},"categories":[1],"tags":[],"class_list":["post-405","post","type-post","status-publish","format-standard","hentry","category-sin-categoria"],"_links":{"self":[{"href":"https:\/\/www.unioviedo.es\/cecodet\/index.php\/wp-json\/wp\/v2\/posts\/405","targetHints":{"allow":["GET"]}}],"collection":[{"href":"https:\/\/www.unioviedo.es\/cecodet\/index.php\/wp-json\/wp\/v2\/posts"}],"about":[{"href":"https:\/\/www.unioviedo.es\/cecodet\/index.php\/wp-json\/wp\/v2\/types\/post"}],"author":[{"embeddable":true,"href":"https:\/\/www.unioviedo.es\/cecodet\/index.php\/wp-json\/wp\/v2\/users\/1"}],"replies":[{"embeddable":true,"href":"https:\/\/www.unioviedo.es\/cecodet\/index.php\/wp-json\/wp\/v2\/comments?post=405"}],"version-history":[{"count":1,"href":"https:\/\/www.unioviedo.es\/cecodet\/index.php\/wp-json\/wp\/v2\/posts\/405\/revisions"}],"predecessor-version":[{"id":408,"href":"https:\/\/www.unioviedo.es\/cecodet\/index.php\/wp-json\/wp\/v2\/posts\/405\/revisions\/408"}],"wp:attachment":[{"href":"https:\/\/www.unioviedo.es\/cecodet\/index.php\/wp-json\/wp\/v2\/media?parent=405"}],"wp:term":[{"taxonomy":"category","embeddable":true,"href":"https:\/\/www.unioviedo.es\/cecodet\/index.php\/wp-json\/wp\/v2\/categories?post=405"},{"taxonomy":"post_tag","embeddable":true,"href":"https:\/\/www.unioviedo.es\/cecodet\/index.php\/wp-json\/wp\/v2\/tags?post=405"}],"curies":[{"name":"wp","href":"https:\/\/api.w.org\/{rel}","templated":true}]}}