{"id":437,"date":"2024-10-16T19:38:04","date_gmt":"2024-10-16T19:38:04","guid":{"rendered":"https:\/\/www.unioviedo.es\/cecodet\/?p=437"},"modified":"2024-10-16T19:38:04","modified_gmt":"2024-10-16T19:38:04","slug":"la-escuela-de-arquitectura-arte-y-diseno-eaad-del-tecnologico-de-monterrey-anuncia-el-nombramiento-de-alfredo-hidalgo-rasmussen-como-decano-nacional-interino","status":"publish","type":"post","link":"https:\/\/www.unioviedo.es\/cecodet\/index.php\/2024\/10\/16\/la-escuela-de-arquitectura-arte-y-diseno-eaad-del-tecnologico-de-monterrey-anuncia-el-nombramiento-de-alfredo-hidalgo-rasmussen-como-decano-nacional-interino\/","title":{"rendered":"La Escuela de Arquitectura, Arte y Dise\u00f1o (EAAD) del Tecnol\u00f3gico de Monterrey anuncia el nombramiento de Alfredo Hidalgo Rasmussen como Decano Nacional Interino"},"content":{"rendered":"\n<p>Desde la creaci\u00f3n de la EAAD en 2017, la Escuela estuvo bajo el liderazgo de Roberto \u00cd\u00f1iguez Flores, quien represent\u00f3 un pilar fundamental en la formaci\u00f3n, la construcci\u00f3n de conocimiento y la transformaci\u00f3n positiva en nuestras comunidades; y quien ha sido invitado en fechas recientes a asumir el rol de Vicerrector Ejecutivo de Asuntos Acad\u00e9micos y Facultad del Tecnol\u00f3gico de Monterrey.<\/p>\n\n\n\n<p>Alfredo es arquitecto con posgrado en desarrollo territorial y doctor por la Universidad de Oviedo. Ha sido profesor de c\u00e1tedra desde 2015 y a partir de 2017 se ha desempe\u00f1ado como Decano Asociado de Investigaci\u00f3n, Posgrados y Educaci\u00f3n Continua de la EAAD y l\u00edder de la iniciativa estrat\u00e9gica de Ciudades.<\/p>\n\n\n\n<p>Como arquitecto, ha llevado a cabo proyectos de espacios p\u00fablicos e infraestructura que han sido publicados y reconocidos en diferentes foros, como la Bienal de Arquitectura de Jalisco, la Bienal de Arquitectura de Chile y la Bienal de Venecia. Fue director de la Oficina de Proyectos Estrat\u00e9gicos de Zapopan y consultor de ONU Habitat con proyectos en Colombia y M\u00e9xico.&nbsp;<\/p>\n\n\n\n<p>Ha sido profesor invitado en distintas universidades extranjeras, como la Universidad de Chile, la Universidad San Sebasti\u00e1n, la Universidad Diego Portales (Santiago, Chile), Polit\u00e9cnico de Mil\u00e1n, EAFIT (Medell\u00edn, Colombia) y ha participado como conferenciante en m\u00faltiples foros de arquitectura, ciudad y movilidad.\u00a0<\/p>\n\n\n\n<p>Es miembro del grupo de investigaci\u00f3n de CeCodet de la Universidad de Oviedo y Associate Researcher con la ETI Chair, Paris Sorbonne Business School &#8211; Paris 1 Panth\u00e9on Sorbonne University.<\/p>\n","protected":false},"excerpt":{"rendered":"<p>Desde la creaci\u00f3n de la EAAD en 2017, la Escuela estuvo bajo el liderazgo de Roberto \u00cd\u00f1iguez Flores, quien represent\u00f3 un pilar fundamental en la formaci\u00f3n, la construcci\u00f3n de conocimiento y la transformaci\u00f3n positiva en nuestras comunidades; y quien ha sido invitado en fechas recientes a asumir el rol de Vicerrector Ejecutivo de Asuntos Acad\u00e9micos &hellip; <\/p>\n<p class=\"link-more\"><a href=\"https:\/\/www.unioviedo.es\/cecodet\/index.php\/2024\/10\/16\/la-escuela-de-arquitectura-arte-y-diseno-eaad-del-tecnologico-de-monterrey-anuncia-el-nombramiento-de-alfredo-hidalgo-rasmussen-como-decano-nacional-interino\/\" class=\"more-link\">Continuar leyendo<span class=\"screen-reader-text\"> \u00abLa Escuela de Arquitectura, Arte y Dise\u00f1o (EAAD) del Tecnol\u00f3gico de Monterrey anuncia el nombramiento de Alfredo Hidalgo Rasmussen como Decano Nacional Interino\u00bb<\/span><\/a><\/p>\n","protected":false},"author":1,"featured_media":0,"comment_status":"open","ping_status":"open","sticky":false,"template":"","format":"standard","meta":{"footnotes":""},"categories":[1],"tags":[],"class_list":["post-437","post","type-post","status-publish","format-standard","hentry","category-sin-categoria"],"_links":{"self":[{"href":"https:\/\/www.unioviedo.es\/cecodet\/index.php\/wp-json\/wp\/v2\/posts\/437","targetHints":{"allow":["GET"]}}],"collection":[{"href":"https:\/\/www.unioviedo.es\/cecodet\/index.php\/wp-json\/wp\/v2\/posts"}],"about":[{"href":"https:\/\/www.unioviedo.es\/cecodet\/index.php\/wp-json\/wp\/v2\/types\/post"}],"author":[{"embeddable":true,"href":"https:\/\/www.unioviedo.es\/cecodet\/index.php\/wp-json\/wp\/v2\/users\/1"}],"replies":[{"embeddable":true,"href":"https:\/\/www.unioviedo.es\/cecodet\/index.php\/wp-json\/wp\/v2\/comments?post=437"}],"version-history":[{"count":1,"href":"https:\/\/www.unioviedo.es\/cecodet\/index.php\/wp-json\/wp\/v2\/posts\/437\/revisions"}],"predecessor-version":[{"id":438,"href":"https:\/\/www.unioviedo.es\/cecodet\/index.php\/wp-json\/wp\/v2\/posts\/437\/revisions\/438"}],"wp:attachment":[{"href":"https:\/\/www.unioviedo.es\/cecodet\/index.php\/wp-json\/wp\/v2\/media?parent=437"}],"wp:term":[{"taxonomy":"category","embeddable":true,"href":"https:\/\/www.unioviedo.es\/cecodet\/index.php\/wp-json\/wp\/v2\/categories?post=437"},{"taxonomy":"post_tag","embeddable":true,"href":"https:\/\/www.unioviedo.es\/cecodet\/index.php\/wp-json\/wp\/v2\/tags?post=437"}],"curies":[{"name":"wp","href":"https:\/\/api.w.org\/{rel}","templated":true}]}}