{"id":535,"date":"2025-07-05T11:59:21","date_gmt":"2025-07-05T11:59:21","guid":{"rendered":"https:\/\/www.unioviedo.es\/cecodet\/?p=535"},"modified":"2025-07-05T11:59:21","modified_gmt":"2025-07-05T11:59:21","slug":"conferencia-de-alfredo-hidalgo-rasmussen-sobre-regeneracion-urbana-integrada-en-el-cecodet-el-19-de-junio","status":"publish","type":"post","link":"https:\/\/www.unioviedo.es\/cecodet\/index.php\/2025\/07\/05\/conferencia-de-alfredo-hidalgo-rasmussen-sobre-regeneracion-urbana-integrada-en-el-cecodet-el-19-de-junio\/","title":{"rendered":"Conferencia de Alfredo Hidalgo Rasmussen\u00a0 sobre Regeneraci\u00f3n Urbana Integrada en el CeCodet\u00a0 el 19 de junio\u00a0."},"content":{"rendered":"\n<p>Fue el invitado principal del seminario&nbsp;<em>Regeneraci\u00f3n Urbana Integrada<\/em>,&nbsp;<em>redes y proyectos para implementarla<\/em>, realizado del 17 al 19 de JUN&nbsp; en Mieres y Oviedo, que sirvi\u00f3 para compartir su experiencia profesional con personal de CeCodet empe\u00f1ado en este tipo de proyectos RUI; &nbsp;de otros centros de la UO; y con autoridades responsables, tanto de UO , como del Ayuntamiento de Mieres (alcalde, concejala de Desarrollo Urbano, arquitecta&nbsp; e ingeniero )<\/p>\n\n\n\n<p>El jueves, 19 de JUN de 13:00 a 15:00 h el doctor Hidalgo imparti\u00f3 en la Sala de Juntas del CeCodet la conferencia magistral titulada&nbsp;<strong>&nbsp;\u201c<\/strong>La aportaci\u00f3n del Instituto Tecnol\u00f3gico de Monterrey a la Regeneraci\u00f3n Urbana Integrada\u201d, de inter\u00e9s para los equipos de CeCodet, ocupados actualmente en proyectos de esta naturaleza en Mieres y Langreo, y de la Universidad de Oviedo, inmersa en proyectos de transcendencia estrat\u00e9gica para ella y para la ciudad de Oviedo.<\/p>\n\n\n\n<p>&nbsp; En la conferencia el autor explic\u00f3 la importancia de la acci\u00f3n territorial para el control de la transformaci\u00f3n de la ciudad, de acuerdo con los par\u00e1metros generales del actual estado de civilizaci\u00f3n. Incidi\u00f3&nbsp; especialmente en&nbsp; el poder transformador de la buena acci\u00f3n sobre&nbsp;los espacios p\u00fablicos y revis\u00f3&nbsp; las \u00faltimas tendencias,&nbsp; a trav\u00e9s de su reciente participaci\u00f3n en la&nbsp;<em>XIX Exposici\u00f3n Internacional de Arquitectura de Venecia&nbsp;<\/em>, (8 y 9 de mayo de 2025) ,&nbsp;<em>Inteligente. Natural.Artificial.Colectiva; &nbsp;<\/em>en otros seminarios recientes en el MIT; y en la Universidad de San Sebasti\u00e1n (Chile) ,&nbsp; que convergen en la acci\u00f3n de regeneraci\u00f3n urbana hol\u00edstica , basada en la inteligencia territorial (participaci\u00f3n, excursi\u00f3n instructiva), inteligencia natural&nbsp; e inteligencia tecnol\u00f3gica .<\/p>\n\n\n\n<p>Expuso como casos ejemplares algunas intervenciones universitarias que han tenido un aporte urbano importante (CU en M\u00e9xico, Barrio Universitario en Santiago de Chile y el MIT en Boston) para despu\u00e9s relacionar la confianza que se requiere para generar trasformaciones urbana con la buena imagen p\u00fablica que como instituciones tienen las universidades y . por lo tanto. su capacidad para ser motor de transformaciones territoriales positivas. Finalmente, se present\u00f3 la experiencia del Tec de Monterrey, tanto desde la Escuela de Arquitectura y la Iniciativa de Ciudades, como desde los Distritos de Innovaci\u00f3n que hoy se desarrollan en varias ciudades mexicanas, mostrando los cruces y colaboraci\u00f3n con investigaci\u00f3n, academia y extensi\u00f3n.<\/p>\n\n\n\n<p>El doctor Alfredo Henry Hidalgo Rasmussen\u00a0 es\u00a0 \u00a0decano nacional de la Escuela de Arte, Arquitectura y Dise\u00f1o del Instituto Tecnol\u00f3gico de Monterrey (MX)<strong>\u00a0,\u00a0<\/strong>doctor en Geograf\u00eda por la Universidad de Oviedo, Arquitecto por la\u00a0 Universidad de Guadalajara (MX), responsable de la planificaci\u00f3n f\u00edsica del T\u00e9c de Monterrey\u00a0 en las ciudades donde est\u00e1 implantada.\u00a0 Pertenece a importantes redes y centros de investigaci\u00f3n en la materia y es investigador colaborador externo de CeCodet.<\/p>\n\n\n\n<figure class=\"wp-block-image size-large\"><img fetchpriority=\"high\" decoding=\"async\" width=\"960\" height=\"1024\" src=\"https:\/\/www.unioviedo.es\/cecodet\/wp-content\/uploads\/2025\/07\/image-960x1024.png\" alt=\"\" class=\"wp-image-536\"\/><\/figure>\n\n\n\n<p><em>De izquierda a derecha , Manuel \u00c1ngel \u00c1lvarez (alcalde de Mieres),\u00a0 Desir\u00e9 Gonz\u00e1lez (arquitecta municipal) , Alfredo Hidalgo\u00a0 y\u00a0 Marta Jim\u00e9nez ( concejala de Desarrollo Urbano del Ayuntamiento de Mieres)\u00a0 en el atrio del edificio de Investigacion del Campus de Mieres\u00a0 el pasado 19 de Junio<\/em><\/p>\n\n\n\n<p><\/p>\n\n\n\n<p><\/p>\n\n\n\n<p><\/p>\n\n\n\n<p><\/p>\n","protected":false},"excerpt":{"rendered":"<p>Fue el invitado principal del seminario&nbsp;Regeneraci\u00f3n Urbana Integrada,&nbsp;redes y proyectos para implementarla, realizado del 17 al 19 de JUN&nbsp; en Mieres y Oviedo, que sirvi\u00f3 para compartir su experiencia profesional con personal de CeCodet empe\u00f1ado en este tipo de proyectos RUI; &nbsp;de otros centros de la UO; y con autoridades responsables, tanto de UO , &hellip; <\/p>\n<p class=\"link-more\"><a href=\"https:\/\/www.unioviedo.es\/cecodet\/index.php\/2025\/07\/05\/conferencia-de-alfredo-hidalgo-rasmussen-sobre-regeneracion-urbana-integrada-en-el-cecodet-el-19-de-junio\/\" class=\"more-link\">Continuar leyendo<span class=\"screen-reader-text\"> \u00abConferencia de Alfredo Hidalgo Rasmussen\u00a0 sobre Regeneraci\u00f3n Urbana Integrada en el CeCodet\u00a0 el 19 de junio\u00a0.\u00bb<\/span><\/a><\/p>\n","protected":false},"author":1,"featured_media":0,"comment_status":"closed","ping_status":"open","sticky":false,"template":"","format":"standard","meta":{"footnotes":""},"categories":[1],"tags":[],"class_list":["post-535","post","type-post","status-publish","format-standard","hentry","category-sin-categoria"],"_links":{"self":[{"href":"https:\/\/www.unioviedo.es\/cecodet\/index.php\/wp-json\/wp\/v2\/posts\/535","targetHints":{"allow":["GET"]}}],"collection":[{"href":"https:\/\/www.unioviedo.es\/cecodet\/index.php\/wp-json\/wp\/v2\/posts"}],"about":[{"href":"https:\/\/www.unioviedo.es\/cecodet\/index.php\/wp-json\/wp\/v2\/types\/post"}],"author":[{"embeddable":true,"href":"https:\/\/www.unioviedo.es\/cecodet\/index.php\/wp-json\/wp\/v2\/users\/1"}],"replies":[{"embeddable":true,"href":"https:\/\/www.unioviedo.es\/cecodet\/index.php\/wp-json\/wp\/v2\/comments?post=535"}],"version-history":[{"count":1,"href":"https:\/\/www.unioviedo.es\/cecodet\/index.php\/wp-json\/wp\/v2\/posts\/535\/revisions"}],"predecessor-version":[{"id":537,"href":"https:\/\/www.unioviedo.es\/cecodet\/index.php\/wp-json\/wp\/v2\/posts\/535\/revisions\/537"}],"wp:attachment":[{"href":"https:\/\/www.unioviedo.es\/cecodet\/index.php\/wp-json\/wp\/v2\/media?parent=535"}],"wp:term":[{"taxonomy":"category","embeddable":true,"href":"https:\/\/www.unioviedo.es\/cecodet\/index.php\/wp-json\/wp\/v2\/categories?post=535"},{"taxonomy":"post_tag","embeddable":true,"href":"https:\/\/www.unioviedo.es\/cecodet\/index.php\/wp-json\/wp\/v2\/tags?post=535"}],"curies":[{"name":"wp","href":"https:\/\/api.w.org\/{rel}","templated":true}]}}