{"id":541,"date":"2025-09-24T18:34:49","date_gmt":"2025-09-24T18:34:49","guid":{"rendered":"https:\/\/www.unioviedo.es\/cecodet\/?p=541"},"modified":"2026-02-04T12:29:39","modified_gmt":"2026-02-04T12:29:39","slug":"cecodet-con-el-deporte-en-mieres","status":"publish","type":"post","link":"https:\/\/www.unioviedo.es\/cecodet\/index.php\/2025\/09\/24\/cecodet-con-el-deporte-en-mieres\/","title":{"rendered":"CeCodet CON EL DEPORTE EN MIERES"},"content":{"rendered":"\t\t<div data-elementor-type=\"wp-post\" data-elementor-id=\"541\" class=\"elementor elementor-541\">\n\t\t\t\t\t\t<section class=\"elementor-section elementor-top-section elementor-element elementor-element-326186a3 elementor-section-boxed elementor-section-height-default elementor-section-height-default\" data-id=\"326186a3\" data-element_type=\"section\" data-e-type=\"section\">\n\t\t\t\t\t\t<div class=\"elementor-container elementor-column-gap-default\">\n\t\t\t\t\t<div class=\"elementor-column elementor-col-100 elementor-top-column elementor-element elementor-element-1201a475\" data-id=\"1201a475\" data-element_type=\"column\" data-e-type=\"column\">\n\t\t\t<div class=\"elementor-widget-wrap elementor-element-populated\">\n\t\t\t\t\t\t<div class=\"elementor-element elementor-element-31226629 elementor-widget elementor-widget-text-editor\" data-id=\"31226629\" data-element_type=\"widget\" data-e-type=\"widget\" data-widget_type=\"text-editor.default\">\n\t\t\t\t<div class=\"elementor-widget-container\">\n\t\t\t\t\t\t\t\t\t<div class=\"wp-block-image\">\n<figure class=\"aligncenter size-large is-resized\"><img fetchpriority=\"high\" decoding=\"async\" class=\"alignnone size-full wp-image-599\" src=\"http:\/\/www.unioviedo.es\/cecodet\/wp-content\/uploads\/2026\/02\/Feria-del-deporte-2025-mieres-e1770207109862.jpg\" alt=\"\" width=\"500\" height=\"625\" \/><\/figure>\n<\/div>\n<p>El s\u00e1bado 13 de septiembre CeCodet colabor\u00f3 con la Feria del Deporte en Mieres participando en una mesa redonda donde aport\u00f3 su experiencia en la organizaci\u00f3n de pruebas de deporte en la naturaleza ( marat\u00f3n de BTT en el Campus, pruebas cicloturistas como La Escanda,\u00a0 Valles Mineros ,\u00a0 Jornadas de Promoci\u00f3n del Ciclismo en Figaredo y Riosa..) , actividades que mezclan conocimiento y aventura en el paisaje, como\u00a0 los cursos de verano en la cordillera, la UIM (Universidad Itinerante de la Mar) . el CGI (Campamento Geogr\u00e1fico Itinerante),\u00a0 \u00a0 adem\u00e1s de actividades formativas para gu\u00edas de los paisajes de monta\u00f1a,\u00a0 y el estudio y difusi\u00f3n de las carreteras esc\u00e9nicas en Asturias y del Anillo Ciclista de la Monta\u00f1a Central<\/p>\n\n<div class=\"wp-block-group\"><div class=\"wp-block-group__inner-container is-layout-constrained wp-block-group-is-layout-constrained\"><div class=\"wp-block-image is-style-default\">\n<figure data-wp-context=\"{&quot;imageId&quot;:&quot;69f5e7d9ebfb6&quot;}\" data-wp-interactive=\"core\/image\" data-wp-key=\"69f5e7d9ebfb6\" class=\"aligncenter size-large wp-lightbox-container\"><img decoding=\"async\" data-wp-class--hide=\"state.isContentHidden\" data-wp-class--show=\"state.isContentVisible\" data-wp-init=\"callbacks.setButtonStyles\" data-wp-on--click=\"actions.showLightbox\" data-wp-on--load=\"callbacks.setButtonStyles\" data-wp-on-window--resize=\"callbacks.setButtonStyles\" class=\"aligncenter wp-image-554\" src=\"http:\/\/www.unioviedo.es\/cecodet\/wp-content\/uploads\/2025\/09\/WhatsApp-Image-2025-09-17-at-13.10.19-1-e1770204754120.jpeg\" alt=\"\" width=\"500\" height=\"376\" \/><button\n\t\t\tclass=\"lightbox-trigger\"\n\t\t\ttype=\"button\"\n\t\t\taria-haspopup=\"dialog\"\n\t\t\taria-label=\"Agrandar\"\n\t\t\tdata-wp-init=\"callbacks.initTriggerButton\"\n\t\t\tdata-wp-on--click=\"actions.showLightbox\"\n\t\t\tdata-wp-style--right=\"state.imageButtonRight\"\n\t\t\tdata-wp-style--top=\"state.imageButtonTop\"\n\t\t>\n\t\t\t<svg xmlns=\"http:\/\/www.w3.org\/2000\/svg\" width=\"12\" height=\"12\" fill=\"none\" viewBox=\"0 0 12 12\">\n\t\t\t\t<path fill=\"#fff\" d=\"M2 0a2 2 0 0 0-2 2v2h1.5V2a.5.5 0 0 1 .5-.5h2V0H2Zm2 10.5H2a.5.5 0 0 1-.5-.5V8H0v2a2 2 0 0 0 2 2h2v-1.5ZM8 12v-1.5h2a.5.5 0 0 0 .5-.5V8H12v2a2 2 0 0 1-2 2H8Zm2-12a2 2 0 0 1 2 2v2h-1.5V2a.5.5 0 0 0-.5-.5H8V0h2Z\" \/>\n\t\t\t<\/svg>\n\t\t<\/button><\/figure>\n<\/div><\/div><\/div>\n\n<p>\u00a0<\/p>\n\t\t\t\t\t\t\t\t<\/div>\n\t\t\t\t<\/div>\n\t\t\t\t\t<\/div>\n\t\t<\/div>\n\t\t\t\t\t<\/div>\n\t\t<\/section>\n\t\t\t\t<\/div>\n\t\t","protected":false},"excerpt":{"rendered":"<p>El s\u00e1bado 13 de septiembre CeCodet colabor\u00f3 con la Feria del Deporte en Mieres participando en una mesa redonda donde aport\u00f3 su experiencia en la organizaci\u00f3n de pruebas de deporte en la naturaleza ( marat\u00f3n de BTT en el Campus, pruebas cicloturistas como La Escanda,\u00a0 Valles Mineros ,\u00a0 Jornadas de Promoci\u00f3n del Ciclismo en Figaredo &hellip; <\/p>\n<p class=\"link-more\"><a href=\"https:\/\/www.unioviedo.es\/cecodet\/index.php\/2025\/09\/24\/cecodet-con-el-deporte-en-mieres\/\" class=\"more-link\">Continuar leyendo<span class=\"screen-reader-text\"> \u00abCeCodet CON EL DEPORTE EN MIERES\u00bb<\/span><\/a><\/p>\n","protected":false},"author":1,"featured_media":0,"comment_status":"closed","ping_status":"open","sticky":false,"template":"","format":"standard","meta":{"footnotes":""},"categories":[1],"tags":[],"class_list":["post-541","post","type-post","status-publish","format-standard","hentry","category-sin-categoria"],"_links":{"self":[{"href":"https:\/\/www.unioviedo.es\/cecodet\/index.php\/wp-json\/wp\/v2\/posts\/541","targetHints":{"allow":["GET"]}}],"collection":[{"href":"https:\/\/www.unioviedo.es\/cecodet\/index.php\/wp-json\/wp\/v2\/posts"}],"about":[{"href":"https:\/\/www.unioviedo.es\/cecodet\/index.php\/wp-json\/wp\/v2\/types\/post"}],"author":[{"embeddable":true,"href":"https:\/\/www.unioviedo.es\/cecodet\/index.php\/wp-json\/wp\/v2\/users\/1"}],"replies":[{"embeddable":true,"href":"https:\/\/www.unioviedo.es\/cecodet\/index.php\/wp-json\/wp\/v2\/comments?post=541"}],"version-history":[{"count":14,"href":"https:\/\/www.unioviedo.es\/cecodet\/index.php\/wp-json\/wp\/v2\/posts\/541\/revisions"}],"predecessor-version":[{"id":619,"href":"https:\/\/www.unioviedo.es\/cecodet\/index.php\/wp-json\/wp\/v2\/posts\/541\/revisions\/619"}],"wp:attachment":[{"href":"https:\/\/www.unioviedo.es\/cecodet\/index.php\/wp-json\/wp\/v2\/media?parent=541"}],"wp:term":[{"taxonomy":"category","embeddable":true,"href":"https:\/\/www.unioviedo.es\/cecodet\/index.php\/wp-json\/wp\/v2\/categories?post=541"},{"taxonomy":"post_tag","embeddable":true,"href":"https:\/\/www.unioviedo.es\/cecodet\/index.php\/wp-json\/wp\/v2\/tags?post=541"}],"curies":[{"name":"wp","href":"https:\/\/api.w.org\/{rel}","templated":true}]}}