{"id":639,"date":"2026-02-11T10:46:41","date_gmt":"2026-02-11T10:46:41","guid":{"rendered":"https:\/\/www.unioviedo.es\/cecodet\/?p=639"},"modified":"2026-03-02T09:21:24","modified_gmt":"2026-03-02T09:21:24","slug":"eduardo-martinez-de-pison-reune-al-publico-en-aviles","status":"publish","type":"post","link":"https:\/\/www.unioviedo.es\/cecodet\/index.php\/2026\/02\/11\/eduardo-martinez-de-pison-reune-al-publico-en-aviles\/","title":{"rendered":"Eduardo Mart\u00ednez de Pis\u00f3n llena la Casa de la Cultura de Avil\u00e9s en el cierre de la V Semana de la Monta\u00f1a"},"content":{"rendered":"\t\t<div data-elementor-type=\"wp-post\" data-elementor-id=\"639\" class=\"elementor elementor-639\">\n\t\t\t\t\t\t<section class=\"elementor-section elementor-top-section elementor-element elementor-element-60134c3a elementor-section-boxed elementor-section-height-default elementor-section-height-default\" data-id=\"60134c3a\" data-element_type=\"section\" data-e-type=\"section\">\n\t\t\t\t\t\t<div class=\"elementor-container elementor-column-gap-default\">\n\t\t\t\t\t<div class=\"elementor-column elementor-col-100 elementor-top-column elementor-element elementor-element-6ae51d\" data-id=\"6ae51d\" data-element_type=\"column\" data-e-type=\"column\">\n\t\t\t<div class=\"elementor-widget-wrap elementor-element-populated\">\n\t\t\t\t\t\t<div class=\"elementor-element elementor-element-1d1bff3 elementor-widget elementor-widget-text-editor\" data-id=\"1d1bff3\" data-element_type=\"widget\" data-e-type=\"widget\" data-widget_type=\"text-editor.default\">\n\t\t\t\t<div class=\"elementor-widget-container\">\n\t\t\t\t\t\t\t\t\t<p><img fetchpriority=\"high\" decoding=\"async\" class=\"aligncenter\" style=\"font-size: 1rem;\" src=\"http:\/\/www.unioviedo.es\/cecodet\/wp-content\/uploads\/2026\/02\/1770798465200-300x300.jpg\" alt=\"\" width=\"300\" height=\"169\" \/><\/p>\t\t\t\t\t\t\t\t<\/div>\n\t\t\t\t<\/div>\n\t\t\t\t<div class=\"elementor-element elementor-element-309c4f4 elementor-widget elementor-widget-text-editor\" data-id=\"309c4f4\" data-element_type=\"widget\" data-e-type=\"widget\" data-widget_type=\"text-editor.default\">\n\t\t\t\t<div class=\"elementor-widget-container\">\n\t\t\t\t\t\t\t\t\t<p style=\"text-align: center;\"><em>Momento de la\u00a0 entrega\u00a0 por parte de Jonat\u00e1n Gonz\u00e1lez a Mart\u00ednez de Pis\u00f3n\u00a0 de un reconocimiento por su labor y trayectoria.<\/em><\/p>\t\t\t\t\t\t\t\t<\/div>\n\t\t\t\t<\/div>\n\t\t\t\t<div class=\"elementor-element elementor-element-3ee32878 elementor-widget elementor-widget-text-editor\" data-id=\"3ee32878\" data-element_type=\"widget\" data-e-type=\"widget\" data-widget_type=\"text-editor.default\">\n\t\t\t\t<div class=\"elementor-widget-container\">\n\t\t\t\t\t\t\t\t\t<p>El ge\u00f3grafo y ensayista Eduardo Mart\u00ednez de Pis\u00f3n (Valladolid, 1937) imparti\u00f3\u00a0 el lunes 09\/02\/2025 en Avil\u00e9s la conferencia de clausura de las V Jornadas de\u00a0 Monta\u00f1a . Durante 90 minutos el veterano maestro encandil\u00f3 a las 300 asistentes\u00a0 que completaban el aforo del auditorio de la Casa de la Cultura con la conferencia que titul\u00f3 <i>\u201cMonta\u00f1as y glaciares. Notas de un espectador\u201d.<\/i><\/p>\n<p><!-- \/wp:paragraph --><!-- wp:paragraph --><\/p>\n<p><span data-olk-copy-source=\"MessageBody\">Catedr\u00e1tico em\u00e9rito de Geograf\u00eda en la Universidad Aut\u00f3noma de Madrid, comparti\u00f3 con el p\u00fablico experiencias y reflexiones fruto de d\u00e9cadas de estudio y recorrido por sistemas monta\u00f1osos de todo el mundo. A trav\u00e9s de sus relatos, combin\u00f3 conocimiento cient\u00edfico y vivencia personal, poniendo en valor la dimensi\u00f3n cultural y humana del paisaje.<\/span><\/p>\n<div data-olk-copy-source=\"MessageBody\">Entre otros amigos acompa\u00f1aron al profesor los directores del\u00a0 CeCodet y del Departamento de Geograf\u00eda y alumnos del Grado en Geograf\u00eda y Ordenaci\u00f3n del Territorio de la Universidad de Oviedo, que pudieron seguir de primera mano la intervenci\u00f3n de una de las figuras m\u00e1s destacadas en el estudio y divulgaci\u00f3n del paisaje en Espa\u00f1a y visitar las dos exposiciones que complementaban el ciclo de conferencias de esta V Semana de la Monta\u00f1a, Viajes y Aventura, organizada desde 1959 por el Grupo de Monta\u00f1a Ensidesa Avil\u00e9s.\u00a0<\/div>\n<p><!-- \/wp:paragraph --><!-- wp:paragraph --><\/p>\n<p>\u00a0<\/p>\n<p><!-- \/wp:paragraph --><\/p>\t\t\t\t\t\t\t\t<\/div>\n\t\t\t\t<\/div>\n\t\t\t\t<div class=\"elementor-element elementor-element-65ddc11 elementor-widget elementor-widget-text-editor\" data-id=\"65ddc11\" data-element_type=\"widget\" data-e-type=\"widget\" data-widget_type=\"text-editor.default\">\n\t\t\t\t<div class=\"elementor-widget-container\">\n\t\t\t\t\t\t\t\t\t<p><img decoding=\"async\" class=\"aligncenter wp-image-640 size-medium\" src=\"http:\/\/www.unioviedo.es\/cecodet\/wp-content\/uploads\/2026\/02\/1770797663654-scaled-e1770806951613-300x300.jpg\" alt=\"\" width=\"300\" height=\"300\" srcset=\"https:\/\/www.unioviedo.es\/cecodet\/wp-content\/uploads\/2026\/02\/1770797663654-scaled-e1770806951613-300x300.jpg 300w, https:\/\/www.unioviedo.es\/cecodet\/wp-content\/uploads\/2026\/02\/1770797663654-scaled-e1770806951613-1024x1024.jpg 1024w, https:\/\/www.unioviedo.es\/cecodet\/wp-content\/uploads\/2026\/02\/1770797663654-scaled-e1770806951613-150x150.jpg 150w, https:\/\/www.unioviedo.es\/cecodet\/wp-content\/uploads\/2026\/02\/1770797663654-scaled-e1770806951613-768x768.jpg 768w, https:\/\/www.unioviedo.es\/cecodet\/wp-content\/uploads\/2026\/02\/1770797663654-scaled-e1770806951613-100x100.jpg 100w\" sizes=\"(max-width: 300px) 100vw, 300px\" \/><\/p>\t\t\t\t\t\t\t\t<\/div>\n\t\t\t\t<\/div>\n\t\t\t\t<div class=\"elementor-element elementor-element-30f4951 elementor-widget elementor-widget-text-editor\" data-id=\"30f4951\" data-element_type=\"widget\" data-e-type=\"widget\" data-widget_type=\"text-editor.default\">\n\t\t\t\t<div class=\"elementor-widget-container\">\n\t\t\t\t\t\t\t\t\t<p data-start=\"375\" data-end=\"480\"><em>Eduardo Mart\u00ednez de Pis\u00f3n rodeado de ge\u00f3grafos de Oviedo, al t\u00e9rmino de su conferencia sobre glaciares del mundo en la Casa de Cultura de Avil\u00e9s.<\/em><\/p>\n<p data-start=\"482\" data-end=\"512\">\n<\/p>\t\t\t\t\t\t\t\t<\/div>\n\t\t\t\t<\/div>\n\t\t\t\t\t<\/div>\n\t\t<\/div>\n\t\t\t\t\t<\/div>\n\t\t<\/section>\n\t\t\t\t<\/div>\n\t\t","protected":false},"excerpt":{"rendered":"<p>Momento de la\u00a0 entrega\u00a0 por parte de Jonat\u00e1n Gonz\u00e1lez a Mart\u00ednez de Pis\u00f3n\u00a0 de un reconocimiento por su labor y trayectoria. El ge\u00f3grafo y ensayista Eduardo Mart\u00ednez de Pis\u00f3n (Valladolid, 1937) imparti\u00f3\u00a0 el lunes 09\/02\/2025 en Avil\u00e9s la conferencia de clausura de las V Jornadas de\u00a0 Monta\u00f1a . Durante 90 minutos el veterano maestro encandil\u00f3 &hellip; <\/p>\n<p class=\"link-more\"><a href=\"https:\/\/www.unioviedo.es\/cecodet\/index.php\/2026\/02\/11\/eduardo-martinez-de-pison-reune-al-publico-en-aviles\/\" class=\"more-link\">Continuar leyendo<span class=\"screen-reader-text\"> \u00abEduardo Mart\u00ednez de Pis\u00f3n llena la Casa de la Cultura de Avil\u00e9s en el cierre de la V Semana de la Monta\u00f1a\u00bb<\/span><\/a><\/p>\n","protected":false},"author":1,"featured_media":0,"comment_status":"closed","ping_status":"open","sticky":false,"template":"","format":"standard","meta":{"footnotes":""},"categories":[1],"tags":[],"class_list":["post-639","post","type-post","status-publish","format-standard","hentry","category-sin-categoria"],"_links":{"self":[{"href":"https:\/\/www.unioviedo.es\/cecodet\/index.php\/wp-json\/wp\/v2\/posts\/639","targetHints":{"allow":["GET"]}}],"collection":[{"href":"https:\/\/www.unioviedo.es\/cecodet\/index.php\/wp-json\/wp\/v2\/posts"}],"about":[{"href":"https:\/\/www.unioviedo.es\/cecodet\/index.php\/wp-json\/wp\/v2\/types\/post"}],"author":[{"embeddable":true,"href":"https:\/\/www.unioviedo.es\/cecodet\/index.php\/wp-json\/wp\/v2\/users\/1"}],"replies":[{"embeddable":true,"href":"https:\/\/www.unioviedo.es\/cecodet\/index.php\/wp-json\/wp\/v2\/comments?post=639"}],"version-history":[{"count":25,"href":"https:\/\/www.unioviedo.es\/cecodet\/index.php\/wp-json\/wp\/v2\/posts\/639\/revisions"}],"predecessor-version":[{"id":669,"href":"https:\/\/www.unioviedo.es\/cecodet\/index.php\/wp-json\/wp\/v2\/posts\/639\/revisions\/669"}],"wp:attachment":[{"href":"https:\/\/www.unioviedo.es\/cecodet\/index.php\/wp-json\/wp\/v2\/media?parent=639"}],"wp:term":[{"taxonomy":"category","embeddable":true,"href":"https:\/\/www.unioviedo.es\/cecodet\/index.php\/wp-json\/wp\/v2\/categories?post=639"},{"taxonomy":"post_tag","embeddable":true,"href":"https:\/\/www.unioviedo.es\/cecodet\/index.php\/wp-json\/wp\/v2\/tags?post=639"}],"curies":[{"name":"wp","href":"https:\/\/api.w.org\/{rel}","templated":true}]}}