{"id":714,"date":"2026-03-23T11:04:28","date_gmt":"2026-03-23T11:04:28","guid":{"rendered":"https:\/\/www.unioviedo.es\/cecodet\/?p=714"},"modified":"2026-03-23T11:05:06","modified_gmt":"2026-03-23T11:05:06","slug":"fallece-nuestro-companero-baldomero-arguelles-gonzalez","status":"publish","type":"post","link":"https:\/\/www.unioviedo.es\/cecodet\/index.php\/2026\/03\/23\/fallece-nuestro-companero-baldomero-arguelles-gonzalez\/","title":{"rendered":"Fallece nuestro compa\u00f1ero Baldomero Arg\u00fcelles Gonz\u00e1lez"},"content":{"rendered":"\t\t<div data-elementor-type=\"wp-post\" data-elementor-id=\"714\" class=\"elementor elementor-714\">\n\t\t\t\t\t\t<section class=\"elementor-section elementor-top-section elementor-element elementor-element-7feedecb elementor-section-boxed elementor-section-height-default elementor-section-height-default\" data-id=\"7feedecb\" data-element_type=\"section\" data-e-type=\"section\">\n\t\t\t\t\t\t<div class=\"elementor-container elementor-column-gap-default\">\n\t\t\t\t\t<div class=\"elementor-column elementor-col-100 elementor-top-column elementor-element elementor-element-2dc0d5e1\" data-id=\"2dc0d5e1\" data-element_type=\"column\" data-e-type=\"column\">\n\t\t\t<div class=\"elementor-widget-wrap elementor-element-populated\">\n\t\t\t\t\t\t<div class=\"elementor-element elementor-element-2c322b5e elementor-widget elementor-widget-text-editor\" data-id=\"2c322b5e\" data-element_type=\"widget\" data-e-type=\"widget\" data-widget_type=\"text-editor.default\">\n\t\t\t\t<div class=\"elementor-widget-container\">\n\t\t\t\t\t\t\t\t\t\n<p>El s\u00e1bado 21 de marzo falleci\u00f3 repentinamente, mientras trabajaba en su finca de Meir\u00edn (Grado), D. Baldomero Arg\u00fcelles Gonz\u00e1lez, actualmente Profesor Honor\u00edfico del CeCodet de la Universidad de Oviedo, y antes\u00a0 Profesor Externo. El coronel Arg\u00fcelles se integr\u00f3 en el Centro despu\u00e9s de cesar como Delegado de Defensa en Asturias, cargo que ocup\u00f3 durante seis a\u00f1os y con el que puso final a su brillante carrera militar.<\/p>\n\n<p>Naci\u00f3 en el concejo de Salas en 1955. Su juventud la pas\u00f3 en Tur\u00f3n; en Oviedo, donde prepar\u00f3 la dura prueba de ingreso a la Academia General Militar de Zaragoza, y en\u00a0 la de Ingenieros, en Hoyo de Manzanares. Despachado con el empleo de teniente fue destinado a la Escuela Militar de Monta\u00f1a en Jaca. Hizo cursos en el Reino Unido y otros pa\u00edses, y pas\u00f3 por muchos destinos. Como jefe estuvo destinado en el Regimiento de Ingenieros de Salamanca y en el RING 1 (Regimiento de Ingenieros 1) en Castrillo del Val (Burgos), potentes unidades que desde sus bases se despliegan\u00a0 all\u00ed donde se les requiera, ya sea para despejar carreteras y calles impracticables por la nieve, atajar incendios, rescatar cad\u00e1veres de ahogados en las riadas, pasando por desminar en Kosovo o construir carreteras, pozos de agua y hospitales en Afganist\u00e1n, pa\u00eds al que el coronel Arg\u00fcelles se desplaz\u00f3 en 2003 como voluntario, en el contingente de Ingenieros que ocup\u00f3 el lugar de sus compa\u00f1eros fallecidos, en el tristemente c\u00e9lebre accidente del Yak 42. En todas partes\u00a0\u00a0 el coronel Arg\u00fcelles dejo constancia de su talante de bien hacer. Naci\u00f3 en el concejo de Salas en 1955. Su juventud la pas\u00f3 en Tur\u00f3n; en Oviedo, donde prepar\u00f3 la dura prueba de ingreso a la Academia General Militar de Zaragoza, y en la de Ingenieros, en Hoyo de Manzanares. Despachado con el empleo de teniente fue destinado a la Escuela Militar de Monta\u00f1a en Jaca. Hizo cursos en el Reino Unido y otros pa\u00edses, y pas\u00f3 por muchos destinos. Como jefe estuvo destinado en el Regimiento de Ingenieros de Salamanca y en el RING 1 (Regimiento de Ingenieros 1) en Castrillo del Val (Burgos),\u00a0 potentes unidades que desde sus bases se despliegan\u00a0 all\u00ed donde se les requiera, ya sea para despejar carreteras y calles impracticables por la nieve, atajar incendios, rescatar cad\u00e1veres de ahogados en las riadas, pasando por desminar en Kosovo o construir carreteras, pozos de agua y hospitales en Afganist\u00e1n, pa\u00eds al que el coronel Arg\u00fcelles se desplaz\u00f3 en 2003 como voluntario, en el contingente de Ingenieros que ocup\u00f3 el lugar de sus compa\u00f1eros fallecidos, en el tristemente c\u00e9lebre accidente del Yak 42. En todas partes el coronel Arg\u00fcelles dejo constancia de su talante de bien hacer.\u00a0\u00a0<\/p>\n<div class=\"wp-block-image\">\n<figure class=\"aligncenter size-full is-resized\"><img fetchpriority=\"high\" decoding=\"async\" width=\"492\" height=\"369\" class=\"wp-image-715\" style=\"width: 662px; height: auto;\" src=\"https:\/\/www.unioviedo.es\/cecodet\/wp-content\/uploads\/2026\/03\/image.png\" alt=\"\" \/><\/figure>\n<\/div>\n<p><em>En el NTM Creoula\u00a0 montando el cabo San Vicente, rumbo a Lisboa, saluda\u00a0 al NRP Sagres , que navega\u00a0 hacia Brasil, en 2014.<\/em><\/p>\n\n<p>Cuando en 2013 se incorpor\u00f3 a CeCodet reforz\u00f3 su divisi\u00f3n de Cooperaci\u00f3n, haci\u00e9ndose cargo de la UIM Junior que, con el <em>NTM Creoula,<\/em> particip\u00f3 de manera destacada en el \u201cD\u00eda de Portugal, de Cam\u00f5es y de las Comunidades Portuguesas\u201d, celebrado en Sevilla el 10 de junio de 2014, y al que el nav\u00edo llev\u00f3 una tripulaci\u00f3n de estudiantes de ESO\u00a0 portugueses y espa\u00f1oles que fueron protagonistas de la semana <em>\u00a0<\/em><em>\u00a0<\/em>dedicada a \u201cLas escuelas ib\u00e9ricas de cosm\u00f3grafos y navegantes\u201d.\u00a0<\/p>\n\n<p>Poco despu\u00e9s embarcaba de nuevo en el Creoula como Profesor Tutor en la UIM Senior para un nuevo curso y as\u00ed sigui\u00f3 haci\u00e9ndolo\u00a0 hasta 2019, a\u00f1o en el que en cooperaci\u00f3n con las goletas de la Esengra (Escuela de Especialidades de La Gra\u00f1a), se hizo el homenaje en Castropol a otro ingeniero y heroico marino, Fernando Villaamil, ilustre vecino de Barres, y el 25 curso de mar de la UIM, esta vez en el patrullero de altura <em>Centinela<\/em>, en cooperaci\u00f3n con las Colonias Escolares de la Universidad de Oviedo. Cuando la pandemia cort\u00f3 las actividades en la mar, Baldomero Arg\u00fcelles contribuy\u00f3 a poner en marcha en 2022, el CGI (Campamento Geogr\u00e1fico Itinerante) Sela, que alarga la tradici\u00f3n centenaria de la Universidad de Oviedo en la formaci\u00f3n de competencias sobre el terreno, y comparte el mismo esp\u00edritu de la UIM, pero por tierra.<\/p>\n\n<p>Baldomero Arg\u00fcelles estaba participando en la preparaci\u00f3n del curso CGI 2026, por lo que bien merece que le recordemos d\u00e1ndole su apellido a \u00e9ste. Suponemos que as\u00ed nos adelantamos a lo que le dir\u00e1 el bueno de D. Aniceto Sela cuando se encuentre con \u00e9l. No solo contribuy\u00f3 a que la Universidad de Oviedo continuar\u00e1 su obra, sino que adem\u00e1s eran vecinos.<\/p>\n\n<figure class=\"wp-block-image size-full\"><img decoding=\"async\" width=\"1024\" height=\"768\" class=\"wp-image-717\" src=\"https:\/\/www.unioviedo.es\/cecodet\/wp-content\/uploads\/2026\/03\/IMG-20250521-WA0002.jpg\" alt=\"\" \/><\/figure>\n\n<p class=\"has-text-align-center\"><em>En el CGI 2023<\/em><\/p>\n\n<p>El coronel Arg\u00fcelles fue un hombre valiente, cort\u00e9s, comedido, discreto y afable; que nada ped\u00eda ni rehusaba, camarada leal, comprometido con el servicio; sufridor, dir\u00edan antes, hoy resiliente, yo digno abnegado.\u00a0 Eficaz en el desempe\u00f1o de la tarea, fue hombre de equipo, profesor de la energ\u00eda, del mapa y del proyecto, cuya l\u00f3gica dominaba y lograba transmitir a los j\u00f3venes con el ejemplo y la pr\u00e1ctica.<\/p>\n\n<p>Con 70 a\u00f1os bien cumplidos cargaba como los dem\u00e1s con mochila, tienda e impedimenta y se pasaba una semana pateando la monta\u00f1a, si eso fuera lo que tocase, y dando clases bajo un fresno delante de una \u201ccabana\u201d en el puerto Mieres. Como cincuenta a\u00f1os antes\u00a0 hac\u00eda en Jaca, de teniente.<\/p>\n\n<figure class=\"wp-block-image size-large\"><img decoding=\"async\" width=\"1024\" height=\"1024\" class=\"wp-image-716\" src=\"https:\/\/www.unioviedo.es\/cecodet\/wp-content\/uploads\/2026\/03\/a-1-1024x1024.jpg\" alt=\"\" srcset=\"https:\/\/www.unioviedo.es\/cecodet\/wp-content\/uploads\/2026\/03\/a-1-1024x1024.jpg 1024w, https:\/\/www.unioviedo.es\/cecodet\/wp-content\/uploads\/2026\/03\/a-1-300x300.jpg 300w, https:\/\/www.unioviedo.es\/cecodet\/wp-content\/uploads\/2026\/03\/a-1-150x150.jpg 150w, https:\/\/www.unioviedo.es\/cecodet\/wp-content\/uploads\/2026\/03\/a-1-768x768.jpg 768w, https:\/\/www.unioviedo.es\/cecodet\/wp-content\/uploads\/2026\/03\/a-1-100x100.jpg 100w\" sizes=\"(max-width: 767px) 89vw, (max-width: 1000px) 54vw, (max-width: 1071px) 543px, 580px\" \/><\/figure>\n\n<p>Descansa en paz, querido compa\u00f1ero . Al final te fall\u00f3 tu gran coraz\u00f3n.<\/p>\n\t\t\t\t\t\t\t\t<\/div>\n\t\t\t\t<\/div>\n\t\t\t\t\t<\/div>\n\t\t<\/div>\n\t\t\t\t\t<\/div>\n\t\t<\/section>\n\t\t\t\t<\/div>\n\t\t","protected":false},"excerpt":{"rendered":"<p>El s\u00e1bado 21 de marzo falleci\u00f3 repentinamente, mientras trabajaba en su finca de Meir\u00edn (Grado), D. Baldomero Arg\u00fcelles Gonz\u00e1lez, actualmente Profesor Honor\u00edfico del CeCodet de la Universidad de Oviedo, y antes\u00a0 Profesor Externo. El coronel Arg\u00fcelles se integr\u00f3 en el Centro despu\u00e9s de cesar como Delegado de Defensa en Asturias, cargo que ocup\u00f3 durante seis &hellip; <\/p>\n<p class=\"link-more\"><a href=\"https:\/\/www.unioviedo.es\/cecodet\/index.php\/2026\/03\/23\/fallece-nuestro-companero-baldomero-arguelles-gonzalez\/\" class=\"more-link\">Continuar leyendo<span class=\"screen-reader-text\"> \u00abFallece nuestro compa\u00f1ero Baldomero Arg\u00fcelles Gonz\u00e1lez\u00bb<\/span><\/a><\/p>\n","protected":false},"author":1,"featured_media":0,"comment_status":"closed","ping_status":"open","sticky":false,"template":"","format":"standard","meta":{"footnotes":""},"categories":[1],"tags":[],"class_list":["post-714","post","type-post","status-publish","format-standard","hentry","category-sin-categoria"],"_links":{"self":[{"href":"https:\/\/www.unioviedo.es\/cecodet\/index.php\/wp-json\/wp\/v2\/posts\/714","targetHints":{"allow":["GET"]}}],"collection":[{"href":"https:\/\/www.unioviedo.es\/cecodet\/index.php\/wp-json\/wp\/v2\/posts"}],"about":[{"href":"https:\/\/www.unioviedo.es\/cecodet\/index.php\/wp-json\/wp\/v2\/types\/post"}],"author":[{"embeddable":true,"href":"https:\/\/www.unioviedo.es\/cecodet\/index.php\/wp-json\/wp\/v2\/users\/1"}],"replies":[{"embeddable":true,"href":"https:\/\/www.unioviedo.es\/cecodet\/index.php\/wp-json\/wp\/v2\/comments?post=714"}],"version-history":[{"count":4,"href":"https:\/\/www.unioviedo.es\/cecodet\/index.php\/wp-json\/wp\/v2\/posts\/714\/revisions"}],"predecessor-version":[{"id":721,"href":"https:\/\/www.unioviedo.es\/cecodet\/index.php\/wp-json\/wp\/v2\/posts\/714\/revisions\/721"}],"wp:attachment":[{"href":"https:\/\/www.unioviedo.es\/cecodet\/index.php\/wp-json\/wp\/v2\/media?parent=714"}],"wp:term":[{"taxonomy":"category","embeddable":true,"href":"https:\/\/www.unioviedo.es\/cecodet\/index.php\/wp-json\/wp\/v2\/categories?post=714"},{"taxonomy":"post_tag","embeddable":true,"href":"https:\/\/www.unioviedo.es\/cecodet\/index.php\/wp-json\/wp\/v2\/tags?post=714"}],"curies":[{"name":"wp","href":"https:\/\/api.w.org\/{rel}","templated":true}]}}