{"id":722,"date":"2026-03-23T11:21:34","date_gmt":"2026-03-23T11:21:34","guid":{"rendered":"https:\/\/www.unioviedo.es\/cecodet\/?p=722"},"modified":"2026-03-23T11:42:07","modified_gmt":"2026-03-23T11:42:07","slug":"cecodet-asociado-al-ayuntamiento-de-mieres-participa-en-el-segundo-encuentro-interregional-de-euminda-en-kozani-grecia","status":"publish","type":"post","link":"https:\/\/www.unioviedo.es\/cecodet\/index.php\/2026\/03\/23\/cecodet-asociado-al-ayuntamiento-de-mieres-participa-en-el-segundo-encuentro-interregional-de-euminda-en-kozani-grecia\/","title":{"rendered":"CeCodet\u00a0asociado al\u00a0Ayuntamiento de Mieres, participa en el\u00a0 Segundo Encuentro Interregional de EUMINDA en Kozani\u00a0 (Grecia)\u00a0"},"content":{"rendered":"\t\t<div data-elementor-type=\"wp-post\" data-elementor-id=\"722\" class=\"elementor elementor-722\">\n\t\t\t\t\t\t<section class=\"elementor-section elementor-top-section elementor-element elementor-element-4c5b78ca elementor-section-boxed elementor-section-height-default elementor-section-height-default\" data-id=\"4c5b78ca\" data-element_type=\"section\" data-e-type=\"section\">\n\t\t\t\t\t\t<div class=\"elementor-container elementor-column-gap-default\">\n\t\t\t\t\t<div class=\"elementor-column elementor-col-100 elementor-top-column elementor-element elementor-element-7dd14517\" data-id=\"7dd14517\" data-element_type=\"column\" data-e-type=\"column\">\n\t\t\t<div class=\"elementor-widget-wrap elementor-element-populated\">\n\t\t\t\t\t\t<div class=\"elementor-element elementor-element-3a94fd20 elementor-widget elementor-widget-text-editor\" data-id=\"3a94fd20\" data-element_type=\"widget\" data-e-type=\"widget\" data-widget_type=\"text-editor.default\">\n\t\t\t\t<div class=\"elementor-widget-container\">\n\t\t\t\t\t\t\t\t\t<p>Cristina Pulgar, como representante del CeCodet&nbsp;y junto con otro representante del Ayuntamiento de Mieres, han participado en el II Encuentro Interregional del proyecto europeo EUMINDA, celebrado en Kozani (Grecia) del 9 al 11 de marzo de 2026.<\/p>\n<p><!-- \/wp:paragraph --><!-- wp:paragraph --><\/p>\n<p>La reuni\u00f3n congreg\u00f3 a socios, entidades asociadas y&nbsp;<em>stakeholders&nbsp;<\/em>de diferentes regiones europeas para avanzar en el intercambio de buenas pr\u00e1cticas en territorios afectados por la miner\u00eda y analizar los principales retos de la transici\u00f3n en estos contextos.<\/p>\n<p><!-- \/wp:paragraph --><!-- wp:paragraph --><\/p>\n<p>Durante las sesiones de trabajo, CeCodet present\u00f3 el caso de Mieres como ejemplo de regeneraci\u00f3n territorial post-minera, que fue valorado positivamente por los participantes, reforzando su posicionamiento dentro del proyecto.<\/p>\n<p><span style=\"font-size: 1rem;\">CeCodet forma parte de la triada de socios de operativos de conocimiento&nbsp; por lo que desarrolla un papel central en el an\u00e1lisis de las dimensiones socioecon\u00f3micas de la transici\u00f3n en regiones mineras. Este trabajo se articula en coordinaci\u00f3n con la Open University&nbsp;(Pa\u00edses Bajos), responsable de los aspectos jur\u00eddicos, y con la UEF (University of Eastern Finland) encargada de la dimensi\u00f3n de sostenibilidad.<\/span><\/p>\n<p><!-- \/wp:paragraph --><!-- wp:paragraph --><\/p>\n<p>La participaci\u00f3n en Kozani ha permitido avanzar en la definici\u00f3n de la siguiente fase del proyecto, centrada en la mejora de pol\u00edticas p\u00fablicas mediante la adaptaci\u00f3n de buenas pr\u00e1cticas a los distintos contextos regionales europeos.<\/p>\n<p><img decoding=\"async\" class=\"aligncenter\" src=\"https:\/\/www.interregeurope.eu\/sites\/default\/files\/styles\/large\/public\/paragraph_image_100\/5_3.jpeg?itok=axSo9ATI\" alt=\" Exchange of Good Practices and Solutions for the Transition of Mining Regions at the Second Interregional Partner Meeting\"><\/p>\n<p style=\"text-align: center;\"><em>Los miembros del proyecto durante una de las visitas de estudio<\/em><\/p>\n<p><!-- \/wp:paragraph --><\/p>\t\t\t\t\t\t\t\t<\/div>\n\t\t\t\t<\/div>\n\t\t\t\t\t<\/div>\n\t\t<\/div>\n\t\t\t\t\t<\/div>\n\t\t<\/section>\n\t\t\t\t<section class=\"elementor-section elementor-top-section elementor-element elementor-element-9e4c564 elementor-section-boxed elementor-section-height-default elementor-section-height-default\" data-id=\"9e4c564\" data-element_type=\"section\" data-e-type=\"section\">\n\t\t\t\t\t\t<div class=\"elementor-container elementor-column-gap-default\">\n\t\t\t\t\t<div class=\"elementor-column elementor-col-100 elementor-top-column elementor-element elementor-element-1678b18\" data-id=\"1678b18\" data-element_type=\"column\" data-e-type=\"column\">\n\t\t\t<div class=\"elementor-widget-wrap elementor-element-populated\">\n\t\t\t\t\t\t<div class=\"elementor-element elementor-element-6fd6b9d elementor-align-center elementor-widget elementor-widget-button\" data-id=\"6fd6b9d\" data-element_type=\"widget\" data-e-type=\"widget\" data-widget_type=\"button.default\">\n\t\t\t\t<div class=\"elementor-widget-container\">\n\t\t\t\t\t\t\t\t\t<div class=\"elementor-button-wrapper\">\n\t\t\t\t\t<a class=\"elementor-button elementor-button-link elementor-size-sm\" href=\"https:\/\/www.interregeurope.eu\/euminda\/news-and-events\/news\/press-relase\">\n\t\t\t\t\t\t<span class=\"elementor-button-content-wrapper\">\n\t\t\t\t\t\t\t\t\t<span class=\"elementor-button-text\">Leer m\u00e1s<\/span>\n\t\t\t\t\t<\/span>\n\t\t\t\t\t<\/a>\n\t\t\t\t<\/div>\n\t\t\t\t\t\t\t\t<\/div>\n\t\t\t\t<\/div>\n\t\t\t\t\t<\/div>\n\t\t<\/div>\n\t\t\t\t\t<\/div>\n\t\t<\/section>\n\t\t\t\t<\/div>\n\t\t","protected":false},"excerpt":{"rendered":"<p>Cristina Pulgar, como representante del CeCodet&nbsp;y junto con otro representante del Ayuntamiento de Mieres, han participado en el II Encuentro Interregional del proyecto europeo EUMINDA, celebrado en Kozani (Grecia) del 9 al 11 de marzo de 2026. La reuni\u00f3n congreg\u00f3 a socios, entidades asociadas y&nbsp;stakeholders&nbsp;de diferentes regiones europeas para avanzar en el intercambio de buenas &hellip; <\/p>\n<p class=\"link-more\"><a href=\"https:\/\/www.unioviedo.es\/cecodet\/index.php\/2026\/03\/23\/cecodet-asociado-al-ayuntamiento-de-mieres-participa-en-el-segundo-encuentro-interregional-de-euminda-en-kozani-grecia\/\" class=\"more-link\">Continuar leyendo<span class=\"screen-reader-text\"> \u00abCeCodet\u00a0asociado al\u00a0Ayuntamiento de Mieres, participa en el\u00a0 Segundo Encuentro Interregional de EUMINDA en Kozani\u00a0 (Grecia)\u00a0\u00ab<\/span><\/a><\/p>\n","protected":false},"author":1,"featured_media":0,"comment_status":"closed","ping_status":"open","sticky":false,"template":"","format":"standard","meta":{"footnotes":""},"categories":[1],"tags":[],"class_list":["post-722","post","type-post","status-publish","format-standard","hentry","category-sin-categoria"],"_links":{"self":[{"href":"https:\/\/www.unioviedo.es\/cecodet\/index.php\/wp-json\/wp\/v2\/posts\/722","targetHints":{"allow":["GET"]}}],"collection":[{"href":"https:\/\/www.unioviedo.es\/cecodet\/index.php\/wp-json\/wp\/v2\/posts"}],"about":[{"href":"https:\/\/www.unioviedo.es\/cecodet\/index.php\/wp-json\/wp\/v2\/types\/post"}],"author":[{"embeddable":true,"href":"https:\/\/www.unioviedo.es\/cecodet\/index.php\/wp-json\/wp\/v2\/users\/1"}],"replies":[{"embeddable":true,"href":"https:\/\/www.unioviedo.es\/cecodet\/index.php\/wp-json\/wp\/v2\/comments?post=722"}],"version-history":[{"count":6,"href":"https:\/\/www.unioviedo.es\/cecodet\/index.php\/wp-json\/wp\/v2\/posts\/722\/revisions"}],"predecessor-version":[{"id":729,"href":"https:\/\/www.unioviedo.es\/cecodet\/index.php\/wp-json\/wp\/v2\/posts\/722\/revisions\/729"}],"wp:attachment":[{"href":"https:\/\/www.unioviedo.es\/cecodet\/index.php\/wp-json\/wp\/v2\/media?parent=722"}],"wp:term":[{"taxonomy":"category","embeddable":true,"href":"https:\/\/www.unioviedo.es\/cecodet\/index.php\/wp-json\/wp\/v2\/categories?post=722"},{"taxonomy":"post_tag","embeddable":true,"href":"https:\/\/www.unioviedo.es\/cecodet\/index.php\/wp-json\/wp\/v2\/tags?post=722"}],"curies":[{"name":"wp","href":"https:\/\/api.w.org\/{rel}","templated":true}]}}