{"id":731,"date":"2026-04-24T12:42:47","date_gmt":"2026-04-24T12:42:47","guid":{"rendered":"https:\/\/www.unioviedo.es\/cecodet\/?p=731"},"modified":"2026-04-24T12:48:46","modified_gmt":"2026-04-24T12:48:46","slug":"abierta-la-preinscripcion-para-el-cgi-sela-2026","status":"publish","type":"post","link":"https:\/\/www.unioviedo.es\/cecodet\/index.php\/2026\/04\/24\/abierta-la-preinscripcion-para-el-cgi-sela-2026\/","title":{"rendered":"Abierta la preinscripci\u00f3n para el CGI Sela 2026"},"content":{"rendered":"\t\t<div data-elementor-type=\"wp-post\" data-elementor-id=\"731\" class=\"elementor elementor-731\">\n\t\t\t\t\t\t<section class=\"elementor-section elementor-top-section elementor-element elementor-element-7d7662f elementor-section-boxed elementor-section-height-default elementor-section-height-default\" data-id=\"7d7662f\" data-element_type=\"section\" data-e-type=\"section\">\n\t\t\t\t\t\t<div class=\"elementor-container elementor-column-gap-default\">\n\t\t\t\t\t<div class=\"elementor-column elementor-col-100 elementor-top-column elementor-element elementor-element-72f352c\" data-id=\"72f352c\" data-element_type=\"column\" data-e-type=\"column\">\n\t\t\t<div class=\"elementor-widget-wrap elementor-element-populated\">\n\t\t\t\t\t\t<div class=\"elementor-element elementor-element-b858c3f elementor-widget elementor-widget-text-editor\" data-id=\"b858c3f\" data-element_type=\"widget\" data-e-type=\"widget\" data-widget_type=\"text-editor.default\">\n\t\t\t\t<div class=\"elementor-widget-container\">\n\t\t\t\t\t\t\t\t\t<div data-olk-copy-source=\"MessageBody\">El Campamento Geogr\u00e1fico Itinerante (CGI) regresa en 2026 con una nueva edici\u00f3n bajo el t\u00edtulo \u201cCGI-Sela: Paisaje y paisanaje desde La Mesa\u201d.<\/div><div>Organizado por el CeCodet de la Universidad de Oviedo, junto con el Regimiento de Infanter\u00eda \u201cPr\u00edncipe\u201d n\u00ba3\u00a0y la Fundaci\u00f3n Universidad de Oviedo (FUO), el CGI-Sela contin\u00faa la tradici\u00f3n de las excursiones instructivas vinculadas a la figura de Aniceto Sela. Esta edici\u00f3n se celebra en memoria del Col. Baldomero Arg\u00fcelles, querido compa\u00f1ero en ediciones pasadas, recientemente fallecido.<\/div><div>Durante cuatro jornadas, los participantes recorrer\u00e1n espacios como Somiedo o Laciana, combinando marchas de monta\u00f1a, actividades en equipo y sesiones con especialistas sobre temas como el cambio global, la gesti\u00f3n del territorio o los retos del medio rural.<\/div><div>\u00a0<\/div><div><img fetchpriority=\"high\" decoding=\"async\" class=\"alignnone size-full wp-image-733\" src=\"http:\/\/www.unioviedo.es\/cecodet\/wp-content\/uploads\/2026\/04\/1.jpg\" alt=\"\" width=\"1414\" height=\"2000\" srcset=\"https:\/\/www.unioviedo.es\/cecodet\/wp-content\/uploads\/2026\/04\/1.jpg 1414w, https:\/\/www.unioviedo.es\/cecodet\/wp-content\/uploads\/2026\/04\/1-1086x1536.jpg 1086w\" sizes=\"(max-width: 767px) 89vw, (max-width: 1000px) 54vw, (max-width: 1071px) 543px, 580px\" \/><\/div><div>\u00a0<\/div><div>Fechas:<\/div><div>Del 29 de junio al 2 de julio de 2026<\/div><div>\u00a0<\/div><div>Programa y preinscripci\u00f3n:<\/div><div>El programa completo, con itinerarios, rutas y condiciones de participaci\u00f3n, puede consultarse en la gu\u00eda oficial:<\/div><div>\u00a0<\/div><p style=\"text-align: center;\"><span style=\"text-decoration: underline;\"><a href=\"http:\/\/www.unioviedo.es\/cecodet\/wp-content\/uploads\/2026\/04\/Guia-docente-CGI-Sela-26-V8.pdf\">Gu\u00eda de preinscripci\u00f3n 2026<\/a><\/span><\/p><div>\u00a0<\/div><div>Para formalizar la preinscripci\u00f3n es necesario cumplimentar los formularios incluidos en el anexo de la gu\u00eda y enviarlos por correo electr\u00f3nico a la direcci\u00f3n: congresos.fuo@uniovi.es\u00a0<\/div><div>\u00a0<\/div><div>Las plazas se adjudicar\u00e1n por orden de preinscripci\u00f3n, siempre que se cumplan los requisitos establecidos.<\/div><div>\u00a0<\/div><div>Dada la naturaleza de la actividad, que incluye marchas de monta\u00f1a y trabajo de campo en condiciones variables, se requiere una condici\u00f3n f\u00edsica adecuada para participar.<\/div>\t\t\t\t\t\t\t\t<\/div>\n\t\t\t\t<\/div>\n\t\t\t\t\t<\/div>\n\t\t<\/div>\n\t\t\t\t\t<\/div>\n\t\t<\/section>\n\t\t\t\t<\/div>\n\t\t","protected":false},"excerpt":{"rendered":"<p>El Campamento Geogr\u00e1fico Itinerante (CGI) regresa en 2026 con una nueva edici\u00f3n bajo el t\u00edtulo \u201cCGI-Sela: Paisaje y paisanaje desde La Mesa\u201d.Organizado por el CeCodet de la Universidad de Oviedo, junto con el Regimiento de Infanter\u00eda \u201cPr\u00edncipe\u201d n\u00ba3\u00a0y la Fundaci\u00f3n Universidad de Oviedo (FUO), el CGI-Sela contin\u00faa la tradici\u00f3n de las excursiones instructivas vinculadas a &hellip; <\/p>\n<p class=\"link-more\"><a href=\"https:\/\/www.unioviedo.es\/cecodet\/index.php\/2026\/04\/24\/abierta-la-preinscripcion-para-el-cgi-sela-2026\/\" class=\"more-link\">Continuar leyendo<span class=\"screen-reader-text\"> \u00abAbierta la preinscripci\u00f3n para el CGI Sela 2026\u00bb<\/span><\/a><\/p>\n","protected":false},"author":1,"featured_media":0,"comment_status":"closed","ping_status":"open","sticky":false,"template":"","format":"standard","meta":{"footnotes":""},"categories":[1],"tags":[],"class_list":["post-731","post","type-post","status-publish","format-standard","hentry","category-sin-categoria"],"_links":{"self":[{"href":"https:\/\/www.unioviedo.es\/cecodet\/index.php\/wp-json\/wp\/v2\/posts\/731","targetHints":{"allow":["GET"]}}],"collection":[{"href":"https:\/\/www.unioviedo.es\/cecodet\/index.php\/wp-json\/wp\/v2\/posts"}],"about":[{"href":"https:\/\/www.unioviedo.es\/cecodet\/index.php\/wp-json\/wp\/v2\/types\/post"}],"author":[{"embeddable":true,"href":"https:\/\/www.unioviedo.es\/cecodet\/index.php\/wp-json\/wp\/v2\/users\/1"}],"replies":[{"embeddable":true,"href":"https:\/\/www.unioviedo.es\/cecodet\/index.php\/wp-json\/wp\/v2\/comments?post=731"}],"version-history":[{"count":4,"href":"https:\/\/www.unioviedo.es\/cecodet\/index.php\/wp-json\/wp\/v2\/posts\/731\/revisions"}],"predecessor-version":[{"id":737,"href":"https:\/\/www.unioviedo.es\/cecodet\/index.php\/wp-json\/wp\/v2\/posts\/731\/revisions\/737"}],"wp:attachment":[{"href":"https:\/\/www.unioviedo.es\/cecodet\/index.php\/wp-json\/wp\/v2\/media?parent=731"}],"wp:term":[{"taxonomy":"category","embeddable":true,"href":"https:\/\/www.unioviedo.es\/cecodet\/index.php\/wp-json\/wp\/v2\/categories?post=731"},{"taxonomy":"post_tag","embeddable":true,"href":"https:\/\/www.unioviedo.es\/cecodet\/index.php\/wp-json\/wp\/v2\/tags?post=731"}],"curies":[{"name":"wp","href":"https:\/\/api.w.org\/{rel}","templated":true}]}}