{"id":1682,"date":"2023-04-12T07:39:40","date_gmt":"2023-04-12T07:39:40","guid":{"rendered":"https:\/\/www.unioviedo.es\/fincorp\/?p=1682"},"modified":"2023-04-12T07:53:00","modified_gmt":"2023-04-12T07:53:00","slug":"colaboracion-con-la-recogida-solidaria-para-el-comedor-social-de-aviles","status":"publish","type":"post","link":"https:\/\/www.unioviedo.es\/fincorp\/index.php\/2023\/04\/12\/colaboracion-con-la-recogida-solidaria-para-el-comedor-social-de-aviles\/","title":{"rendered":"Colaboraci\u00f3n con la Recogida Solidaria para el Comedor Social de Avil\u00e9s"},"content":{"rendered":"\n<div class=\"wp-block-group is-vertical is-layout-flex wp-container-core-group-is-layout-8cf370e7 wp-block-group-is-layout-flex\">\n<p>Participamos en la Recogida Solidaria para el Comedor Social de Avil\u00e9s que organiza los d\u00edas 26, 27 y 28 de abril la C\u00e1tedra Concepci\u00f3n Arenal Agenda 2030 en colaboraci\u00f3n con la Cl\u00ednica Jur\u00eddica de la Facultad de Derecho y el CSU de Avil\u00e9s. Si eres estudiante y quieres apuntarte, escribe a: <a rel=\"noreferrer noopener\" href=\"mailto:caagenda2030@uniovi.es\" target=\"_blank\">caagenda2030@uniovi.es<\/a><\/p>\n\n\n\n<p>La recogida se realizar\u00e1 de 8:30 a 20:00 en el Hall de la Facultad de Derecho y en el CSU de Avil\u00e9s.<\/p>\n\n\n\n<p>M\u00e1s informaci\u00f3n en:<\/p>\n\n\n\n<p><a href=\"https:\/\/caagenda2030.uniovi.es\/\">caagenda2030.uniovi.es<\/a><\/p>\n<\/div>\n\n\n\n<div style=\"height:35px\" aria-hidden=\"true\" class=\"wp-block-spacer\"><\/div>\n\n\n\n<figure class=\"wp-block-image size-large is-resized\"><img loading=\"lazy\" decoding=\"async\" src=\"https:\/\/www.unioviedo.es\/fincorp\/wp-content\/uploads\/2023\/04\/Cartel-Recogida-Solidaria-con-el-Comedor-Social-de-Aviles-724x1024.jpg\" alt=\"\" class=\"wp-image-1684\" width=\"600\" height=\"849\" srcset=\"https:\/\/www.unioviedo.es\/fincorp\/wp-content\/uploads\/2023\/04\/Cartel-Recogida-Solidaria-con-el-Comedor-Social-de-Aviles-724x1024.jpg 724w, https:\/\/www.unioviedo.es\/fincorp\/wp-content\/uploads\/2023\/04\/Cartel-Recogida-Solidaria-con-el-Comedor-Social-de-Aviles-212x300.jpg 212w, https:\/\/www.unioviedo.es\/fincorp\/wp-content\/uploads\/2023\/04\/Cartel-Recogida-Solidaria-con-el-Comedor-Social-de-Aviles-768x1086.jpg 768w, https:\/\/www.unioviedo.es\/fincorp\/wp-content\/uploads\/2023\/04\/Cartel-Recogida-Solidaria-con-el-Comedor-Social-de-Aviles-1086x1536.jpg 1086w, https:\/\/www.unioviedo.es\/fincorp\/wp-content\/uploads\/2023\/04\/Cartel-Recogida-Solidaria-con-el-Comedor-Social-de-Aviles.jpg 1131w\" sizes=\"auto, (max-width: 600px) 100vw, 600px\" \/><\/figure>\n","protected":false},"excerpt":{"rendered":"<p>Participamos en la Recogida Solidaria para el Comedor Social de Avil\u00e9s que organiza los d\u00edas 26, 27 y 28 de abril la C\u00e1tedra Concepci\u00f3n Arenal Agenda 2030 en colaboraci\u00f3n con la Cl\u00ednica Jur\u00eddica de la Facultad de Derecho y el CSU de Avil\u00e9s. Si eres estudiante y quieres apuntarte, escribe a: caagenda2030@uniovi.es La recogida se&hellip;&nbsp;<a href=\"https:\/\/www.unioviedo.es\/fincorp\/index.php\/2023\/04\/12\/colaboracion-con-la-recogida-solidaria-para-el-comedor-social-de-aviles\/\" rel=\"bookmark\">Leer m\u00e1s &raquo;<span class=\"screen-reader-text\">Colaboraci\u00f3n con la Recogida Solidaria para el Comedor Social de Avil\u00e9s<\/span><\/a><\/p>\n","protected":false},"author":1,"featured_media":373,"comment_status":"closed","ping_status":"open","sticky":false,"template":"","format":"standard","meta":{"neve_meta_sidebar":"","neve_meta_container":"","neve_meta_enable_content_width":"","neve_meta_content_width":0,"neve_meta_title_alignment":"","neve_meta_author_avatar":"","neve_post_elements_order":"","neve_meta_disable_header":"","neve_meta_disable_footer":"","neve_meta_disable_title":"","footnotes":""},"categories":[115],"tags":[119,117],"class_list":["post-1682","post","type-post","status-publish","format-standard","has-post-thumbnail","hentry","category-colaboraciones","tag-catedra-concepcion-arenal-de-agenda-2030","tag-colaboraciones"],"_links":{"self":[{"href":"https:\/\/www.unioviedo.es\/fincorp\/index.php\/wp-json\/wp\/v2\/posts\/1682","targetHints":{"allow":["GET"]}}],"collection":[{"href":"https:\/\/www.unioviedo.es\/fincorp\/index.php\/wp-json\/wp\/v2\/posts"}],"about":[{"href":"https:\/\/www.unioviedo.es\/fincorp\/index.php\/wp-json\/wp\/v2\/types\/post"}],"author":[{"embeddable":true,"href":"https:\/\/www.unioviedo.es\/fincorp\/index.php\/wp-json\/wp\/v2\/users\/1"}],"replies":[{"embeddable":true,"href":"https:\/\/www.unioviedo.es\/fincorp\/index.php\/wp-json\/wp\/v2\/comments?post=1682"}],"version-history":[{"count":9,"href":"https:\/\/www.unioviedo.es\/fincorp\/index.php\/wp-json\/wp\/v2\/posts\/1682\/revisions"}],"predecessor-version":[{"id":1692,"href":"https:\/\/www.unioviedo.es\/fincorp\/index.php\/wp-json\/wp\/v2\/posts\/1682\/revisions\/1692"}],"wp:featuredmedia":[{"embeddable":true,"href":"https:\/\/www.unioviedo.es\/fincorp\/index.php\/wp-json\/wp\/v2\/media\/373"}],"wp:attachment":[{"href":"https:\/\/www.unioviedo.es\/fincorp\/index.php\/wp-json\/wp\/v2\/media?parent=1682"}],"wp:term":[{"taxonomy":"category","embeddable":true,"href":"https:\/\/www.unioviedo.es\/fincorp\/index.php\/wp-json\/wp\/v2\/categories?post=1682"},{"taxonomy":"post_tag","embeddable":true,"href":"https:\/\/www.unioviedo.es\/fincorp\/index.php\/wp-json\/wp\/v2\/tags?post=1682"}],"curies":[{"name":"wp","href":"https:\/\/api.w.org\/{rel}","templated":true}]}}