{"id":1951,"date":"2023-09-15T08:34:21","date_gmt":"2023-09-15T08:34:21","guid":{"rendered":"https:\/\/www.unioviedo.es\/fincorp\/?p=1951"},"modified":"2025-06-11T06:53:29","modified_gmt":"2025-06-11T06:53:29","slug":"participacion-en-aula-de-extension-universitaria-sobre-agenda-2030","status":"publish","type":"post","link":"https:\/\/www.unioviedo.es\/fincorp\/index.php\/2023\/09\/15\/participacion-en-aula-de-extension-universitaria-sobre-agenda-2030\/","title":{"rendered":"Participaci\u00f3n en Aula de Extensi\u00f3n Universitaria sobre Agenda 2030"},"content":{"rendered":"\n<div class=\"wp-block-group is-vertical is-layout-flex wp-container-core-group-is-layout-8cf370e7 wp-block-group-is-layout-flex\">\n<p>Miembros del grupo (Silvia G\u00f3mez Ans\u00f3n e Irma Mart\u00ednez Garc\u00eda) participan (como docentes y como co-directora -Irma Mart\u00ednez-) en el Aula de Extensi\u00f3n Universitaria \u00abLa Agenda 2030 de las Naciones Unidas: una aproximaci\u00f3n multidisciplinar para identificar y comprender los Objetivos de Desarrollo Sostenible (ODS)\u00bb,&nbsp;impulsada por la C\u00e1tedra Concepci\u00f3n Arenal de Agenda 2030 de la Universidad de Oviedo. El Aula de Extensi\u00f3n se impartir\u00e1 en el Ateneo Obrero de Villaviciosa cada lunes entre el 11 de septiembre y el 27 de noviembre, en horario de 19:00h a 20:30h.<\/p>\n\n\n\n<p>M\u00e1s informaci\u00f3n en:<\/p>\n\n\n\n<p><a rel=\"noreferrer noopener\" href=\"https:\/\/www.uniovi.es\/estudia\/extension\/aulas\/-\/asset_publisher\/V5zhy2mAzWX6\/ofertaViva\/id\/4586526\" target=\"_blank\">https:\/\/www.uniovi.es\/estudia\/extension\/aulas\/-\/asset_publisher\/V5zhy2mAzWX6\/ofertaViva\/id\/4586526<\/a><\/p>\n<\/div>\n","protected":false},"excerpt":{"rendered":"<p>Miembros del grupo (Silvia G\u00f3mez Ans\u00f3n e Irma Mart\u00ednez Garc\u00eda) participan (como docentes y como co-directora -Irma Mart\u00ednez-) en el Aula de Extensi\u00f3n Universitaria \u00abLa Agenda 2030 de las Naciones Unidas: una aproximaci\u00f3n multidisciplinar para identificar y comprender los Objetivos de Desarrollo Sostenible (ODS)\u00bb,\u00a0impulsada por la C\u00e1tedra Concepci\u00f3n Arenal de Agenda 2030 de la Universidad de Oviedo. El Aula de Extensi\u00f3n se impartir\u00e1 en el Ateneo Obrero de Villaviciosa cada lunes entre el 11 de septiembre y el 27 de noviembre, en horario de 19:00h a 20:30h.<\/p>\n","protected":false},"author":1,"featured_media":373,"comment_status":"closed","ping_status":"open","sticky":false,"template":"","format":"standard","meta":{"neve_meta_sidebar":"","neve_meta_container":"","neve_meta_enable_content_width":"","neve_meta_content_width":0,"neve_meta_title_alignment":"","neve_meta_author_avatar":"","neve_post_elements_order":"","neve_meta_disable_header":"","neve_meta_disable_footer":"","neve_meta_disable_title":"","footnotes":""},"categories":[72,305],"tags":[74,188,309,182],"class_list":["post-1951","post","type-post","status-publish","format-standard","has-post-thumbnail","hentry","category-actividades-es","category-divgenemp","tag-actividades","tag-cursos","tag-divgenemp","tag-transferencia"],"_links":{"self":[{"href":"https:\/\/www.unioviedo.es\/fincorp\/index.php\/wp-json\/wp\/v2\/posts\/1951","targetHints":{"allow":["GET"]}}],"collection":[{"href":"https:\/\/www.unioviedo.es\/fincorp\/index.php\/wp-json\/wp\/v2\/posts"}],"about":[{"href":"https:\/\/www.unioviedo.es\/fincorp\/index.php\/wp-json\/wp\/v2\/types\/post"}],"author":[{"embeddable":true,"href":"https:\/\/www.unioviedo.es\/fincorp\/index.php\/wp-json\/wp\/v2\/users\/1"}],"replies":[{"embeddable":true,"href":"https:\/\/www.unioviedo.es\/fincorp\/index.php\/wp-json\/wp\/v2\/comments?post=1951"}],"version-history":[{"count":4,"href":"https:\/\/www.unioviedo.es\/fincorp\/index.php\/wp-json\/wp\/v2\/posts\/1951\/revisions"}],"predecessor-version":[{"id":3480,"href":"https:\/\/www.unioviedo.es\/fincorp\/index.php\/wp-json\/wp\/v2\/posts\/1951\/revisions\/3480"}],"wp:featuredmedia":[{"embeddable":true,"href":"https:\/\/www.unioviedo.es\/fincorp\/index.php\/wp-json\/wp\/v2\/media\/373"}],"wp:attachment":[{"href":"https:\/\/www.unioviedo.es\/fincorp\/index.php\/wp-json\/wp\/v2\/media?parent=1951"}],"wp:term":[{"taxonomy":"category","embeddable":true,"href":"https:\/\/www.unioviedo.es\/fincorp\/index.php\/wp-json\/wp\/v2\/categories?post=1951"},{"taxonomy":"post_tag","embeddable":true,"href":"https:\/\/www.unioviedo.es\/fincorp\/index.php\/wp-json\/wp\/v2\/tags?post=1951"}],"curies":[{"name":"wp","href":"https:\/\/api.w.org\/{rel}","templated":true}]}}