{"id":2793,"date":"2024-10-02T05:57:49","date_gmt":"2024-10-02T05:57:49","guid":{"rendered":"https:\/\/www.unioviedo.es\/fincorp\/?p=2793"},"modified":"2024-10-03T11:01:23","modified_gmt":"2024-10-03T11:01:23","slug":"evento-de-presentacion-del-estudio-sobre-violencias-economicas-y-salud-financiera-perspectiva-legal","status":"publish","type":"post","link":"https:\/\/www.unioviedo.es\/fincorp\/index.php\/2024\/10\/02\/evento-de-presentacion-del-estudio-sobre-violencias-economicas-y-salud-financiera-perspectiva-legal\/","title":{"rendered":"Evento de presentaci\u00f3n del estudio \u00abViolencias Econ\u00f3micas y Salud Financiera: Un Estudio Jur\u00eddico\u00bb"},"content":{"rendered":"\n<p>El 2 de octubre, tendr\u00e1 lugar en el Aula Magna de la Universidad de Oviedo el <strong>evento de presentaci\u00f3n del estudio \u00abViolencias Econ\u00f3micas y Salud Financiera: Un Estudio Jur\u00eddico\u00bb<\/strong>, que hemos desarrollado la Fundaci\u00f3n Nantik Lum y la Universidad de Oviedo.<\/p>\n\n\n\n<p>El estudio que presentamos ofrece una visi\u00f3n detallada y multidimensional de la violencia econ\u00f3mica desde una perspectiva jur\u00eddica. Nuestra meta es sensibilizar a la poblaci\u00f3n en general y la Administraci\u00f3n P\u00fablica sobre esta problem\u00e1tica y trabajar hacia su erradicaci\u00f3n, estudiando y&nbsp;formando a mujeres y profesionales de entidades sociales para que puedan detectarla, prevenirla y denunciarla efectivamente.<\/p>\n\n\n\n<p>Durante el evento, contaremos con la participaci\u00f3n de personas destacadas como&nbsp;<strong>Juan Carlos San Pedro Veledo<\/strong>, Vicerrector de Planificaci\u00f3n Estrat\u00e9gica y Coordinaci\u00f3n de Campus de la Universidad de Oviedo,&nbsp;<strong>Mar\u00eda Jes\u00fas \u00c1lvarez<\/strong>, Directora General de Igualdad del Principado de Asturias;&nbsp;<strong>Mar\u00eda Garc\u00eda<\/strong>, Presidenta Asociaci\u00f3n Isadora Duncan y&nbsp;<strong>Javier Gonz\u00e1lez Vega<\/strong>, Catedr\u00e1tico Derecho Internacional P\u00fablico Universidad de Oviedo, entre otros.<\/p>\n\n\n\n<p>Inscripci\u00f3n en el link:<\/p>\n\n\n\n<p><a href=\"https:\/\/urldefense.com\/v3\/__https:\/forms.office.com\/e\/ZeuDZwBbhx?origin=lprLink__;!!D9dNQwwGXtA!VaxgmZbQLuAYfqzwmm6Ut_F13bBDBsrjAdTDz-XBHaxBvas5_MoIWD-2QbA3GYQ8gYMoY5Mpys9MmUqvOL9O8pXNgUkLxnU$\">https:\/\/forms.office.com\/e\/ZeuDZwBbhx?origin=lprLink<\/a><\/p>\n\n\n\n<div style=\"height:15px\" aria-hidden=\"true\" class=\"wp-block-spacer\"><\/div>\n\n\n\n<p>Programa del evento, resumen del estudio y estudio completo:<\/p>\n\n\n\n<div class=\"wp-block-file\"><a id=\"wp-block-file--media-b9bdaba4-a261-4b0d-81b5-003f18732f5d\" href=\"https:\/\/www.unioviedo.es\/fincorp\/wp-content\/uploads\/2024\/07\/Programa-Evento-2-de-octubre-Oviedo.pdf\">Programa Evento 2 de octubre Oviedo<\/a><a href=\"https:\/\/www.unioviedo.es\/fincorp\/wp-content\/uploads\/2024\/07\/Programa-Evento-2-de-octubre-Oviedo.pdf\" class=\"wp-block-file__button wp-element-button\" download aria-describedby=\"wp-block-file--media-b9bdaba4-a261-4b0d-81b5-003f18732f5d\">Descarga<\/a><\/div>\n\n\n\n<div class=\"wp-block-file\"><a id=\"wp-block-file--media-02e77b0b-d05f-4aa3-9ef2-8175205a4fe1\" href=\"https:\/\/www.unioviedo.es\/fincorp\/wp-content\/uploads\/2024\/09\/Resumen-Violencias-Economicas.pdf\">Resumen-Violencias Econo\u0301micas<\/a><a href=\"https:\/\/www.unioviedo.es\/fincorp\/wp-content\/uploads\/2024\/09\/Resumen-Violencias-Economicas.pdf\" class=\"wp-block-file__button wp-element-button\" download aria-describedby=\"wp-block-file--media-02e77b0b-d05f-4aa3-9ef2-8175205a4fe1\">Descarga<\/a><\/div>\n\n\n\n<div class=\"wp-block-file\"><a id=\"wp-block-file--media-a55cacb2-daa5-45ff-8d39-7d5aca73398c\" href=\"https:\/\/www.unioviedo.es\/fincorp\/wp-content\/uploads\/2024\/09\/Libro-ViolenciasEconomicas.pdf\">Libro-ViolenciasEcono\u0301micas<\/a><a href=\"https:\/\/www.unioviedo.es\/fincorp\/wp-content\/uploads\/2024\/09\/Libro-ViolenciasEconomicas.pdf\" class=\"wp-block-file__button wp-element-button\" download aria-describedby=\"wp-block-file--media-a55cacb2-daa5-45ff-8d39-7d5aca73398c\">Descarga<\/a><\/div>\n\n\n\n<div style=\"height:30px\" aria-hidden=\"true\" class=\"wp-block-spacer\"><\/div>\n\n\n\n<figure class=\"wp-block-image size-large\"><img loading=\"lazy\" decoding=\"async\" width=\"1024\" height=\"768\" src=\"https:\/\/www.unioviedo.es\/fincorp\/wp-content\/uploads\/2024\/10\/EventoNantikLum-2octubre2024-1024x768.jpg\" alt=\"\" class=\"wp-image-3042\" srcset=\"https:\/\/www.unioviedo.es\/fincorp\/wp-content\/uploads\/2024\/10\/EventoNantikLum-2octubre2024-1024x768.jpg 1024w, https:\/\/www.unioviedo.es\/fincorp\/wp-content\/uploads\/2024\/10\/EventoNantikLum-2octubre2024-300x225.jpg 300w, https:\/\/www.unioviedo.es\/fincorp\/wp-content\/uploads\/2024\/10\/EventoNantikLum-2octubre2024-768x576.jpg 768w, https:\/\/www.unioviedo.es\/fincorp\/wp-content\/uploads\/2024\/10\/EventoNantikLum-2octubre2024.jpg 1534w\" sizes=\"auto, (max-width: 1024px) 100vw, 1024px\" \/><\/figure>\n\n\n\n<div style=\"height:30px\" aria-hidden=\"true\" class=\"wp-block-spacer\"><\/div>\n\n\n\n<p>Links:<\/p>\n\n\n\n<p><a href=\"https:\/\/www.elcomercio.es\/asturias\/115-mujeres-sufren-violencia-economica-20241003224433-nt.html?ref=https%3A%2F%2Fwww.elcomercio.es%2Fasturias%2F115-mujeres-sufren-violencia-economica-20241003224433-nt.html\">https:\/\/www.elcomercio.es\/asturias\/115-mujeres-sufren-violencia-economica-20241003224433-nt.html?ref=https%3A%2F%2Fwww.elcomercio.es%2Fasturias%2F115-mujeres-sufren-violencia-economica-20241003224433-nt.html<\/a><\/p>\n\n\n\n<p><a href=\"https:\/\/www.cope.es\/emisoras\/asturias\/noticias\/hombre-lleve-cuentas-pareja-violencia-economica-20241002_3021201.html\">https:\/\/www.cope.es\/emisoras\/asturias\/noticias\/hombre-lleve-cuentas-pareja-violencia-economica-20241002_3021201.html<\/a><\/p>\n\n\n\n<p><a href=\"https:\/\/www.diariojuridico.com\/la-educacion-financiera-la-clave-para-combatir-la-violencia-economica-que-afecta-al-12-de-las-mujeres-en-espana\/\">https:\/\/www.diariojuridico.com\/la-educacion-financiera-la-clave-para-combatir-la-violencia-economica-que-afecta-al-12-de-las-mujeres-en-espana\/<\/a><\/p>\n\n\n\n<p><a href=\"https:\/\/www.rtpa.es\/noticias-asturias\/2024-10-02\/Un-estudio-concluye-que-las-violencias-economicas-afectan-al-11,5-de-mujeres-en-Espa%C3%B1a_111727865014.html\">https:\/\/www.rtpa.es\/noticias-asturias\/2024-10-02\/Un-estudio-concluye-que-las-violencias-economicas-afectan-al-11,5-de-mujeres-en-Espa%C3%B1a_111727865014.html<\/a><\/p>\n\n\n\n<p><a href=\"https:\/\/www.elconfidencialdigital.com\/articulo\/ultima-hora\/estudio-universidad-oviedo-pide-regulacion-juridica-violencias-economicas-mujeres\/20241002090242851472.html\">https:\/\/www.elconfidencialdigital.com\/articulo\/ultima-hora\/estudio-universidad-oviedo-pide-regulacion-juridica-violencias-economicas-mujeres\/20241002090242851472.html<\/a><\/p>\n\n\n\n<p><a href=\"https:\/\/www.pressdigital.es\/articulo\/economia\/2024-10-02\/5017745-estudio-universidad-oviedo-pide-regulacion-juridica-violencias-economicas-hacia-mujeres?utm_source=google&amp;utm_medium=clic&amp;utm_campaign=sitemapnews\">https:\/\/www.pressdigital.es\/articulo\/economia\/2024-10-02\/5017745-estudio-universidad-oviedo-pide-regulacion-juridica-violencias-economicas-hacia-mujeres?utm_source=google&amp;utm_medium=clic&amp;utm_campaign=sitemapnews<\/a><\/p>\n\n\n\n<p><a href=\"https:\/\/www.diariosigloxxi.com\/texto-ep\/mostrar\/20241002110123\/estudio-universidad-oviedo-pide-regulacion-juridica-violencias-economicas-hacia-mujeres\">https:\/\/www.diariosigloxxi.com\/texto-ep\/mostrar\/20241002110123\/estudio-universidad-oviedo-pide-regulacion-juridica-violencias-economicas-hacia-mujeres<\/a><\/p>\n\n\n\n<p><a href=\"https:\/\/www.estrategiasdeinversion.com\/actualidad\/noticias\/otras\/un-estudio-de-la-universidad-de-oviedo-pide-la-n-748887\">https:\/\/www.estrategiasdeinversion.com\/actualidad\/noticias\/otras\/un-estudio-de-la-universidad-de-oviedo-pide-la-n-748887<\/a><\/p>\n\n\n\n<p><a href=\"https:\/\/www.europapress.es\/asturias\/noticia-estudio-pide-regulacion-juridica-violencias-economicas-mujeres-20241002105721.html\">https:\/\/www.europapress.es\/asturias\/noticia-estudio-pide-regulacion-juridica-violencias-economicas-mujeres-20241002105721.html<\/a><\/p>\n\n\n\n<p><a href=\"http:\/\/www.gentedigital.es\/oviedo\/noticia\/3910493\/un-estudio-pide-la-regulacion-juridica-de-las-violencias-economicas-hacia-las-mujeres\/\">http:\/\/www.gentedigital.es\/oviedo\/noticia\/3910493\/un-estudio-pide-la-regulacion-juridica-de-las-violencias-economicas-hacia-las-mujeres\/<\/a><\/p>\n\n\n\n<p><a href=\"https:\/\/www.lavanguardia.com\/local\/asturias\/20241002\/9989232\/estudio-pide-regulacion-juridica-violencias-economicas-mujeres-agenciaslv20241002.html\">https:\/\/www.lavanguardia.com\/local\/asturias\/20241002\/9989232\/estudio-pide-regulacion-juridica-violencias-economicas-mujeres-agenciaslv20241002.html<\/a><\/p>\n\n\n\n<p><a href=\"https:\/\/www.elcomercio.es\/asturias\/violencia-economica-forma-maltrato-mujeres-estudio-20241002162647-nt.html\">https:\/\/www.elcomercio.es\/asturias\/violencia-economica-forma-maltrato-mujeres-estudio-20241002162647-nt.html<\/a><\/p>\n\n\n\n<p><a href=\"https:\/\/www.valenciaextra.com\/es\/sociedad\/implantar-educacion-financiera-colegios-conceptos-basicos_562967_102.html#:~:text=El%20desconocimiento%20financiero%20puede%20desencadenar,5%20%25%20de%20mujeres%20en%20Espa\u00f1a&amp;text=El%20\u00faltimo%20informe%20PISA%20puso,que%20tiene%20el%20estudiantado%20espa\u00f1ol.\">https:\/\/www.valenciaextra.com\/es\/sociedad\/implantar-educacion-financiera-colegios-conceptos-basicos_562967_102.html<\/a><\/p>\n\n\n\n<p><a href=\"https:\/\/www.larazon.es\/sociedad\/115-mujeres-sufre-maltrato-economico_2024100266fd7d1564da6200016f757c.html\">https:\/\/www.larazon.es\/sociedad\/115-mujeres-sufre-maltrato-economico_2024100266fd7d1564da6200016f757c.html<\/a><\/p>\n\n\n\n<div style=\"height:30px\" aria-hidden=\"true\" class=\"wp-block-spacer\"><\/div>\n\n\n\n<figure class=\"wp-block-image size-full is-resized\"><img loading=\"lazy\" decoding=\"async\" width=\"600\" height=\"147\" src=\"http:\/\/www.unioviedo.es\/fincorp\/wp-content\/uploads\/2023\/03\/Finanzas-para-Todos.png\" alt=\"\" class=\"wp-image-1603\" style=\"width:400px\" srcset=\"https:\/\/www.unioviedo.es\/fincorp\/wp-content\/uploads\/2023\/03\/Finanzas-para-Todos.png 600w, https:\/\/www.unioviedo.es\/fincorp\/wp-content\/uploads\/2023\/03\/Finanzas-para-Todos-300x74.png 300w\" sizes=\"auto, (max-width: 600px) 100vw, 600px\" \/><\/figure>\n","protected":false},"excerpt":{"rendered":"<p>El pr\u00f3ximo 2 de octubre, tendr\u00e1 lugar en el Aula Magna de la Universidad de Oviedo el evento de presentaci\u00f3n del \u00abEstudio sobre Violencias Econ\u00f3micas y Salud Financiera: Perspectiva legal\u00bb, que hemos desarrollado la Fundaci\u00f3n Nantik Lum y la Universidad de Oviedo.<\/p>\n","protected":false},"author":1,"featured_media":2622,"comment_status":"closed","ping_status":"open","sticky":false,"template":"","format":"standard","meta":{"neve_meta_sidebar":"","neve_meta_container":"","neve_meta_enable_content_width":"","neve_meta_content_width":0,"neve_meta_title_alignment":"","neve_meta_author_avatar":"","neve_post_elements_order":"","neve_meta_disable_header":"","neve_meta_disable_footer":"","neve_meta_disable_title":"","footnotes":""},"categories":[72],"tags":[74,65,182],"class_list":["post-2793","post","type-post","status-publish","format-standard","has-post-thumbnail","hentry","category-actividades-es","tag-actividades","tag-contratos","tag-transferencia"],"_links":{"self":[{"href":"https:\/\/www.unioviedo.es\/fincorp\/index.php\/wp-json\/wp\/v2\/posts\/2793","targetHints":{"allow":["GET"]}}],"collection":[{"href":"https:\/\/www.unioviedo.es\/fincorp\/index.php\/wp-json\/wp\/v2\/posts"}],"about":[{"href":"https:\/\/www.unioviedo.es\/fincorp\/index.php\/wp-json\/wp\/v2\/types\/post"}],"author":[{"embeddable":true,"href":"https:\/\/www.unioviedo.es\/fincorp\/index.php\/wp-json\/wp\/v2\/users\/1"}],"replies":[{"embeddable":true,"href":"https:\/\/www.unioviedo.es\/fincorp\/index.php\/wp-json\/wp\/v2\/comments?post=2793"}],"version-history":[{"count":20,"href":"https:\/\/www.unioviedo.es\/fincorp\/index.php\/wp-json\/wp\/v2\/posts\/2793\/revisions"}],"predecessor-version":[{"id":3049,"href":"https:\/\/www.unioviedo.es\/fincorp\/index.php\/wp-json\/wp\/v2\/posts\/2793\/revisions\/3049"}],"wp:featuredmedia":[{"embeddable":true,"href":"https:\/\/www.unioviedo.es\/fincorp\/index.php\/wp-json\/wp\/v2\/media\/2622"}],"wp:attachment":[{"href":"https:\/\/www.unioviedo.es\/fincorp\/index.php\/wp-json\/wp\/v2\/media?parent=2793"}],"wp:term":[{"taxonomy":"category","embeddable":true,"href":"https:\/\/www.unioviedo.es\/fincorp\/index.php\/wp-json\/wp\/v2\/categories?post=2793"},{"taxonomy":"post_tag","embeddable":true,"href":"https:\/\/www.unioviedo.es\/fincorp\/index.php\/wp-json\/wp\/v2\/tags?post=2793"}],"curies":[{"name":"wp","href":"https:\/\/api.w.org\/{rel}","templated":true}]}}