{"id":3101,"date":"2024-12-03T10:19:22","date_gmt":"2024-12-03T10:19:22","guid":{"rendered":"https:\/\/www.unioviedo.es\/fincorp\/?p=3101"},"modified":"2024-12-03T10:51:53","modified_gmt":"2024-12-03T10:51:53","slug":"participacion-en-la-xxiv-semana-de-la-ciencia-y-la-innovacion","status":"publish","type":"post","link":"https:\/\/www.unioviedo.es\/fincorp\/index.php\/2024\/12\/03\/participacion-en-la-xxiv-semana-de-la-ciencia-y-la-innovacion\/","title":{"rendered":"Participaci\u00f3n en la XXIV Semana de la Ciencia y la Innovaci\u00f3n"},"content":{"rendered":"\n<p>En colaboraci\u00f3n con la Unidad de Cultura Cient\u00edfica y de la Innovaci\u00f3n (UCC+I) de la Universidad de Oviedo, hemos tenido el placer de formar parte de la XXIV Semana de la Ciencia y la Innovaci\u00f3n, impartiendo la charla \u00abMis finanzas: \u00bfc\u00f3mo cuidarlas?\u00bb dentro de nuestra iniciativa FinEduca360.<\/p>\n\n\n\n<p>Silvia G\u00f3mez Ans\u00f3n, Irma Mart\u00ednez Garc\u00eda, Eduardo Jos\u00e9 Men\u00e9ndez Alonso, Ignacio Tasc\u00f3n Amo y Nadia \u00c1lvarez Garc\u00eda visitaron centros educativos en Tur\u00f3n, Soto de Ribera, Pola de Lena, Sama de Langreo, Cudillero, Luarca y Oviedo, llevando la educaci\u00f3n financiera a las aulas.<\/p>\n\n\n\n<p>Gracias a todos los estudiantes, docentes y centros participantes por su acogida.<\/p>\n\n\n\n<div class=\"wp-block-group is-nowrap is-layout-flex wp-container-core-group-is-layout-ad2f72ca wp-block-group-is-layout-flex\">\n<figure class=\"wp-block-image size-large is-resized\"><img loading=\"lazy\" decoding=\"async\" width=\"1024\" height=\"576\" src=\"https:\/\/www.unioviedo.es\/fincorp\/wp-content\/uploads\/2024\/12\/Foto-Eduardo-SemanaCiencia2024-1024x576.jpg\" alt=\"\" class=\"wp-image-3102\" style=\"width:auto;height:240px\" srcset=\"https:\/\/www.unioviedo.es\/fincorp\/wp-content\/uploads\/2024\/12\/Foto-Eduardo-SemanaCiencia2024-1024x576.jpg 1024w, https:\/\/www.unioviedo.es\/fincorp\/wp-content\/uploads\/2024\/12\/Foto-Eduardo-SemanaCiencia2024-300x169.jpg 300w, https:\/\/www.unioviedo.es\/fincorp\/wp-content\/uploads\/2024\/12\/Foto-Eduardo-SemanaCiencia2024-768x432.jpg 768w, https:\/\/www.unioviedo.es\/fincorp\/wp-content\/uploads\/2024\/12\/Foto-Eduardo-SemanaCiencia2024-1536x864.jpg 1536w, https:\/\/www.unioviedo.es\/fincorp\/wp-content\/uploads\/2024\/12\/Foto-Eduardo-SemanaCiencia2024.jpg 1600w\" sizes=\"auto, (max-width: 1024px) 100vw, 1024px\" \/><\/figure>\n\n\n\n<figure class=\"wp-block-image size-large is-resized\"><img loading=\"lazy\" decoding=\"async\" width=\"1024\" height=\"768\" src=\"https:\/\/www.unioviedo.es\/fincorp\/wp-content\/uploads\/2024\/12\/Foto-Ignacio-SemanaCiencia2024-horizontal-1024x768.jpeg\" alt=\"\" class=\"wp-image-3103\" style=\"width:auto;height:240px\" srcset=\"https:\/\/www.unioviedo.es\/fincorp\/wp-content\/uploads\/2024\/12\/Foto-Ignacio-SemanaCiencia2024-horizontal-1024x768.jpeg 1024w, https:\/\/www.unioviedo.es\/fincorp\/wp-content\/uploads\/2024\/12\/Foto-Ignacio-SemanaCiencia2024-horizontal-300x225.jpeg 300w, https:\/\/www.unioviedo.es\/fincorp\/wp-content\/uploads\/2024\/12\/Foto-Ignacio-SemanaCiencia2024-horizontal-768x576.jpeg 768w, https:\/\/www.unioviedo.es\/fincorp\/wp-content\/uploads\/2024\/12\/Foto-Ignacio-SemanaCiencia2024-horizontal-1536x1152.jpeg 1536w, https:\/\/www.unioviedo.es\/fincorp\/wp-content\/uploads\/2024\/12\/Foto-Ignacio-SemanaCiencia2024-horizontal-2048x1536.jpeg 2048w\" sizes=\"auto, (max-width: 1024px) 100vw, 1024px\" \/><\/figure>\n<\/div>\n","protected":false},"excerpt":{"rendered":"<p>En colaboraci\u00f3n con la Unidad de Cultura Cient\u00edfica y de la Innovaci\u00f3n (UCC+I) de la Universidad de Oviedo, hemos tenido el placer de formar parte de la XXIV Semana de la Ciencia y la Innovaci\u00f3n, impartiendo la charla \u00abMis finanzas: \u00bfc\u00f3mo cuidarlas?\u00bb dentro de nuestra iniciativa FinEduca360.<\/p>\n","protected":false},"author":1,"featured_media":2359,"comment_status":"closed","ping_status":"open","sticky":false,"template":"","format":"standard","meta":{"neve_meta_sidebar":"","neve_meta_container":"","neve_meta_enable_content_width":"","neve_meta_content_width":0,"neve_meta_title_alignment":"","neve_meta_author_avatar":"","neve_post_elements_order":"","neve_meta_disable_header":"","neve_meta_disable_footer":"","neve_meta_disable_title":"","footnotes":""},"categories":[72,193],"tags":[74,197],"class_list":["post-3101","post","type-post","status-publish","format-standard","has-post-thumbnail","hentry","category-actividades-es","category-fineduca360","tag-actividades","tag-fineduca360"],"_links":{"self":[{"href":"https:\/\/www.unioviedo.es\/fincorp\/index.php\/wp-json\/wp\/v2\/posts\/3101","targetHints":{"allow":["GET"]}}],"collection":[{"href":"https:\/\/www.unioviedo.es\/fincorp\/index.php\/wp-json\/wp\/v2\/posts"}],"about":[{"href":"https:\/\/www.unioviedo.es\/fincorp\/index.php\/wp-json\/wp\/v2\/types\/post"}],"author":[{"embeddable":true,"href":"https:\/\/www.unioviedo.es\/fincorp\/index.php\/wp-json\/wp\/v2\/users\/1"}],"replies":[{"embeddable":true,"href":"https:\/\/www.unioviedo.es\/fincorp\/index.php\/wp-json\/wp\/v2\/comments?post=3101"}],"version-history":[{"count":8,"href":"https:\/\/www.unioviedo.es\/fincorp\/index.php\/wp-json\/wp\/v2\/posts\/3101\/revisions"}],"predecessor-version":[{"id":3121,"href":"https:\/\/www.unioviedo.es\/fincorp\/index.php\/wp-json\/wp\/v2\/posts\/3101\/revisions\/3121"}],"wp:featuredmedia":[{"embeddable":true,"href":"https:\/\/www.unioviedo.es\/fincorp\/index.php\/wp-json\/wp\/v2\/media\/2359"}],"wp:attachment":[{"href":"https:\/\/www.unioviedo.es\/fincorp\/index.php\/wp-json\/wp\/v2\/media?parent=3101"}],"wp:term":[{"taxonomy":"category","embeddable":true,"href":"https:\/\/www.unioviedo.es\/fincorp\/index.php\/wp-json\/wp\/v2\/categories?post=3101"},{"taxonomy":"post_tag","embeddable":true,"href":"https:\/\/www.unioviedo.es\/fincorp\/index.php\/wp-json\/wp\/v2\/tags?post=3101"}],"curies":[{"name":"wp","href":"https:\/\/api.w.org\/{rel}","templated":true}]}}