{"id":3811,"date":"2025-09-30T09:20:46","date_gmt":"2025-09-30T09:20:46","guid":{"rendered":"https:\/\/www.unioviedo.es\/fincorp\/?p=3811"},"modified":"2026-01-23T09:21:39","modified_gmt":"2026-01-23T09:21:39","slug":"inicio-del-curso-diversidad-equidad-e-inclusion-perspectivas-juridica-y-economica-pumuo","status":"publish","type":"post","link":"https:\/\/www.unioviedo.es\/fincorp\/index.php\/2025\/09\/30\/inicio-del-curso-diversidad-equidad-e-inclusion-perspectivas-juridica-y-economica-pumuo\/","title":{"rendered":"Inicio del curso \u00abDiversidad, equidad e inclusi\u00f3n: perspectivas jur\u00eddica y econ\u00f3mica\u00bb (PUMUO)"},"content":{"rendered":"\n<p>Este mes de <strong>septiembre de 2025<\/strong> da comienzo el curso <strong>\u00abDiversidad, equidad e inclusi\u00f3n: perspectivas jur\u00eddica y econ\u00f3mica\u00bb<\/strong>, en el marco del <strong>Programa Universitario para Mayores de la Universidad de Oviedo (PUMUO)<\/strong>. El curso se imparte durante el <strong>primer semestre del curso acad\u00e9mico 2025-2026<\/strong> en <strong>Avil\u00e9s<\/strong>, y en la docencia participa <strong>Silvia G\u00f3mez Ans\u00f3n<\/strong>, miembro de nuestro grupo de investigaci\u00f3n.<\/p>\n","protected":false},"excerpt":{"rendered":"<p>Este mes de septiembre de 2025 da comienzo el curso \u00abDiversidad, equidad e inclusi\u00f3n: perspectivas jur\u00eddica y econ\u00f3mica\u00bb, en el marco del Programa Universitario para Mayores de la Universidad de Oviedo (PUMUO). El curso se imparte durante el primer semestre del curso acad\u00e9mico 2025-2026 en Avil\u00e9s, y en la docencia participa Silvia G\u00f3mez Ans\u00f3n, miembro de nuestro grupo de investigaci\u00f3n.<\/p>\n","protected":false},"author":1,"featured_media":3503,"comment_status":"closed","ping_status":"open","sticky":false,"template":"","format":"standard","meta":{"neve_meta_sidebar":"","neve_meta_container":"","neve_meta_enable_content_width":"","neve_meta_content_width":0,"neve_meta_title_alignment":"","neve_meta_author_avatar":"","neve_post_elements_order":"","neve_meta_disable_header":"","neve_meta_disable_footer":"","neve_meta_disable_title":"","footnotes":""},"categories":[305,170],"tags":[309,174,266],"class_list":["post-3811","post","type-post","status-publish","format-standard","has-post-thumbnail","hentry","category-divgenemp","category-docencia","tag-divgenemp","tag-docencia","tag-docencia-a-lo-largo-de-la-vida"],"_links":{"self":[{"href":"https:\/\/www.unioviedo.es\/fincorp\/index.php\/wp-json\/wp\/v2\/posts\/3811","targetHints":{"allow":["GET"]}}],"collection":[{"href":"https:\/\/www.unioviedo.es\/fincorp\/index.php\/wp-json\/wp\/v2\/posts"}],"about":[{"href":"https:\/\/www.unioviedo.es\/fincorp\/index.php\/wp-json\/wp\/v2\/types\/post"}],"author":[{"embeddable":true,"href":"https:\/\/www.unioviedo.es\/fincorp\/index.php\/wp-json\/wp\/v2\/users\/1"}],"replies":[{"embeddable":true,"href":"https:\/\/www.unioviedo.es\/fincorp\/index.php\/wp-json\/wp\/v2\/comments?post=3811"}],"version-history":[{"count":1,"href":"https:\/\/www.unioviedo.es\/fincorp\/index.php\/wp-json\/wp\/v2\/posts\/3811\/revisions"}],"predecessor-version":[{"id":3812,"href":"https:\/\/www.unioviedo.es\/fincorp\/index.php\/wp-json\/wp\/v2\/posts\/3811\/revisions\/3812"}],"wp:featuredmedia":[{"embeddable":true,"href":"https:\/\/www.unioviedo.es\/fincorp\/index.php\/wp-json\/wp\/v2\/media\/3503"}],"wp:attachment":[{"href":"https:\/\/www.unioviedo.es\/fincorp\/index.php\/wp-json\/wp\/v2\/media?parent=3811"}],"wp:term":[{"taxonomy":"category","embeddable":true,"href":"https:\/\/www.unioviedo.es\/fincorp\/index.php\/wp-json\/wp\/v2\/categories?post=3811"},{"taxonomy":"post_tag","embeddable":true,"href":"https:\/\/www.unioviedo.es\/fincorp\/index.php\/wp-json\/wp\/v2\/tags?post=3811"}],"curies":[{"name":"wp","href":"https:\/\/api.w.org\/{rel}","templated":true}]}}