{"id":3816,"date":"2025-10-20T09:23:22","date_gmt":"2025-10-20T09:23:22","guid":{"rendered":"https:\/\/www.unioviedo.es\/fincorp\/?p=3816"},"modified":"2026-01-23T09:34:22","modified_gmt":"2026-01-23T09:34:22","slug":"inicio-del-aula-de-extension-universitaria-sin-genero-de-dudas-cuestiones-de-genero-con-perspectiva-economica-y-juridica","status":"publish","type":"post","link":"https:\/\/www.unioviedo.es\/fincorp\/index.php\/2025\/10\/20\/inicio-del-aula-de-extension-universitaria-sin-genero-de-dudas-cuestiones-de-genero-con-perspectiva-economica-y-juridica\/","title":{"rendered":"Inicio del Aula de Extensi\u00f3n Universitaria \u00abSin G\u00e9nero de Dudas: cuestiones de g\u00e9nero con perspectiva econ\u00f3mica y jur\u00eddica\u00bb"},"content":{"rendered":"\n<p>En <strong>octubre de 2025<\/strong> dio comienzo el <strong>Aula de Extensi\u00f3n Universitaria \u00abSin G\u00e9nero de Dudas: cuestiones de g\u00e9nero con perspectiva econ\u00f3mica y jur\u00eddica\u00bb<\/strong>, correspondiente al <strong>curso acad\u00e9mico 2025-2026<\/strong>, <strong>en Riosa (Principado de Asturias)<\/strong>. El Aula est\u00e1 dirigida por <strong>Irma Mart\u00ednez Garc\u00eda<\/strong>, miembro de nuestro grupo de investigaci\u00f3n, y <strong>Beatriz V\u00e1zquez Rodr\u00edguez<\/strong>.<\/p>\n\n\n\n<p>La iniciativa aborda distintas cuestiones de g\u00e9nero desde una perspectiva econ\u00f3mica y jur\u00eddica, contribuyendo a la divulgaci\u00f3n y al debate acad\u00e9mico en el marco de la extensi\u00f3n universitaria.<\/p>\n\n\n\n<figure class=\"wp-block-image size-full\"><img loading=\"lazy\" decoding=\"async\" width=\"555\" height=\"783\" src=\"https:\/\/www.unioviedo.es\/fincorp\/wp-content\/uploads\/2026\/01\/aulagen.png\" alt=\"\" class=\"wp-image-3817\" srcset=\"https:\/\/www.unioviedo.es\/fincorp\/wp-content\/uploads\/2026\/01\/aulagen.png 555w, https:\/\/www.unioviedo.es\/fincorp\/wp-content\/uploads\/2026\/01\/aulagen-213x300.png 213w\" sizes=\"auto, (max-width: 555px) 100vw, 555px\" \/><\/figure>\n","protected":false},"excerpt":{"rendered":"<p>En octubre de 2025 dio comienzo el Aula de Extensi\u00f3n Universitaria \u00abSin G\u00e9nero de Dudas: cuestiones de g\u00e9nero con perspectiva econ\u00f3mica y jur\u00eddica\u00bb, correspondiente al curso acad\u00e9mico 2025-2026, en Riosa (Principado de Asturias). El Aula est\u00e1 dirigida por Irma Mart\u00ednez Garc\u00eda, miembro de nuestro grupo de investigaci\u00f3n, y Beatriz V\u00e1zquez Rodr\u00edguez.<\/p>\n","protected":false},"author":1,"featured_media":3817,"comment_status":"closed","ping_status":"open","sticky":false,"template":"","format":"standard","meta":{"neve_meta_sidebar":"","neve_meta_container":"","neve_meta_enable_content_width":"","neve_meta_content_width":0,"neve_meta_title_alignment":"","neve_meta_author_avatar":"","neve_post_elements_order":"","neve_meta_disable_header":"","neve_meta_disable_footer":"","neve_meta_disable_title":"","footnotes":""},"categories":[305,170],"tags":[309,174,266],"class_list":["post-3816","post","type-post","status-publish","format-standard","has-post-thumbnail","hentry","category-divgenemp","category-docencia","tag-divgenemp","tag-docencia","tag-docencia-a-lo-largo-de-la-vida"],"_links":{"self":[{"href":"https:\/\/www.unioviedo.es\/fincorp\/index.php\/wp-json\/wp\/v2\/posts\/3816","targetHints":{"allow":["GET"]}}],"collection":[{"href":"https:\/\/www.unioviedo.es\/fincorp\/index.php\/wp-json\/wp\/v2\/posts"}],"about":[{"href":"https:\/\/www.unioviedo.es\/fincorp\/index.php\/wp-json\/wp\/v2\/types\/post"}],"author":[{"embeddable":true,"href":"https:\/\/www.unioviedo.es\/fincorp\/index.php\/wp-json\/wp\/v2\/users\/1"}],"replies":[{"embeddable":true,"href":"https:\/\/www.unioviedo.es\/fincorp\/index.php\/wp-json\/wp\/v2\/comments?post=3816"}],"version-history":[{"count":1,"href":"https:\/\/www.unioviedo.es\/fincorp\/index.php\/wp-json\/wp\/v2\/posts\/3816\/revisions"}],"predecessor-version":[{"id":3818,"href":"https:\/\/www.unioviedo.es\/fincorp\/index.php\/wp-json\/wp\/v2\/posts\/3816\/revisions\/3818"}],"wp:featuredmedia":[{"embeddable":true,"href":"https:\/\/www.unioviedo.es\/fincorp\/index.php\/wp-json\/wp\/v2\/media\/3817"}],"wp:attachment":[{"href":"https:\/\/www.unioviedo.es\/fincorp\/index.php\/wp-json\/wp\/v2\/media?parent=3816"}],"wp:term":[{"taxonomy":"category","embeddable":true,"href":"https:\/\/www.unioviedo.es\/fincorp\/index.php\/wp-json\/wp\/v2\/categories?post=3816"},{"taxonomy":"post_tag","embeddable":true,"href":"https:\/\/www.unioviedo.es\/fincorp\/index.php\/wp-json\/wp\/v2\/tags?post=3816"}],"curies":[{"name":"wp","href":"https:\/\/api.w.org\/{rel}","templated":true}]}}