{"id":2387,"date":"2023-02-17T13:32:57","date_gmt":"2023-02-17T12:32:57","guid":{"rendered":"https:\/\/www.unioviedo.es\/gelp\/?p=2387"},"modified":"2023-03-14T11:20:13","modified_gmt":"2023-03-14T10:20:13","slug":"ewcps2023","status":"publish","type":"post","link":"https:\/\/www.unioviedo.es\/gelp\/ewcps2023\/","title":{"rendered":"Back from the European Winter Conference on Plasma Spectrochemistry!"},"content":{"rendered":"<p>The <span style=\"color: #3366ff;\"><strong>European Winter Conference on Plasma Spectrochemistry <\/strong><\/span>took place on <strong>January 30 &#8211; February 3 <\/strong>at Cankarjev dom in Ljubljana, Slovenia. GELP members Dr. Jaime Orejas and PhD Student Cristina M\u00e9ndez attended the event with oral contributions.<\/p>\n<p style=\"text-align: center;\"><img loading=\"lazy\" decoding=\"async\" class=\"alignnone wp-image-2440\" src=\"https:\/\/www.unioviedo.es\/gelp\/wp-content\/uploads\/2023\/02\/WE21_Jaime-1024x683.jpg\" alt=\"\" width=\"375\" height=\"250\" srcset=\"https:\/\/www.unioviedo.es\/gelp\/wp-content\/uploads\/2023\/02\/WE21_Jaime-1024x683.jpg 1024w, https:\/\/www.unioviedo.es\/gelp\/wp-content\/uploads\/2023\/02\/WE21_Jaime-300x200.jpg 300w, https:\/\/www.unioviedo.es\/gelp\/wp-content\/uploads\/2023\/02\/WE21_Jaime-768x512.jpg 768w, https:\/\/www.unioviedo.es\/gelp\/wp-content\/uploads\/2023\/02\/WE21_Jaime-600x400.jpg 600w, https:\/\/www.unioviedo.es\/gelp\/wp-content\/uploads\/2023\/02\/WE21_Jaime.jpg 1890w\" sizes=\"auto, (max-width: 375px) 100vw, 375px\" \/> <img loading=\"lazy\" decoding=\"async\" class=\"alignnone wp-image-2441\" src=\"https:\/\/www.unioviedo.es\/gelp\/wp-content\/uploads\/2023\/02\/FR22_cris-1024x683.jpg\" alt=\"\" width=\"375\" height=\"250\" srcset=\"https:\/\/www.unioviedo.es\/gelp\/wp-content\/uploads\/2023\/02\/FR22_cris-1024x683.jpg 1024w, https:\/\/www.unioviedo.es\/gelp\/wp-content\/uploads\/2023\/02\/FR22_cris-300x200.jpg 300w, https:\/\/www.unioviedo.es\/gelp\/wp-content\/uploads\/2023\/02\/FR22_cris-768x512.jpg 768w, https:\/\/www.unioviedo.es\/gelp\/wp-content\/uploads\/2023\/02\/FR22_cris-600x400.jpg 600w, https:\/\/www.unioviedo.es\/gelp\/wp-content\/uploads\/2023\/02\/FR22_cris.jpg 1890w\" sizes=\"auto, (max-width: 375px) 100vw, 375px\" \/><\/p>\n<p style=\"text-align: right;\">Pictures EWCPS2023, <strong>Tine Lisjak<\/strong><\/p>\n<p><img loading=\"lazy\" decoding=\"async\" class=\"wp-image-2381 size-large aligncenter\" src=\"https:\/\/www.unioviedo.es\/gelp\/wp-content\/uploads\/2023\/02\/jaime_winter-1024x499.jpg\" alt=\"\" width=\"640\" height=\"312\" srcset=\"https:\/\/www.unioviedo.es\/gelp\/wp-content\/uploads\/2023\/02\/jaime_winter-1024x499.jpg 1024w, https:\/\/www.unioviedo.es\/gelp\/wp-content\/uploads\/2023\/02\/jaime_winter-300x146.jpg 300w, https:\/\/www.unioviedo.es\/gelp\/wp-content\/uploads\/2023\/02\/jaime_winter-768x375.jpg 768w\" sizes=\"auto, (max-width: 640px) 100vw, 640px\" \/><\/p>\n<p>Dr. Jaime Orejas presented his Oral Talk entitled \u00ab<b>Solution Cathode Glow Discharge Optical Emission Spectrometry for high salinity samples: are organic additives beneficial?\u00bb<\/b>. His project is supported by the Spanish Ministry of Science and Innovation (PID2020-113951GB-I00).<\/p>\n<p><img loading=\"lazy\" decoding=\"async\" class=\"wp-image-2378 size-large aligncenter\" src=\"https:\/\/www.unioviedo.es\/gelp\/wp-content\/uploads\/2023\/02\/cris_winter-1024x596.jpg\" alt=\"\" width=\"640\" height=\"373\" srcset=\"https:\/\/www.unioviedo.es\/gelp\/wp-content\/uploads\/2023\/02\/cris_winter-1024x596.jpg 1024w, https:\/\/www.unioviedo.es\/gelp\/wp-content\/uploads\/2023\/02\/cris_winter-300x175.jpg 300w, https:\/\/www.unioviedo.es\/gelp\/wp-content\/uploads\/2023\/02\/cris_winter-768x447.jpg 768w, https:\/\/www.unioviedo.es\/gelp\/wp-content\/uploads\/2023\/02\/cris_winter.jpg 1540w\" sizes=\"auto, (max-width: 640px) 100vw, 640px\" \/><\/p>\n<p>Cristina M\u00e9ndez-L\u00f3pez presented an Oral Talk entitled \u00ab<strong>Sensitive determination of halogens in liquid samples using <\/strong><strong>nebulization-assisted LIBS\u00bb<\/strong>.<\/p>\n<p><img loading=\"lazy\" decoding=\"async\" class=\"size-medium wp-image-2379 aligncenter\" src=\"https:\/\/www.unioviedo.es\/gelp\/wp-content\/uploads\/2023\/02\/cris_winter_poster-300x269.jpg\" alt=\"\" width=\"300\" height=\"269\" srcset=\"https:\/\/www.unioviedo.es\/gelp\/wp-content\/uploads\/2023\/02\/cris_winter_poster-300x269.jpg 300w, https:\/\/www.unioviedo.es\/gelp\/wp-content\/uploads\/2023\/02\/cris_winter_poster-768x687.jpg 768w, https:\/\/www.unioviedo.es\/gelp\/wp-content\/uploads\/2023\/02\/cris_winter_poster-1024x917.jpg 1024w, https:\/\/www.unioviedo.es\/gelp\/wp-content\/uploads\/2023\/02\/cris_winter_poster.jpg 1296w\" sizes=\"auto, (max-width: 300px) 100vw, 300px\" \/><\/p>\n<p>She also presented a poster entitled \u00ab<strong>Spatial positioning of the re-excitation laser focusing spot in an orthogonal double pulse fs\/ns-LIBS configuration<\/strong>\u00bb and had the chance to meet again with former GELP member Dr. C\u00e9sar \u00c1lvarez-Llamas (currently at Institut Lumi\u00e8re Mati\u00e8re (iLM))! Her projects are supported by the Principality of Asturias through \u00abSevero Ochoa\u00bb (PA-21 PF-PB20-059) and grant AYUD\/2022\/33582, as well as by the Spanish Ministry of Science and Innovation (PID2020-113951GB-I00).<\/p>\n","protected":false},"excerpt":{"rendered":"<p>The European Winter Conference on Plasma Spectrochemistry took place on January 30 &#8211; February 3 at Cankarjev dom in Ljubljana, Slovenia. GELP members Dr. Jaime Orejas and PhD Student Cristina M\u00e9ndez attended the event with oral contributions. Pictures EWCPS2023, Tine Lisjak Dr. Jaime Orejas presented his Oral Talk entitled \u00abSolution Cathode Glow Discharge Optical Emission [&hellip;]<\/p>\n","protected":false},"author":1,"featured_media":2390,"comment_status":"open","ping_status":"open","sticky":false,"template":"","format":"standard","meta":{"footnotes":""},"categories":[37],"tags":[],"class_list":["post-2387","post","type-post","status-publish","format-standard","has-post-thumbnail","hentry","category-news"],"_links":{"self":[{"href":"https:\/\/www.unioviedo.es\/gelp\/wp-json\/wp\/v2\/posts\/2387","targetHints":{"allow":["GET"]}}],"collection":[{"href":"https:\/\/www.unioviedo.es\/gelp\/wp-json\/wp\/v2\/posts"}],"about":[{"href":"https:\/\/www.unioviedo.es\/gelp\/wp-json\/wp\/v2\/types\/post"}],"author":[{"embeddable":true,"href":"https:\/\/www.unioviedo.es\/gelp\/wp-json\/wp\/v2\/users\/1"}],"replies":[{"embeddable":true,"href":"https:\/\/www.unioviedo.es\/gelp\/wp-json\/wp\/v2\/comments?post=2387"}],"version-history":[{"count":10,"href":"https:\/\/www.unioviedo.es\/gelp\/wp-json\/wp\/v2\/posts\/2387\/revisions"}],"predecessor-version":[{"id":2449,"href":"https:\/\/www.unioviedo.es\/gelp\/wp-json\/wp\/v2\/posts\/2387\/revisions\/2449"}],"wp:featuredmedia":[{"embeddable":true,"href":"https:\/\/www.unioviedo.es\/gelp\/wp-json\/wp\/v2\/media\/2390"}],"wp:attachment":[{"href":"https:\/\/www.unioviedo.es\/gelp\/wp-json\/wp\/v2\/media?parent=2387"}],"wp:term":[{"taxonomy":"category","embeddable":true,"href":"https:\/\/www.unioviedo.es\/gelp\/wp-json\/wp\/v2\/categories?post=2387"},{"taxonomy":"post_tag","embeddable":true,"href":"https:\/\/www.unioviedo.es\/gelp\/wp-json\/wp\/v2\/tags?post=2387"}],"curies":[{"name":"wp","href":"https:\/\/api.w.org\/{rel}","templated":true}]}}