{"id":2823,"date":"2026-03-02T15:58:47","date_gmt":"2026-03-02T14:58:47","guid":{"rendered":"https:\/\/www.unioviedo.es\/gelp\/?p=2823"},"modified":"2026-03-02T15:58:56","modified_gmt":"2026-03-02T14:58:56","slug":"premio-nacional-mejor-tesis-de-fisica-de-plasmas-para-la-dra-cristina-mendez-gelp-universidad-de-oviedo","status":"publish","type":"post","link":"https:\/\/www.unioviedo.es\/gelp\/premio-nacional-mejor-tesis-de-fisica-de-plasmas-para-la-dra-cristina-mendez-gelp-universidad-de-oviedo\/","title":{"rendered":"Premio Nacional (Mejor Tesis) de F\u00edsica de Plasmas para la Dra. Cristina M\u00e9ndez (GELP \u2013 Universidad de Oviedo)"},"content":{"rendered":"<p>Nos alegra enormemente compartir que la Dra. Cristina M\u00e9ndez L\u00f3pez, investigadora de nuestro Grupo de Espectroscop\u00eda, L\u00e1seres y Plasmas (GELP) de la Universidad de Oviedo, ha sido galardonada con el II Premio GEFP a la Mejor Tesis Doctoral en F\u00edsica de Plasmas, otorgado por el Grupo Especializado de F\u00edsica de Plasmas (GEFP) de la Real Sociedad Espa\u00f1ola de F\u00edsica (RSEF).<\/p>\n<p>La decisi\u00f3n fue adoptada por unanimidad el 25 de febrero de 2026 por el jurado designado por la Junta de Gobierno del GEFP.<br \/>\nSu tesis, titulada: \u201cEstudios fundamentales y evaluaci\u00f3n del potencial anal\u00edtico en espectroscop\u00eda de plasmas inducidos por l\u00e1ser con pulsos cortos y ultracortos\u201d, ha sido reconocida por su calidad cient\u00edfica, originalidad y relevancia dentro del campo de los Plasmas Inducidos por L\u00e1ser, contribuyendo de manera destacada al avance del conocimiento en espectroscop\u00eda basada en pulsos l\u00e1ser de alta intensidad.<br \/>\nEste premio supone un importante reconocimiento nacional al trabajo de investigaci\u00f3n realizado por Cristina durante su etapa doctoral, as\u00ed como al esfuerzo colectivo del equipo que conforma el GELP.<\/p>\n<p>\u00a1Nuestra m\u00e1s sincera enhorabuena, Cristina!<br \/>\nUn orgullo para el grupo y para la Universidad de Oviedo.<\/p>\n","protected":false},"excerpt":{"rendered":"<p>Nos alegra enormemente compartir que la Dra. Cristina M\u00e9ndez L\u00f3pez, investigadora de nuestro Grupo de Espectroscop\u00eda, L\u00e1seres y Plasmas (GELP) de la Universidad de Oviedo, ha sido galardonada con el II Premio GEFP a la Mejor Tesis Doctoral en F\u00edsica de Plasmas, otorgado por el Grupo Especializado de F\u00edsica de Plasmas (GEFP) de la Real [&hellip;]<\/p>\n","protected":false},"author":1,"featured_media":2649,"comment_status":"open","ping_status":"open","sticky":false,"template":"","format":"standard","meta":{"footnotes":""},"categories":[37],"tags":[],"class_list":["post-2823","post","type-post","status-publish","format-standard","has-post-thumbnail","hentry","category-news"],"_links":{"self":[{"href":"https:\/\/www.unioviedo.es\/gelp\/wp-json\/wp\/v2\/posts\/2823","targetHints":{"allow":["GET"]}}],"collection":[{"href":"https:\/\/www.unioviedo.es\/gelp\/wp-json\/wp\/v2\/posts"}],"about":[{"href":"https:\/\/www.unioviedo.es\/gelp\/wp-json\/wp\/v2\/types\/post"}],"author":[{"embeddable":true,"href":"https:\/\/www.unioviedo.es\/gelp\/wp-json\/wp\/v2\/users\/1"}],"replies":[{"embeddable":true,"href":"https:\/\/www.unioviedo.es\/gelp\/wp-json\/wp\/v2\/comments?post=2823"}],"version-history":[{"count":1,"href":"https:\/\/www.unioviedo.es\/gelp\/wp-json\/wp\/v2\/posts\/2823\/revisions"}],"predecessor-version":[{"id":2824,"href":"https:\/\/www.unioviedo.es\/gelp\/wp-json\/wp\/v2\/posts\/2823\/revisions\/2824"}],"wp:featuredmedia":[{"embeddable":true,"href":"https:\/\/www.unioviedo.es\/gelp\/wp-json\/wp\/v2\/media\/2649"}],"wp:attachment":[{"href":"https:\/\/www.unioviedo.es\/gelp\/wp-json\/wp\/v2\/media?parent=2823"}],"wp:term":[{"taxonomy":"category","embeddable":true,"href":"https:\/\/www.unioviedo.es\/gelp\/wp-json\/wp\/v2\/categories?post=2823"},{"taxonomy":"post_tag","embeddable":true,"href":"https:\/\/www.unioviedo.es\/gelp\/wp-json\/wp\/v2\/tags?post=2823"}],"curies":[{"name":"wp","href":"https:\/\/api.w.org\/{rel}","templated":true}]}}