{"id":1000,"date":"2023-06-07T11:18:19","date_gmt":"2023-06-07T11:18:19","guid":{"rendered":"http:\/\/www.unioviedo.es\/grupoetic\/?p=1000"},"modified":"2023-06-07T11:22:28","modified_gmt":"2023-06-07T11:22:28","slug":"reunion-del-grupo-ietic-evea-sobre-el-proyecto-idi-la-construccion-de-la-ciudadania-global-con-personas-jovenes","status":"publish","type":"post","link":"https:\/\/www.unioviedo.es\/grupoetic\/reunion-del-grupo-ietic-evea-sobre-el-proyecto-idi-la-construccion-de-la-ciudadania-global-con-personas-jovenes\/","title":{"rendered":"Reuni\u00f3n del grupo IETIC-EVEA sobre el proyecto I+D+I: La construcci\u00f3n de la ciudadan\u00eda global con personas j\u00f3venes"},"content":{"rendered":"<p>El pasado 23 de mayo, el grupo <strong>de Investigaci\u00f3n IETIC-EVEA, dirigido por la profesora Aquilina Fueyo Guti\u00e9rrez, se reuni\u00f3 con el objetivo de hacer <\/strong>balance de cada uno de los casos que se est\u00e1n desarrollando como parte del proyecto I+D+I <em>La construcci\u00f3n de la ciudadan\u00eda global con personas j\u00f3venes: investigando pr\u00e1cticas transformadoras con metodolog\u00edas participativas e inclusivas. <\/em>En este sentido, los casos seleccionados y sobre los que se est\u00e1 trabajando se corresponden con centros educativos del Principado de Asturias, as\u00ed como con entidades del tercer sector que lideran proyectos de participaci\u00f3n juvenil en la regi\u00f3n:<\/p>\n<ul>\n<li>IES Rosario Acu\u00f1a<\/li>\n<li>IES Rey Pelayo<\/li>\n<li>Asociaci\u00f3n Los Glayus<\/li>\n<li>Mar de Niebla- Fundaci\u00f3n por la Acci\u00f3n Social<\/li>\n<\/ul>\n<p>Se espera continuar avanzando a lo largo de este mes en la diversas tereas asignadas para cada caso con el fin de dar respuesta a los objetivos planteados en la propuesta inicial.<\/p>\n<p><a href=\"http:\/\/www.unioviedo.es\/grupoetic\/wp-content\/uploads\/2023\/06\/WhatsApp-Image-2023-06-07-at-12.57.16.jpeg\"><img loading=\"lazy\" decoding=\"async\" class=\"alignnone size-medium wp-image-1001\" src=\"http:\/\/www.unioviedo.es\/grupoetic\/wp-content\/uploads\/2023\/06\/WhatsApp-Image-2023-06-07-at-12.57.16-300x169.jpeg\" alt=\"\" width=\"300\" height=\"169\" srcset=\"https:\/\/www.unioviedo.es\/grupoetic\/wp-content\/uploads\/2023\/06\/WhatsApp-Image-2023-06-07-at-12.57.16-300x169.jpeg 300w, https:\/\/www.unioviedo.es\/grupoetic\/wp-content\/uploads\/2023\/06\/WhatsApp-Image-2023-06-07-at-12.57.16-768x432.jpeg 768w, https:\/\/www.unioviedo.es\/grupoetic\/wp-content\/uploads\/2023\/06\/WhatsApp-Image-2023-06-07-at-12.57.16-1024x576.jpeg 1024w, https:\/\/www.unioviedo.es\/grupoetic\/wp-content\/uploads\/2023\/06\/WhatsApp-Image-2023-06-07-at-12.57.16.jpeg 2016w\" sizes=\"(max-width: 300px) 100vw, 300px\" \/><\/a> <a href=\"http:\/\/www.unioviedo.es\/grupoetic\/wp-content\/uploads\/2023\/06\/WhatsApp-Image-2023-06-07-at-12.57.21.jpeg\"><img loading=\"lazy\" decoding=\"async\" class=\"alignnone size-medium wp-image-1002\" src=\"http:\/\/www.unioviedo.es\/grupoetic\/wp-content\/uploads\/2023\/06\/WhatsApp-Image-2023-06-07-at-12.57.21-300x169.jpeg\" alt=\"\" width=\"300\" height=\"169\" srcset=\"https:\/\/www.unioviedo.es\/grupoetic\/wp-content\/uploads\/2023\/06\/WhatsApp-Image-2023-06-07-at-12.57.21-300x169.jpeg 300w, https:\/\/www.unioviedo.es\/grupoetic\/wp-content\/uploads\/2023\/06\/WhatsApp-Image-2023-06-07-at-12.57.21-768x432.jpeg 768w, https:\/\/www.unioviedo.es\/grupoetic\/wp-content\/uploads\/2023\/06\/WhatsApp-Image-2023-06-07-at-12.57.21-1024x576.jpeg 1024w, https:\/\/www.unioviedo.es\/grupoetic\/wp-content\/uploads\/2023\/06\/WhatsApp-Image-2023-06-07-at-12.57.21.jpeg 2016w\" sizes=\"(max-width: 300px) 100vw, 300px\" \/><\/a> <a href=\"http:\/\/www.unioviedo.es\/grupoetic\/wp-content\/uploads\/2023\/06\/WhatsApp-Image-2023-06-07-at-12.58.03.jpeg\"><img loading=\"lazy\" decoding=\"async\" class=\"alignnone size-medium wp-image-1003\" src=\"http:\/\/www.unioviedo.es\/grupoetic\/wp-content\/uploads\/2023\/06\/WhatsApp-Image-2023-06-07-at-12.58.03-300x169.jpeg\" alt=\"\" width=\"300\" height=\"169\" srcset=\"https:\/\/www.unioviedo.es\/grupoetic\/wp-content\/uploads\/2023\/06\/WhatsApp-Image-2023-06-07-at-12.58.03-300x169.jpeg 300w, https:\/\/www.unioviedo.es\/grupoetic\/wp-content\/uploads\/2023\/06\/WhatsApp-Image-2023-06-07-at-12.58.03-768x432.jpeg 768w, https:\/\/www.unioviedo.es\/grupoetic\/wp-content\/uploads\/2023\/06\/WhatsApp-Image-2023-06-07-at-12.58.03-1024x576.jpeg 1024w, https:\/\/www.unioviedo.es\/grupoetic\/wp-content\/uploads\/2023\/06\/WhatsApp-Image-2023-06-07-at-12.58.03.jpeg 2016w\" sizes=\"(max-width: 300px) 100vw, 300px\" \/><\/a> <a href=\"http:\/\/www.unioviedo.es\/grupoetic\/wp-content\/uploads\/2023\/06\/WhatsApp-Image-2023-06-07-at-12.58.04.jpeg\"><img loading=\"lazy\" decoding=\"async\" class=\"alignnone size-medium wp-image-1004\" src=\"http:\/\/www.unioviedo.es\/grupoetic\/wp-content\/uploads\/2023\/06\/WhatsApp-Image-2023-06-07-at-12.58.04-300x169.jpeg\" alt=\"\" width=\"300\" height=\"169\" srcset=\"https:\/\/www.unioviedo.es\/grupoetic\/wp-content\/uploads\/2023\/06\/WhatsApp-Image-2023-06-07-at-12.58.04-300x169.jpeg 300w, https:\/\/www.unioviedo.es\/grupoetic\/wp-content\/uploads\/2023\/06\/WhatsApp-Image-2023-06-07-at-12.58.04-768x432.jpeg 768w, https:\/\/www.unioviedo.es\/grupoetic\/wp-content\/uploads\/2023\/06\/WhatsApp-Image-2023-06-07-at-12.58.04-1024x576.jpeg 1024w, https:\/\/www.unioviedo.es\/grupoetic\/wp-content\/uploads\/2023\/06\/WhatsApp-Image-2023-06-07-at-12.58.04.jpeg 2016w\" sizes=\"(max-width: 300px) 100vw, 300px\" \/><\/a><\/p>\n<p>&nbsp;<\/p>\n","protected":false},"excerpt":{"rendered":"<p>El pasado 23 de mayo, el grupo de Investigaci\u00f3n IETIC-EVEA, dirigido por la profesora Aquilina Fueyo Guti\u00e9rrez, se reuni\u00f3 con el objetivo de hacer balance de cada uno de los casos que se est\u00e1n desarrollando como parte del proyecto I+D+I La construcci\u00f3n de la ciudadan\u00eda global con personas j\u00f3venes: investigando pr\u00e1cticas transformadoras con metodolog\u00edas participativas e inclusivas. En este sentido, los casos seleccionados y sobre los que se est\u00e1 trabajando se corresponden con centros educativos del Principado de Asturias, as\u00ed como con entidades del tercer sector que lideran proyectos de participaci\u00f3n juvenil en la regi\u00f3n: IES Rosario Acu\u00f1a IES Rey Pelayo Asociaci\u00f3n Los Glayus Mar de Niebla- Fundaci\u00f3n por la Acci\u00f3n Social Se espera continuar avanzando a lo largo de este mes en la diversas tereas asignadas para cada caso con el fin de dar respuesta a los objetivos planteados en la propuesta inicial. &nbsp;<\/p>\n","protected":false},"author":5,"featured_media":1004,"comment_status":"open","ping_status":"open","sticky":false,"template":"","format":"standard","meta":{"footnotes":""},"categories":[28,29],"tags":[],"_links":{"self":[{"href":"https:\/\/www.unioviedo.es\/grupoetic\/wp-json\/wp\/v2\/posts\/1000"}],"collection":[{"href":"https:\/\/www.unioviedo.es\/grupoetic\/wp-json\/wp\/v2\/posts"}],"about":[{"href":"https:\/\/www.unioviedo.es\/grupoetic\/wp-json\/wp\/v2\/types\/post"}],"author":[{"embeddable":true,"href":"https:\/\/www.unioviedo.es\/grupoetic\/wp-json\/wp\/v2\/users\/5"}],"replies":[{"embeddable":true,"href":"https:\/\/www.unioviedo.es\/grupoetic\/wp-json\/wp\/v2\/comments?post=1000"}],"version-history":[{"count":1,"href":"https:\/\/www.unioviedo.es\/grupoetic\/wp-json\/wp\/v2\/posts\/1000\/revisions"}],"predecessor-version":[{"id":1005,"href":"https:\/\/www.unioviedo.es\/grupoetic\/wp-json\/wp\/v2\/posts\/1000\/revisions\/1005"}],"wp:featuredmedia":[{"embeddable":true,"href":"https:\/\/www.unioviedo.es\/grupoetic\/wp-json\/wp\/v2\/media\/1004"}],"wp:attachment":[{"href":"https:\/\/www.unioviedo.es\/grupoetic\/wp-json\/wp\/v2\/media?parent=1000"}],"wp:term":[{"taxonomy":"category","embeddable":true,"href":"https:\/\/www.unioviedo.es\/grupoetic\/wp-json\/wp\/v2\/categories?post=1000"},{"taxonomy":"post_tag","embeddable":true,"href":"https:\/\/www.unioviedo.es\/grupoetic\/wp-json\/wp\/v2\/tags?post=1000"}],"curies":[{"name":"wp","href":"https:\/\/api.w.org\/{rel}","templated":true}]}}