{"id":1008,"date":"2023-07-03T15:32:24","date_gmt":"2023-07-03T15:32:24","guid":{"rendered":"http:\/\/www.unioviedo.es\/grupoetic\/?p=1008"},"modified":"2023-07-03T15:35:09","modified_gmt":"2023-07-03T15:35:09","slug":"ciudadania-global-y-transformacion-social-retos-actuales-en-educacion","status":"publish","type":"post","link":"https:\/\/www.unioviedo.es\/grupoetic\/ciudadania-global-y-transformacion-social-retos-actuales-en-educacion\/","title":{"rendered":"Ciudadan\u00eda global y transformaci\u00f3n social. Retos actuales en educaci\u00f3n. Curso de Verano de la Universidad de Cantabria"},"content":{"rendered":"<p>Participamos en\u00a0 un espacio de di\u00e1logo con\u00a0 profesionales de toda la pen\u00ednsula ib\u00e9rica, de aquellos grupos de investigaci\u00f3n que llevan m\u00e1s tiempo trabajando en ciudadan\u00eda global, como la Universidad de La Coru\u00f1a, Zaragoza, Oporto, Oviedo y la Universidad de Cantabria.<\/p>\n<p>Para dar una visi\u00f3n de c\u00f3mo se abordan estos retos en los pa\u00edses en desarrollo, el curso contar\u00e1 con la participaci\u00f3n de\u00a0<strong>Lady Riasco<\/strong>, l\u00edder de procesos sociales de la comunidad negra La Nupa del Rio\u00a0 Caunapi de Colombia. Ella aportar\u00e1 su experiencia en procesos comunitarios de lucha por el sostenimiento ambiental, territorial y de reconocimiento de estas comunidades.<\/p>\n<p><a href=\"http:\/\/www.unioviedo.es\/grupoetic\/wp-content\/uploads\/2023\/07\/20230703_121445.jpg\"><img loading=\"lazy\" decoding=\"async\" class=\"aligncenter size-thumbnail wp-image-1010\" src=\"http:\/\/www.unioviedo.es\/grupoetic\/wp-content\/uploads\/2023\/07\/20230703_121445-290x290.jpg\" alt=\"\" width=\"290\" height=\"290\" srcset=\"https:\/\/www.unioviedo.es\/grupoetic\/wp-content\/uploads\/2023\/07\/20230703_121445-290x290.jpg 290w, https:\/\/www.unioviedo.es\/grupoetic\/wp-content\/uploads\/2023\/07\/20230703_121445-50x50.jpg 50w\" sizes=\"(max-width: 290px) 100vw, 290px\" \/><\/a> <a href=\"http:\/\/www.unioviedo.es\/grupoetic\/wp-content\/uploads\/2023\/07\/20230703_121504.jpg\"><img loading=\"lazy\" decoding=\"async\" class=\"aligncenter size-thumbnail wp-image-1011\" src=\"http:\/\/www.unioviedo.es\/grupoetic\/wp-content\/uploads\/2023\/07\/20230703_121504-290x290.jpg\" alt=\"\" width=\"290\" height=\"290\" srcset=\"https:\/\/www.unioviedo.es\/grupoetic\/wp-content\/uploads\/2023\/07\/20230703_121504-290x290.jpg 290w, https:\/\/www.unioviedo.es\/grupoetic\/wp-content\/uploads\/2023\/07\/20230703_121504-50x50.jpg 50w\" sizes=\"(max-width: 290px) 100vw, 290px\" \/><\/a> <a href=\"http:\/\/www.unioviedo.es\/grupoetic\/wp-content\/uploads\/2023\/07\/20230703_121507.jpg\"><img loading=\"lazy\" decoding=\"async\" class=\"aligncenter size-thumbnail wp-image-1012\" src=\"http:\/\/www.unioviedo.es\/grupoetic\/wp-content\/uploads\/2023\/07\/20230703_121507-290x290.jpg\" alt=\"\" width=\"290\" height=\"290\" srcset=\"https:\/\/www.unioviedo.es\/grupoetic\/wp-content\/uploads\/2023\/07\/20230703_121507-290x290.jpg 290w, https:\/\/www.unioviedo.es\/grupoetic\/wp-content\/uploads\/2023\/07\/20230703_121507-50x50.jpg 50w\" sizes=\"(max-width: 290px) 100vw, 290px\" \/><\/a><\/p>\n","protected":false},"excerpt":{"rendered":"<p>Participamos en\u00a0 un espacio de di\u00e1logo con\u00a0 profesionales de toda la pen\u00ednsula ib\u00e9rica, de aquellos grupos de investigaci\u00f3n que llevan m\u00e1s tiempo trabajando en ciudadan\u00eda global, como la Universidad de La Coru\u00f1a, Zaragoza, Oporto, Oviedo y la Universidad de Cantabria. Para dar una visi\u00f3n de c\u00f3mo se abordan estos retos en los pa\u00edses en desarrollo, el curso contar\u00e1 con la participaci\u00f3n de\u00a0Lady Riasco, l\u00edder de procesos sociales de la comunidad negra La Nupa del Rio\u00a0 Caunapi de Colombia. Ella aportar\u00e1 su experiencia en procesos comunitarios de lucha por el sostenimiento ambiental, territorial y de reconocimiento de estas comunidades.<\/p>\n","protected":false},"author":1,"featured_media":1009,"comment_status":"open","ping_status":"open","sticky":false,"template":"","format":"standard","meta":{"footnotes":""},"categories":[3],"tags":[],"_links":{"self":[{"href":"https:\/\/www.unioviedo.es\/grupoetic\/wp-json\/wp\/v2\/posts\/1008"}],"collection":[{"href":"https:\/\/www.unioviedo.es\/grupoetic\/wp-json\/wp\/v2\/posts"}],"about":[{"href":"https:\/\/www.unioviedo.es\/grupoetic\/wp-json\/wp\/v2\/types\/post"}],"author":[{"embeddable":true,"href":"https:\/\/www.unioviedo.es\/grupoetic\/wp-json\/wp\/v2\/users\/1"}],"replies":[{"embeddable":true,"href":"https:\/\/www.unioviedo.es\/grupoetic\/wp-json\/wp\/v2\/comments?post=1008"}],"version-history":[{"count":3,"href":"https:\/\/www.unioviedo.es\/grupoetic\/wp-json\/wp\/v2\/posts\/1008\/revisions"}],"predecessor-version":[{"id":1017,"href":"https:\/\/www.unioviedo.es\/grupoetic\/wp-json\/wp\/v2\/posts\/1008\/revisions\/1017"}],"wp:featuredmedia":[{"embeddable":true,"href":"https:\/\/www.unioviedo.es\/grupoetic\/wp-json\/wp\/v2\/media\/1009"}],"wp:attachment":[{"href":"https:\/\/www.unioviedo.es\/grupoetic\/wp-json\/wp\/v2\/media?parent=1008"}],"wp:term":[{"taxonomy":"category","embeddable":true,"href":"https:\/\/www.unioviedo.es\/grupoetic\/wp-json\/wp\/v2\/categories?post=1008"},{"taxonomy":"post_tag","embeddable":true,"href":"https:\/\/www.unioviedo.es\/grupoetic\/wp-json\/wp\/v2\/tags?post=1008"}],"curies":[{"name":"wp","href":"https:\/\/api.w.org\/{rel}","templated":true}]}}