{"id":1025,"date":"2023-09-29T12:24:59","date_gmt":"2023-09-29T12:24:59","guid":{"rendered":"http:\/\/www.unioviedo.es\/grupoetic\/?p=1025"},"modified":"2024-01-03T22:39:01","modified_gmt":"2024-01-03T22:39:01","slug":"jornada-tecnica-sobre-el-talento-digital-div","status":"publish","type":"post","link":"https:\/\/www.unioviedo.es\/grupoetic\/jornada-tecnica-sobre-el-talento-digital-div\/","title":{"rendered":"Jornada t\u00e9cnica sobre el talento digital diverso"},"content":{"rendered":"<p>El Equipo IETIC-EVEA, representado por su coordinadora Aquilina Fueyo y la investigadora Cristina Vald\u00e9s, ha participado en la \u00a0jornada \u00abDescubriendo el talento digital oculto\u00bb llevada a cabo en el Centro Municipal Integrado El Coto de Gij\u00f3n. En esta jornada se presentaron los resultados de un proyecto sobre talento digital y reducci\u00f3n de brecha digital. En este proyecto liderado por Factor\u00eda F5 Asturias\u00a0 y financiado con los fondos del Plan de Recuperaci\u00f3n Transformaci\u00f3n y Resilencia de la Uni\u00f3n Europea\u00a0 \u00a0y cont\u00f3 \u00a0con la \u00a0participaci\u00f3n de nuestro grupo junto con \u00a0otras entidades como\u00a0 la Agencia de Empleo del Ayuntamiento de Gij\u00f3n, Mar de Niebla y. la Consejer\u00eda de Bienestar y Derechos Sociales. Durante la jornada estuvimos presentes en la mesa de inauguraci\u00f3n y \u00a0realizamos una presentaci\u00f3n sobre \u201cHerramientas para la detecci\u00f3n del talento digital. La herramienta TAGDIO\u201d \u00a0a cargo de Cristina Valdes y una mesa redonda sobre \u201cInnovaci\u00f3n pedag\u00f3gica para la reducci\u00f3n de la brecha digital\u201d en la que particip\u00f3 Aquilina Fueyo.<\/p>\n<p>El proyecto tiene como producto final la \u00a0herramienta TADGIO. Esta herramienta es el resultado del proceso de investigaci\u00f3n en el que hemos participado y\u00a0 esta orientada a \u00a0evaluar habilidades y aptitudes en el mundo digital. Tanto para personas que est\u00e9n considerando realiza \u00a0una carrera en tecnolog\u00eda, o que quieran conocer sus \u00a0puntos fuertes digitales. .Para ampliar informaci\u00f3n sobre el proyectos y la herramienta recomendamos consultar la <a href=\"https:\/\/www.talento-digital.org\/index.html\">p\u00e1gina web del proyecto<\/a> donde se puede descargar la gu\u00eda resultado de la investigaci\u00f3n.<\/p>\n<p><a href=\"http:\/\/www.unioviedo.es\/grupoetic\/wp-content\/uploads\/2023\/09\/Imagen-1.jpg\"><img loading=\"lazy\" decoding=\"async\" class=\"aligncenter size-thumbnail wp-image-1028\" src=\"http:\/\/www.unioviedo.es\/grupoetic\/wp-content\/uploads\/2023\/09\/Imagen-1-290x290.jpg\" alt=\"\" width=\"290\" height=\"290\" srcset=\"https:\/\/www.unioviedo.es\/grupoetic\/wp-content\/uploads\/2023\/09\/Imagen-1-290x290.jpg 290w, https:\/\/www.unioviedo.es\/grupoetic\/wp-content\/uploads\/2023\/09\/Imagen-1-50x50.jpg 50w\" sizes=\"(max-width: 290px) 100vw, 290px\" \/><\/a> <a href=\"http:\/\/www.unioviedo.es\/grupoetic\/wp-content\/uploads\/2023\/09\/Captura-de-pantalla-2023-09-29-a-las-14.22.48.png\"><img loading=\"lazy\" decoding=\"async\" class=\"aligncenter size-thumbnail wp-image-1029\" src=\"http:\/\/www.unioviedo.es\/grupoetic\/wp-content\/uploads\/2023\/09\/Captura-de-pantalla-2023-09-29-a-las-14.22.48-290x290.png\" alt=\"\" width=\"290\" height=\"290\" srcset=\"https:\/\/www.unioviedo.es\/grupoetic\/wp-content\/uploads\/2023\/09\/Captura-de-pantalla-2023-09-29-a-las-14.22.48-290x290.png 290w, https:\/\/www.unioviedo.es\/grupoetic\/wp-content\/uploads\/2023\/09\/Captura-de-pantalla-2023-09-29-a-las-14.22.48-50x50.png 50w\" sizes=\"(max-width: 290px) 100vw, 290px\" \/><\/a> <a href=\"http:\/\/www.unioviedo.es\/grupoetic\/wp-content\/uploads\/2023\/09\/Imagen-2.jpg\"><img loading=\"lazy\" decoding=\"async\" class=\"aligncenter size-thumbnail wp-image-1027\" src=\"http:\/\/www.unioviedo.es\/grupoetic\/wp-content\/uploads\/2023\/09\/Imagen-2-290x290.jpg\" alt=\"\" width=\"290\" height=\"290\" srcset=\"https:\/\/www.unioviedo.es\/grupoetic\/wp-content\/uploads\/2023\/09\/Imagen-2-290x290.jpg 290w, https:\/\/www.unioviedo.es\/grupoetic\/wp-content\/uploads\/2023\/09\/Imagen-2-50x50.jpg 50w\" sizes=\"(max-width: 290px) 100vw, 290px\" \/><\/a><a href=\"http:\/\/www.unioviedo.es\/grupoetic\/wp-content\/uploads\/2023\/09\/Imagen-2.jpg\"><img loading=\"lazy\" decoding=\"async\" class=\"aligncenter size-thumbnail wp-image-1027\" src=\"http:\/\/www.unioviedo.es\/grupoetic\/wp-content\/uploads\/2023\/09\/Imagen-2-290x290.jpg\" alt=\"\" width=\"290\" height=\"290\" srcset=\"https:\/\/www.unioviedo.es\/grupoetic\/wp-content\/uploads\/2023\/09\/Imagen-2-290x290.jpg 290w, https:\/\/www.unioviedo.es\/grupoetic\/wp-content\/uploads\/2023\/09\/Imagen-2-50x50.jpg 50w\" sizes=\"(max-width: 290px) 100vw, 290px\" \/><\/a><\/p>\n","protected":false},"excerpt":{"rendered":"<p>El Equipo IETIC-EVEA, representado por su coordinadora Aquilina Fueyo y la investigadora Cristina Vald\u00e9s, ha participado en la \u00a0jornada \u00abDescubriendo el talento digital oculto\u00bb llevada a cabo en el Centro Municipal Integrado El Coto de Gij\u00f3n. En esta jornada se presentaron los resultados de un proyecto sobre talento digital y reducci\u00f3n de brecha digital. En este proyecto liderado por Factor\u00eda F5 Asturias\u00a0 y financiado con los fondos del Plan de Recuperaci\u00f3n Transformaci\u00f3n y Resilencia de la Uni\u00f3n Europea\u00a0 \u00a0y cont\u00f3 \u00a0con la \u00a0participaci\u00f3n de nuestro grupo junto con \u00a0otras entidades como\u00a0 la Agencia de Empleo del Ayuntamiento de Gij\u00f3n, Mar de Niebla y. la Consejer\u00eda de Bienestar y Derechos Sociales. Durante la jornada estuvimos presentes en la mesa de inauguraci\u00f3n y \u00a0realizamos una presentaci\u00f3n sobre \u201cHerramientas para la detecci\u00f3n del talento digital. La herramienta TAGDIO\u201d \u00a0a cargo de Cristina Valdes y una mesa redonda sobre \u201cInnovaci\u00f3n pedag\u00f3gica para la reducci\u00f3n de la brecha digital\u201d en la que particip\u00f3 Aquilina Fueyo. El proyecto tiene como producto final la \u00a0herramienta TADGIO. Esta herramienta es el resultado del proceso de investigaci\u00f3n en el que hemos participado y\u00a0 esta orientada a \u00a0evaluar habilidades y aptitudes en el mundo digital. Tanto para personas que est\u00e9n [&hellip;]<\/p>\n","protected":false},"author":1,"featured_media":1026,"comment_status":"open","ping_status":"open","sticky":false,"template":"","format":"standard","meta":{"footnotes":""},"categories":[3],"tags":[],"_links":{"self":[{"href":"https:\/\/www.unioviedo.es\/grupoetic\/wp-json\/wp\/v2\/posts\/1025"}],"collection":[{"href":"https:\/\/www.unioviedo.es\/grupoetic\/wp-json\/wp\/v2\/posts"}],"about":[{"href":"https:\/\/www.unioviedo.es\/grupoetic\/wp-json\/wp\/v2\/types\/post"}],"author":[{"embeddable":true,"href":"https:\/\/www.unioviedo.es\/grupoetic\/wp-json\/wp\/v2\/users\/1"}],"replies":[{"embeddable":true,"href":"https:\/\/www.unioviedo.es\/grupoetic\/wp-json\/wp\/v2\/comments?post=1025"}],"version-history":[{"count":3,"href":"https:\/\/www.unioviedo.es\/grupoetic\/wp-json\/wp\/v2\/posts\/1025\/revisions"}],"predecessor-version":[{"id":1069,"href":"https:\/\/www.unioviedo.es\/grupoetic\/wp-json\/wp\/v2\/posts\/1025\/revisions\/1069"}],"wp:featuredmedia":[{"embeddable":true,"href":"https:\/\/www.unioviedo.es\/grupoetic\/wp-json\/wp\/v2\/media\/1026"}],"wp:attachment":[{"href":"https:\/\/www.unioviedo.es\/grupoetic\/wp-json\/wp\/v2\/media?parent=1025"}],"wp:term":[{"taxonomy":"category","embeddable":true,"href":"https:\/\/www.unioviedo.es\/grupoetic\/wp-json\/wp\/v2\/categories?post=1025"},{"taxonomy":"post_tag","embeddable":true,"href":"https:\/\/www.unioviedo.es\/grupoetic\/wp-json\/wp\/v2\/tags?post=1025"}],"curies":[{"name":"wp","href":"https:\/\/api.w.org\/{rel}","templated":true}]}}